{"id":12738,"date":"2020-11-07T16:36:43","date_gmt":"2020-11-07T16:36:43","guid":{"rendered":"http:\/\/fmriachuelo.com.ar\/?p=12738"},"modified":"2025-02-19T11:56:18","modified_gmt":"2025-02-19T14:56:18","slug":"la-voz-de-los-ancestros-como-legado-de-vida","status":"publish","type":"post","link":"http:\/\/fmriachuelo.it10.com.ar\/index.php\/2020\/11\/07\/la-voz-de-los-ancestros-como-legado-de-vida\/","title":{"rendered":"LA VOZ DE LOS ANCESTROS COMO LEGADO DE VIDA"},"content":{"rendered":"<p><strong>[OPINOA \u2013 UNDAV \u2013 FM Riachuelo*, 11\/10\/2020]\u00a0Alicia Caucota naci\u00f3 en la comunidad aborigen Laguna del Tesorero que pertenece al Pueblo Naci\u00f3n Ocloya ubicado a 2000 metros sobre el nivel en la provincia de Jujuy. Desde muy peque\u00f1a acompa\u00f1aba a su abuela en las cosechas de ma\u00edz durante los veranos, juntas recorr\u00edan kil\u00f3metros entre cerros, r\u00edos y la vegetaci\u00f3n del lugar. Cada noche disfrutaba de los cuentos y relatos que su abuela Valentina ten\u00eda guardados como un gran tesoro.<\/strong><\/p>\n<p><img loading=\"lazy\" decoding=\"async\" class=\"alignright size-full wp-image-12741\" src=\"http:\/\/fmriachuelo.com.ar\/wp-content\/uploads\/2020\/11\/ocloyas.jpg\" alt=\"\" width=\"275\" height=\"183\" \/><\/p>\n<p><span style=\"font-weight: 400\">Debajo de las estrellas, sentadas alrededor de un fog\u00f3n y mientras com\u00edan choclo con queso, Alicia se transportaba con su imaginaci\u00f3n hacia cada rinc\u00f3n que escuchaba de la voz de su abuela. As\u00ed, poco a poco comenz\u00f3 a descubrir sus ra\u00edces, y empez\u00f3 a entender de lo que estaba hecha, la historia de sus antepasados que tambi\u00e9n era la suya.<\/span><\/p>\n<p><span style=\"font-weight: 400\">El tiempo fue pasando y Alicia se fue interesando cada vez m\u00e1s por transmitir aquellos conocimientos que hab\u00eda adquirido desde ni\u00f1a. Decidi\u00f3 estudiar docencia, y se convirti\u00f3 en maestra de grado. Hoy trabaja desde la educaci\u00f3n y la responsabilidad moral para que cada ni\u00f1a y ni\u00f1o se sientan fortalecidos respecto de su identidad, de sus ra\u00edces ind\u00edgenas, y para que puedan reconocer las acciones que fueron gestando los abuelos y abuelas a lo largo de la vida.\u00a0<\/span><\/p>\n<p><img loading=\"lazy\" decoding=\"async\" class=\"size-medium wp-image-12739 alignleft\" src=\"http:\/\/fmriachuelo.com.ar\/wp-content\/uploads\/2020\/11\/unnamed-1-300x225.jpg\" alt=\"\" width=\"300\" height=\"225\" \/><\/p>\n<p><span style=\"font-weight: 400\">A trav\u00e9s del di\u00e1logo y la escritura, Alicia junto a hermanos y hermanas visibilizan la cosmovisi\u00f3n de sus ancestros. Estimulan el respeto y el cuidado de la por la Madre Tierra, y el trabajo en comunidad. La importancia de acompa\u00f1ar desde la ni\u00f1ez el sembrado de semillas, la valorizaci\u00f3n del cuidado de las plantas medicinales y los animales. Revitalizar la cultura, y hacerlo desde lo simple, desde lo cotidiano, es decir de la misma manera que ella lo adquiri\u00f3; desde la charla y la escucha con los abuelos, abuelas, madres y padres.\u00a0<\/span><\/p>\n<p style=\"text-align: left\"><span style=\"font-weight: 400\">Para que de esta manera las ni\u00f1as y ni\u00f1os puedan reconocer en estas conversaciones el legado de vida que es la verdadera herencia, la que renace en la voz de los hermanas y hermanos mayores, y que deja aprendizajes que no se encuentran en las aulas de una escuela, sino que se transmiten en los v\u00ednculos familiares, a cielo abierto, alrededor de un f<\/span><span style=\"font-weight: 400\">og\u00f3n.<\/span><\/p>\n<p>&nbsp;<\/p>\n<p>Segmento semanal\u00a0\u00ab+V+TU RAMIKO YANDERETA \/ ANCHA LLAJTAKUNAP WAYRA \/ AIRE PLURINACIONAL\u00bb<\/p>\n<p><a href=\"https:\/\/ar.radiocut.fm\/audiocut\/buscamos-se-siga-construyendo-identidad-indigena\/\">https:\/\/ar.radiocut.fm\/audiocut\/buscamos-se-siga-construyendo-identidad-indigena\/<\/a><\/p>\n<p>&nbsp;<\/p>\n<h5><strong><em>* Esta nota forma parte de una serie de cr\u00f3nicas producto de la articulaci\u00f3n entre OPINOA (Organizaciones de los Pueblos Ind\u00edgenas del NorOeste Argentino), la UNDAV (Universidad Nacional de Avellaneda) como parte de la RIEDAI (Red Intercultural de Equipos de Acompa\u00f1amiento Ind\u00edgena), y la FM Riachuelo. E<\/em><em>sta producci\u00f3n en unidad busca dar a conocer las realidades que se viven en los territorios ancestrales de primera fuente con las comunidades ind\u00edgenas como protagonistas.<\/em><\/strong><\/h5>\n","protected":false},"excerpt":{"rendered":"<p>[OPINOA \u2013 UNDAV \u2013 FM Riachuelo*, 11\/10\/2020]\u00a0Alicia Caucota naci\u00f3 en la comunidad aborigen Laguna del Tesorero que pertenece al Pueblo Naci\u00f3n Ocloya ubicado a 2000 metros sobre el nivel en la provincia de Jujuy. Desde muy peque\u00f1a acompa\u00f1aba a su abuela en las cosechas de ma\u00edz durante los veranos, juntas recorr\u00edan kil\u00f3metros entre cerros, r\u00edos [&hellip;]<\/p>\n","protected":false},"author":5,"featured_media":12745,"comment_status":"closed","ping_status":"closed","sticky":false,"template":"","format":"standard","meta":{"_monsterinsights_skip_tracking":false,"_monsterinsights_sitenote_active":false,"_monsterinsights_sitenote_note":"","_monsterinsights_sitenote_category":0,"jnews-multi-image_gallery":[],"jnews_single_post":{"format":"standard"},"jnews_primary_category":[],"_joinchat":[],"footnotes":""},"categories":[141,137,58,130],"tags":[],"class_list":["post-12738","post","type-post","status-publish","format-standard","has-post-thumbnail","hentry","category-comunicacion-popular","category-cultura","category-noticiariachuelo","category-patria-grande"],"_links":{"self":[{"href":"http:\/\/fmriachuelo.it10.com.ar\/index.php\/wp-json\/wp\/v2\/posts\/12738","targetHints":{"allow":["GET"]}}],"collection":[{"href":"http:\/\/fmriachuelo.it10.com.ar\/index.php\/wp-json\/wp\/v2\/posts"}],"about":[{"href":"http:\/\/fmriachuelo.it10.com.ar\/index.php\/wp-json\/wp\/v2\/types\/post"}],"author":[{"embeddable":true,"href":"http:\/\/fmriachuelo.it10.com.ar\/index.php\/wp-json\/wp\/v2\/users\/5"}],"replies":[{"embeddable":true,"href":"http:\/\/fmriachuelo.it10.com.ar\/index.php\/wp-json\/wp\/v2\/comments?post=12738"}],"version-history":[{"count":1,"href":"http:\/\/fmriachuelo.it10.com.ar\/index.php\/wp-json\/wp\/v2\/posts\/12738\/revisions"}],"predecessor-version":[{"id":23001,"href":"http:\/\/fmriachuelo.it10.com.ar\/index.php\/wp-json\/wp\/v2\/posts\/12738\/revisions\/23001"}],"wp:featuredmedia":[{"embeddable":true,"href":"http:\/\/fmriachuelo.it10.com.ar\/index.php\/wp-json\/"}],"wp:attachment":[{"href":"http:\/\/fmriachuelo.it10.com.ar\/index.php\/wp-json\/wp\/v2\/media?parent=12738"}],"wp:term":[{"taxonomy":"category","embeddable":true,"href":"http:\/\/fmriachuelo.it10.com.ar\/index.php\/wp-json\/wp\/v2\/categories?post=12738"},{"taxonomy":"post_tag","embeddable":true,"href":"http:\/\/fmriachuelo.it10.com.ar\/index.php\/wp-json\/wp\/v2\/tags?post=12738"}],"curies":[{"name":"wp","href":"https:\/\/api.w.org\/{rel}","templated":true}]}}