{"id":12735,"date":"2020-11-05T20:48:09","date_gmt":"2020-11-05T20:48:09","guid":{"rendered":"http:\/\/fmriachuelo.com.ar\/?p=12735"},"modified":"2025-02-19T11:58:34","modified_gmt":"2025-02-19T14:58:34","slug":"undav-charla-sobre-vivienda-y-habitat","status":"publish","type":"post","link":"http:\/\/fmriachuelo.it10.com.ar\/index.php\/2020\/11\/05\/undav-charla-sobre-vivienda-y-habitat\/","title":{"rendered":"UNDAV: CHARLA SOBRE VIVIENDA Y H\u00c1BITAT"},"content":{"rendered":"<p><strong>[FM Riachuelo, 05\/11\/2020] Ayer, de 18 a 20hs de forma virtual, se realiz\u00f3 la tercera charla de un ciclo organizado por la Secretar\u00eda de Extensi\u00f3n Universitaria y las c\u00e1tedras de Derecho a la Vivienda, de la carrera de Abogac\u00eda, y Trabajo Social Comunitario, de la Universidad Nacional de Avellaneda (UNDAV). Se titul\u00f3 \u201cLa disputa por el h\u00e1bitat: experiencias de la gesti\u00f3n popular\u201d, y estuvieron interviniendo -entre otros participantes- Jaime Sor\u00edn, Decano del Departamento de Arquitectura, Dise\u00f1o y Urbanismo de la UNDAV, y Lito Borello, Secretario de Derechos Humanos de la UTEP.<\/strong><\/p>\n<p>La charla se centr\u00f3 en el acceso al h\u00e1bitat y a la vivienda, deuda hist\u00f3rica con nuestro pueblo que no deja de ganar visibilizaci\u00f3n en el d\u00eda a d\u00eda. As\u00ed, Jaime Sor\u00edn inici\u00f3 por un recorrido alrededor de las experiencias en que la gesti\u00f3n popular supo resolver, en casos puntuales, esta problem\u00e1tica: \u201chay algo que excede, de alg\u00fan modo, la mera ley. Yo creo que el derecho a la vivienda en manos de las organizaciones populares es important\u00edsimo, y tambi\u00e9n que se puedan capacitar\u201d, expres\u00f3.<\/p>\n<p>Lito Borello, por su parte, habl\u00f3 de la necesidad de ver el contexto en el que estamos cuando hablamos de h\u00e1bitat y vivienda: \u201choy estamos en una crisis civilizatoria, global y multidimensional, que incluye el riesgo de la sociedad y del planeta. Hay un paradigma que est\u00e1 roto, que es el capitalismo\u201d. As\u00ed, enfatiz\u00f3 en la necesidad de construir otro sistema: \u201cno es solamente discutir el h\u00e1bitat popular, es discutir otro paradigma de sociedad\u201d.<\/p>\n<p>Pod\u00e9s escuchar la charla completa en el facebook de la UNDAV:<\/p>\n<p><a href=\"https:\/\/www.facebook.com\/UNDAV2011\/videos\/369267004311114\">https:\/\/www.facebook.com\/UNDAV2011\/videos\/369267004311114<\/a><\/p>\n","protected":false},"excerpt":{"rendered":"<p>[FM Riachuelo, 05\/11\/2020] Ayer, de 18 a 20hs de forma virtual, se realiz\u00f3 la tercera charla de un ciclo organizado por la Secretar\u00eda de Extensi\u00f3n Universitaria y las c\u00e1tedras de Derecho a la Vivienda, de la carrera de Abogac\u00eda, y Trabajo Social Comunitario, de la Universidad Nacional de Avellaneda (UNDAV). Se titul\u00f3 \u201cLa disputa por [&hellip;]<\/p>\n","protected":false},"author":5,"featured_media":12736,"comment_status":"closed","ping_status":"closed","sticky":false,"template":"","format":"standard","meta":{"_monsterinsights_skip_tracking":false,"_monsterinsights_sitenote_active":false,"_monsterinsights_sitenote_note":"","_monsterinsights_sitenote_category":0,"jnews-multi-image_gallery":[],"jnews_single_post":{"format":"standard"},"jnews_primary_category":[],"_joinchat":[],"footnotes":""},"categories":[82,1,58],"tags":[],"class_list":["post-12735","post","type-post","status-publish","format-standard","has-post-thumbnail","hentry","category-derechos-humanos","category-habitat","category-noticiariachuelo"],"_links":{"self":[{"href":"http:\/\/fmriachuelo.it10.com.ar\/index.php\/wp-json\/wp\/v2\/posts\/12735","targetHints":{"allow":["GET"]}}],"collection":[{"href":"http:\/\/fmriachuelo.it10.com.ar\/index.php\/wp-json\/wp\/v2\/posts"}],"about":[{"href":"http:\/\/fmriachuelo.it10.com.ar\/index.php\/wp-json\/wp\/v2\/types\/post"}],"author":[{"embeddable":true,"href":"http:\/\/fmriachuelo.it10.com.ar\/index.php\/wp-json\/wp\/v2\/users\/5"}],"replies":[{"embeddable":true,"href":"http:\/\/fmriachuelo.it10.com.ar\/index.php\/wp-json\/wp\/v2\/comments?post=12735"}],"version-history":[{"count":1,"href":"http:\/\/fmriachuelo.it10.com.ar\/index.php\/wp-json\/wp\/v2\/posts\/12735\/revisions"}],"predecessor-version":[{"id":23005,"href":"http:\/\/fmriachuelo.it10.com.ar\/index.php\/wp-json\/wp\/v2\/posts\/12735\/revisions\/23005"}],"wp:featuredmedia":[{"embeddable":true,"href":"http:\/\/fmriachuelo.it10.com.ar\/index.php\/wp-json\/"}],"wp:attachment":[{"href":"http:\/\/fmriachuelo.it10.com.ar\/index.php\/wp-json\/wp\/v2\/media?parent=12735"}],"wp:term":[{"taxonomy":"category","embeddable":true,"href":"http:\/\/fmriachuelo.it10.com.ar\/index.php\/wp-json\/wp\/v2\/categories?post=12735"},{"taxonomy":"post_tag","embeddable":true,"href":"http:\/\/fmriachuelo.it10.com.ar\/index.php\/wp-json\/wp\/v2\/tags?post=12735"}],"curies":[{"name":"wp","href":"https:\/\/api.w.org\/{rel}","templated":true}]}}