{"id":12730,"date":"2020-11-04T03:40:43","date_gmt":"2020-11-04T03:40:43","guid":{"rendered":"http:\/\/fmriachuelo.com.ar\/?p=12730"},"modified":"2025-02-19T12:01:03","modified_gmt":"2025-02-19T15:01:03","slug":"caso-chocobar-declara-la-madre-del-joven-asesinado","status":"publish","type":"post","link":"http:\/\/fmriachuelo.it10.com.ar\/index.php\/2020\/11\/04\/caso-chocobar-declara-la-madre-del-joven-asesinado\/","title":{"rendered":"CASO CHOCOBAR: DECLARA LA MADRE DEL JOVEN ASESINADO"},"content":{"rendered":"<p><strong>[Por Colectivo de Medios Populares (*) 03\/11\/2020]\u00a0Contin\u00faa el juicio contra el polic\u00eda que asesin\u00f3 por la espalda a Juan Pablo Kukoc en diciembre de 2017. Ma\u00f1ana mi\u00e9rcoles 4\/11, le toca declarar a su mam\u00e1, Ivone, quien lo har\u00e1 de modo virtual. Familiares de la Marcha Nacional Contra el Gatillo F\u00e1cil convocan a acompa\u00f1arla desde las 8 hs en Comodoro Py.<\/strong><\/p>\n<p>El mi\u00e9rcoles pasado se llev\u00f3 adelante la tercera audiencia de este juicio en el Tribunal Oral de Menores 2 de Comodoro Py, donde se les tom\u00f3 declaraci\u00f3n indagatoria al menor imputado y al polic\u00eda Chocobar. Recordemos que mediante una decisi\u00f3n cuestionada por organismos de Derechos Humanos y la Marcha Nacional Contra el Gatillo F\u00e1cil, en esta oportunidad se juzga al mismo tiempo tanto al joven que presuntamente particip\u00f3 del robo en el que habr\u00eda estado involucrado Juan Pablo Kukoc, como al polic\u00eda que lo asesin\u00f3. Esto impide que los organismos puedan ingresar al juicio, lo mismo que los medios de comunicaci\u00f3n, con la excusa de preservar la privacidad del menor.<\/p>\n<p>En di\u00e1logo con el Colectivo de Medios Populares, Pablo Rovatti, abogado de Ivone Kukoc en la querella en la que se acusa a Chocobar como autor del homicidio agravado de Juan Pablo, indic\u00f3 que al menor de edad \u00abse le realiz\u00f3 un interrogatorio de identificaci\u00f3n, donde brinda sus datos personales y antecedentes de su vida, pero decidi\u00f3 no dar una declaraci\u00f3n sobre los hechos que se le imputan\u00bb. A su vez, y aunque no estaba previsto que sucediera, \u00abla defensa de Chocobar pidi\u00f3 que por lo menos le hicieran el interrogatorio de identificaci\u00f3n, de manera que declar\u00f3 sobre estos aspectos nada m\u00e1s, aspectos profesionales, de su vida y de su formaci\u00f3n\u00bb.<\/p>\n<p>Es importante destacar que cuando la querella en representaci\u00f3n de los intereses de la madre de la v\u00edctima \u00abquiso profundizar un poco el interrogatorio sobre su formaci\u00f3n como polic\u00eda, su formaci\u00f3n y entrenamiento en el uso de armas, el conocimiento de la ley que rige la actividad policial, r\u00e1pidamente su defensa a cargo de los doctores Fernando Soto y Luis Cevasco, se opuso a que contestara esta l\u00ednea de interrogatorio alegando una estrategia procesal\u00bb. De esta manera, al oponerse la defensa, cuando fue consultado por el presidente del tribunal \u00abChocobar dijo que no iba a contestar preguntas sobre esto ni sobre ninguna cuesti\u00f3n que tuviera que ver con los hechos, y as\u00ed termin\u00f3 su declaraci\u00f3n\u00bb.<\/p>\n<p>\u00abLo \u00fanico que se\u00f1al\u00f3 fue muy gen\u00e9ricamente que cre\u00eda que hab\u00eda cumplido con su deber y con las leyes de la polic\u00eda, cuando las partes le quisimos preguntar y ahondar en esto se neg\u00f3 a contestar pregunta\u00bb, agreg\u00f3 Rovatti.<\/p>\n<p>En la pr\u00f3xima audiencia, que ser\u00e1 ma\u00f1ana desde las 9hs en Comodoro Py 2002, le tocar\u00e1 el turno de testimoniar a la madre de Juan Pablo, Ivone Kukoc, quien no podr\u00e1 presentarse personalmente pues qued\u00f3 varada en su provincia al desatarse la pandemia. Lo har\u00e1 por lo tanto de modo virtual, y les familiares de la Marcha Nacional Contra el Gatillo F\u00e1cil convocan a acompa\u00f1arla desde las 8hs en las puertas del tribunal.<\/p>\n<p>(*) La Retaguardia, Radio Gr\u00e1fica, Radio Presente, FM Riachuelo, Revoluciones, Agencia Paco Urondo, Sur Capitalino.<\/p>\n","protected":false},"excerpt":{"rendered":"<p>[Por Colectivo de Medios Populares (*) 03\/11\/2020]\u00a0Contin\u00faa el juicio contra el polic\u00eda que asesin\u00f3 por la espalda a Juan Pablo Kukoc en diciembre de 2017. Ma\u00f1ana mi\u00e9rcoles 4\/11, le toca declarar a su mam\u00e1, Ivone, quien lo har\u00e1 de modo virtual. Familiares de la Marcha Nacional Contra el Gatillo F\u00e1cil convocan a acompa\u00f1arla desde las [&hellip;]<\/p>\n","protected":false},"author":5,"featured_media":12731,"comment_status":"closed","ping_status":"closed","sticky":false,"template":"","format":"standard","meta":{"_monsterinsights_skip_tracking":false,"_monsterinsights_sitenote_active":false,"_monsterinsights_sitenote_note":"","_monsterinsights_sitenote_category":0,"jnews-multi-image_gallery":[],"jnews_single_post":{"format":"standard"},"jnews_primary_category":[],"_joinchat":[],"footnotes":""},"categories":[143,82,58,144],"tags":[],"class_list":["post-12730","post","type-post","status-publish","format-standard","has-post-thumbnail","hentry","category-colectivo-de-medios-populares","category-derechos-humanos","category-noticiariachuelo","category-violencia-institucional"],"_links":{"self":[{"href":"http:\/\/fmriachuelo.it10.com.ar\/index.php\/wp-json\/wp\/v2\/posts\/12730","targetHints":{"allow":["GET"]}}],"collection":[{"href":"http:\/\/fmriachuelo.it10.com.ar\/index.php\/wp-json\/wp\/v2\/posts"}],"about":[{"href":"http:\/\/fmriachuelo.it10.com.ar\/index.php\/wp-json\/wp\/v2\/types\/post"}],"author":[{"embeddable":true,"href":"http:\/\/fmriachuelo.it10.com.ar\/index.php\/wp-json\/wp\/v2\/users\/5"}],"replies":[{"embeddable":true,"href":"http:\/\/fmriachuelo.it10.com.ar\/index.php\/wp-json\/wp\/v2\/comments?post=12730"}],"version-history":[{"count":1,"href":"http:\/\/fmriachuelo.it10.com.ar\/index.php\/wp-json\/wp\/v2\/posts\/12730\/revisions"}],"predecessor-version":[{"id":23006,"href":"http:\/\/fmriachuelo.it10.com.ar\/index.php\/wp-json\/wp\/v2\/posts\/12730\/revisions\/23006"}],"wp:featuredmedia":[{"embeddable":true,"href":"http:\/\/fmriachuelo.it10.com.ar\/index.php\/wp-json\/"}],"wp:attachment":[{"href":"http:\/\/fmriachuelo.it10.com.ar\/index.php\/wp-json\/wp\/v2\/media?parent=12730"}],"wp:term":[{"taxonomy":"category","embeddable":true,"href":"http:\/\/fmriachuelo.it10.com.ar\/index.php\/wp-json\/wp\/v2\/categories?post=12730"},{"taxonomy":"post_tag","embeddable":true,"href":"http:\/\/fmriachuelo.it10.com.ar\/index.php\/wp-json\/wp\/v2\/tags?post=12730"}],"curies":[{"name":"wp","href":"https:\/\/api.w.org\/{rel}","templated":true}]}}