{"id":12710,"date":"2020-10-29T21:52:03","date_gmt":"2020-10-29T21:52:03","guid":{"rendered":"http:\/\/fmriachuelo.com.ar\/?p=12710"},"modified":"2025-02-19T14:04:40","modified_gmt":"2025-02-19T17:04:40","slug":"era-asi","status":"publish","type":"post","link":"http:\/\/fmriachuelo.it10.com.ar\/index.php\/2020\/10\/29\/era-asi\/","title":{"rendered":"ERA AS\u00cd"},"content":{"rendered":"<p><strong>[FM Riachuelo, 29\/10\/2020] No es un d\u00eda de buenas noticias. Estamos con un dolor que sentimos propio. Desde temprano, amanecimos con im\u00e1genes de represi\u00f3n, con la agitaci\u00f3n medi\u00e1tica de esos tiburones que huelen sangre y empiezan a avanzar sobre el dolor de nuestro pueblo, machacando mentes e instalando un sentido com\u00fan despiadado, con ese amarillismo siniestro que invita permanentemente a nuestra sociedad a mostrar su peor cara, a aceptar un modelo de pa\u00eds para unos pocos.<\/strong><\/p>\n<p>Pero lo que hoy ha reinado es el repudio a las pol\u00edticas represivas. Eso es lo primero. Hay que llegar a las soluciones de otra manera; hay ejemplos. La solidaridad brota en todos los territorios, y si hay algo de lo que el pueblo est\u00e1 seguro es de que no tolera la represi\u00f3n. Un pueblo que tiene entera consciencia de que la lucha de cuatro a\u00f1os contra el neoliberalismo no fue para continuar viviendo estas situaciones: reivindicaciones de la topadora, las casillas incineradas, y una derecha que se monta sobre eso y trata de poner un l\u00edmite, a sangre y fuego, a la construcci\u00f3n de los sue\u00f1os populares.<\/p>\n<p>Hoy ve\u00edamos la imagen compartida por nuestro compa\u00f1ero Juan Carlos S\u00e1nchez, del Frente Barrial Pocho Lepratti de La Paz, en la Provincia de Entre R\u00edos. Ellos vienen urbanizando barrios que nacieron de la misma manera, desde las desigualdades e injusticias terribles, pero que impulsan luchas.<\/p>\n<p>Las tomas se generan porque no hay lugar donde vivir. La Organizaci\u00f3n Social y Pol\u00edtica Los Pibes ha estado trabajando solidariamente en el barrio Papa Francisco de La Paz; compa\u00f1eras y compa\u00f1eros, dedicados a la pesca artesanal, que viven en un pueblo del interior de Entre R\u00edos, donde no escasea en territorio. E incluso as\u00ed, la perversi\u00f3n del sistema los empuja a tener que construir una casa en las empinadas barrancas del r\u00edo Paran\u00e1, en un equilibrio m\u00e1s que precario, y contra toda racionalidad posible; ah\u00ed viv\u00edan las compa\u00f1eras y compa\u00f1eros, con peligro de derrumbe de un lado y del otro la cloaca a cielo abierto de la Ciudad de La Paz.<\/p>\n<p>La perversi\u00f3n de este sistema de desigualdad empuja al pueblo a estos destinos. Entonces, \u00bfc\u00f3mo no va a haber hermanos y hermanas que busquen otro lugar donde vivir? El sistema no permite que se resuelva de otra manera; \u00bfalguien puede decir que esos compa\u00f1eras y compa\u00f1eros pescadores no tienen voluntad para trabajar? \u00bfO que no tienen cultura del trabajo? Esquivan a diario las lanchas de la polic\u00eda de Santa Fe y de Entre R\u00edos: pescar para llevar comida a sus casas o venderla en la pescader\u00eda del pueblo para conseguir una moneda pareciera un delito en esas provincias.<\/p>\n<p>Eso es lo que est\u00e1 atr\u00e1s de las tomas. Lo m\u00e1s seguro es que cada historia de vida de quienes estaban en Guernica tiene algo de esto, y no se puede soslayar. Y, sobre todo, no se puede reprimir en dicha situaci\u00f3n. Hay que buscar otra soluci\u00f3n.<\/p>\n<p>La pobreza no se puede reprimir. La pobreza no se soluciona con represi\u00f3n. Esto dec\u00edan los carteles de las compa\u00f1eras y compa\u00f1eros de Entre R\u00edos, vestidos con sus cascos amarillos, trabajando en la urbanizaci\u00f3n de sus barrios, que tambi\u00e9n nacieron de una toma. Y hoy est\u00e1n laburando. Y esto no fue un accidente del sistema, en absoluto; fue una conquista de las organizaciones populares. Porque ah\u00ed hubo una pol\u00edtica p\u00fablica, que forma parte de las tantas conquistas sociales, y que hace posible estas acciones.<\/p>\n<p>As\u00ed hab\u00eda que resolverlo, no de otra manera. Esta experiencia existe, eso quiere decir que pueden existir m\u00e1s. Hay que ponerle un freno a la derecha, a un capitalismo salvaje y excluyente, que deja todo en manos de unos pocos. Este sistema no da m\u00e1s. Es urgente construir otro mundo posible.<\/p>\n","protected":false},"excerpt":{"rendered":"<p>[FM Riachuelo, 29\/10\/2020] No es un d\u00eda de buenas noticias. Estamos con un dolor que sentimos propio. Desde temprano, amanecimos con im\u00e1genes de represi\u00f3n, con la agitaci\u00f3n medi\u00e1tica de esos tiburones que huelen sangre y empiezan a avanzar sobre el dolor de nuestro pueblo, machacando mentes e instalando un sentido com\u00fan despiadado, con ese amarillismo [&hellip;]<\/p>\n","protected":false},"author":5,"featured_media":12711,"comment_status":"closed","ping_status":"closed","sticky":false,"template":"","format":"standard","meta":{"_monsterinsights_skip_tracking":false,"_monsterinsights_sitenote_active":false,"_monsterinsights_sitenote_note":"","_monsterinsights_sitenote_category":0,"jnews-multi-image_gallery":[],"jnews_single_post":{"format":"standard"},"jnews_primary_category":[],"_joinchat":[],"footnotes":""},"categories":[82,1,58,139],"tags":[],"class_list":["post-12710","post","type-post","status-publish","format-standard","has-post-thumbnail","hentry","category-derechos-humanos","category-habitat","category-noticiariachuelo","category-tierra-techo-y-trabajo"],"_links":{"self":[{"href":"http:\/\/fmriachuelo.it10.com.ar\/index.php\/wp-json\/wp\/v2\/posts\/12710","targetHints":{"allow":["GET"]}}],"collection":[{"href":"http:\/\/fmriachuelo.it10.com.ar\/index.php\/wp-json\/wp\/v2\/posts"}],"about":[{"href":"http:\/\/fmriachuelo.it10.com.ar\/index.php\/wp-json\/wp\/v2\/types\/post"}],"author":[{"embeddable":true,"href":"http:\/\/fmriachuelo.it10.com.ar\/index.php\/wp-json\/wp\/v2\/users\/5"}],"replies":[{"embeddable":true,"href":"http:\/\/fmriachuelo.it10.com.ar\/index.php\/wp-json\/wp\/v2\/comments?post=12710"}],"version-history":[{"count":1,"href":"http:\/\/fmriachuelo.it10.com.ar\/index.php\/wp-json\/wp\/v2\/posts\/12710\/revisions"}],"predecessor-version":[{"id":23009,"href":"http:\/\/fmriachuelo.it10.com.ar\/index.php\/wp-json\/wp\/v2\/posts\/12710\/revisions\/23009"}],"wp:featuredmedia":[{"embeddable":true,"href":"http:\/\/fmriachuelo.it10.com.ar\/index.php\/wp-json\/"}],"wp:attachment":[{"href":"http:\/\/fmriachuelo.it10.com.ar\/index.php\/wp-json\/wp\/v2\/media?parent=12710"}],"wp:term":[{"taxonomy":"category","embeddable":true,"href":"http:\/\/fmriachuelo.it10.com.ar\/index.php\/wp-json\/wp\/v2\/categories?post=12710"},{"taxonomy":"post_tag","embeddable":true,"href":"http:\/\/fmriachuelo.it10.com.ar\/index.php\/wp-json\/wp\/v2\/tags?post=12710"}],"curies":[{"name":"wp","href":"https:\/\/api.w.org\/{rel}","templated":true}]}}