{"id":12693,"date":"2020-10-26T15:36:08","date_gmt":"2020-10-26T15:36:08","guid":{"rendered":"http:\/\/fmriachuelo.com.ar\/?p=12693"},"modified":"2025-02-19T14:06:40","modified_gmt":"2025-02-19T17:06:40","slug":"lito-borello-hay-una-fuerte-injusticia-en-el-reparto-de-la-tierra-no-tan-solo-de-la-riqueza","status":"publish","type":"post","link":"http:\/\/fmriachuelo.it10.com.ar\/index.php\/2020\/10\/26\/lito-borello-hay-una-fuerte-injusticia-en-el-reparto-de-la-tierra-no-tan-solo-de-la-riqueza\/","title":{"rendered":"LITO BORELLO: \u201cHAY UNA FUERTE INJUSTICIA EN EL REPARTO DE LA TIERRA, NO TAN S\u00d3LO DE LA RIQUEZA\u201d"},"content":{"rendered":"<p><strong>[FM Riachuelo 26\/10\/2020] En el clasismo de Luis Miguel Etchevehere, el poder real se muestra decidido a hostigar cualquier iniciativa popular por Tierra, Techo y Trabajo. Mientras los medios de comunicaci\u00f3n del sistema de privilegios falsean, tergiversan y criminalizan el debate sobre la tierra y la propiedad, los movimientos sociales plantean la urgencia de avanzar con medidas de fondo para resolver de ra\u00edz lo que constituye el nudo de la desigualdad estructural en nuestro pa\u00eds. Por esos andares, FM Riachuelo encar\u00f3 el recorrido de los conflictos de los \u00faltimos d\u00edas en una entrevista con Lito Borello, Secretario de DDHH de la Uni\u00f3n de Trabajadores y Trabajadoras de la Econom\u00eda Popular (UTEP).<\/strong><\/p>\n<p><strong>FM Riachuelo: Ayer difundiste un comunicado solidariz\u00e1ndote con el proyecto artigas y con todas las luchas por la tierra y el territorio. \u00bfQu\u00e9 tiene de especial la experiencia del Proyecto Artigas para provocar esta reacci\u00f3n de los terratenientes y de los medios?<\/strong><\/p>\n<p><strong>Lito Borello:<\/strong> Los personeros de ese min\u00fasculo grupo sigue creyendo que el mundo es para muy pocos. Son esos adoradores del dios dinero que creen que solamente algunos tienen el derecho a vivir, y a la vez con privilegios de opulencia ya insoportables, con respecto a las necesidades, los sufrimientos, angustias, a las injusticias que sufren las inmensas mayor\u00edas populares. <strong>Y tambi\u00e9n, tendr\u00edamos que decir, el sufrimiento de nuestro propio planeta, ante un modelo de producci\u00f3n que no solamente da\u00f1a a la humanidad, sino tambi\u00e9n al medio ambiente.<\/strong><\/p>\n<p><strong>FMR: \u00bfPor qu\u00e9 crees que, a este caso, se lo trata como \u00abtoma\u00bb o \u00abusurpaci\u00f3n\u00bb, si una de lxs due\u00f1xs es parte del proyecto?<\/strong><\/p>\n<p><strong>LB:<\/strong> Este min\u00fasculo grupo elige algunos iconos o momentos donde pone toda su artiller\u00eda para estigmatizar, criminalizar y judicializar, y para convertir una ingeniera comunicacional que construya sentidos en favor de que ellos defiendan esa propiedad privada por sobre la vida, la justicia, la fraternidad, por sobre el amor de una sociedad que no soporta m\u00e1s esta filosof\u00eda de vida ego\u00edsta e individualista, <strong>este sistema capitalista depredador y financiero, este neoliberalismo que provoca pol\u00edticas de descarte y que no se aguanta m\u00e1s.<\/strong> Por lo tanto, han hecho de esta experiencia del Proyecto Artigas un blanco donde poner todo su odio, su artiller\u00eda para generar una situaci\u00f3n que al mismo tiempo en el pa\u00eds genera enfrentamientos, genera una situaci\u00f3n disolvente entre la sociedad porque nos enfrenta y nos provoca.<strong> Por eso creo que la solidaridad con el Proyecto Artigas est\u00e1 \u00edntimamente relacionada con la pelea por la tierra para vivir y para trabajar, para poder desarrollar una vida digna y humana<\/strong>. Por eso, al tiempo de solidarizarnos con los compa\u00f1eros y las compa\u00f1eras que llevan adelante esa experiencia en Entre R\u00edos, <strong>en realidad lo estamos haciendo como bandera de reivindicar las much\u00edsimas luchas y experiencias que de punta a punta del pa\u00eds se est\u00e1n haciendo en ese sentido<\/strong>; construyendo viviendas, huertas agroecol\u00f3gicas, entendiendo tambi\u00e9n la agroecolog\u00eda como el \u00fanico modo en que podemos seguir aprovechando la generosidad de La Pachamama, pero tambi\u00e9n para con ella teniendo la gratitud de cuidarla y dejarla para las generaciones que vienen detr\u00e1s de nosotros.<\/p>\n<p><strong>FMR: \u00bfCre\u00e9s que este conflicto va a escalar? \u00bfA qu\u00e9 tenemos que estar atentas las organizaciones populares?<\/strong><\/p>\n<p><strong>LB:<\/strong> Creo que hoy, de una u otra manera, los que puedan deben participar de la actividad que se va a hacer en Entre R\u00edos, o esta manifestaci\u00f3n que tambi\u00e9n est\u00e1 planteada en la puerta de la Sociedad Rural Argentina, un emblema de ese min\u00fasculo grupo de poderosos que sigue creyendo que el mundo es para ellos y nada m\u00e1s que para ellos. Me parece que tanto estas dos actividades como muchas que se van a hacer en los barrios, y much\u00edsimas que en el desarrollo del d\u00eda se van a estar solidarizando,<strong> van a estar tambi\u00e9n construyendo conciencia, generando en nuestras compa\u00f1eras y compa\u00f1eros la comprensi\u00f3n de que ya no se soportan m\u00e1s las injusticias y asimetr\u00edas de estos modelos globales, y que es necesario construir otro mundo posible, un mundo donde quepan todos los mundos.<\/strong><\/p>\n<p><strong>FMR: Ven\u00eds diciendo que la propiedad de la tierra es una asignatura pendiente que no tolera m\u00e1s dilaciones y que deben debatirse y crear soluciones de fondo \u00bfQu\u00e9 relaci\u00f3n tiene esto con la propiedad privada que tanto mencionan los terratenientes?<\/strong><\/p>\n<p><strong>LB:<\/strong> Ya no tenemos m\u00e1s alternativas, <strong>no hay m\u00e1s manera de embellecer un paradigma que est\u00e1 en crisis<\/strong>, y por lo tanto en esa expresi\u00f3n del programa que los movimientos populares llevamos adelante \u2013Tierra, Techo y Trabajo\u2013, en ese programa para todos y todas, va de alguna manera el s\u00edmbolo del derecho humano que tenemos los pueblos de construir otra sociedad, un mundo fraterno que de verdad nos sintamos orgullosos de dejarlos a nuestros pibes y pibas hacia adelante. Tenemos esa responsabilidad.<\/p>\n<p>En ese sentido, tambi\u00e9n, los movimientos populares tenemos un rol protag\u00f3nico, en un momento en que el modelo dominante del capitalismo est\u00e1 resignificando a los trabajadores. En estas \u00faltimas d\u00e9cadas se ha ido generando un movimiento de trabajadores en donde los movimientos populares y las organizaciones sociales somos una parte importante de los m\u00e1s castigados y los m\u00e1s humildes, que tuvimos que inventarnos el trabajo. Por eso cari\u00f1osamente Francisco nos llama poetas sociales, <strong>pero tambi\u00e9n nos dice que tenemos una responsabilidad hist\u00f3rica: ser sujetos de transformaci\u00f3n, en la construcci\u00f3n de ese otro mundo posible y esa otra sociedad.<\/strong> Nosotros desde los movimientos populares asumimos esa responsabilidad, nos cargamos la mochila al hombro de esa responsabilidad hist\u00f3rica que nos toca en el tiempo que transitamos. Y por lo tanto los movimientos populares se est\u00e1n fortaleciendo, mejorando sus condiciones estructurales, y <strong>no solamente peleando por algunos derechos, tambi\u00e9n estamos peleando por la construcci\u00f3n de ese paradigma.<\/strong><\/p>\n<p><strong>FMR: Tambi\u00e9n ven\u00eds diciendo que los movimientos populares son estigmatizados, judicializados y reprimidos\u00a0 porque saben que son el sujeto de transformaci\u00f3n \u00bfC\u00f3mo\u00a0 se debe entonces construir soluciones de fondo si apenas se comienza una experiencia en ese sentido reacciona el poder terrateniente con todo su poder pol\u00edtico y medi\u00e1tico?<\/strong><\/p>\n<p><strong>LB:<\/strong> Hoy creo que los trabajadores tenemos esta hermosa oportunidad de no solamente pelear por lo derechos, sino pelear para ser parte protagonista de democracias mucho m\u00e1s participativas y protag\u00f3nicas, que perforen el techo de esa democracia representativa donde s\u00f3lo tenemos la oportunidad de votar. Un protagonismo activo, cotidiano, consecuente, coherente entre lo que decimos y lo que hacemos. Y una participaci\u00f3n que vaya haciendo democracias m\u00e1s horizontales, m\u00e1s directas, participativas y protag\u00f3nicas, <strong>donde nosotros no seamos tan s\u00f3lo beneficiarios de pol\u00edticas sociales, sino actores y constructores de nuestro propio destino.<\/strong><\/p>\n<p>As\u00ed que creo que es desde ah\u00ed es c\u00f3mo tenemos que mirar esta batalla que nos libran los poderosos en el marco de cuestionar esta experiencia del Proyecto Artigas. Mirarla en lo macro, <strong>mirar c\u00f3mo frente a la oportunidad de pa\u00edses que intentan un recorrido soberano y digno para nuestras Patrias, y la construcci\u00f3n de modelos de sociedad fraternos, que defiendan los intereses nacionales y populares, los poderosos est\u00e1n dispuestos, en aras de mantener sus privilegios, de cruzar la l\u00ednea y hacer cualquier cosa.<\/strong> Pues que sepan que ac\u00e1 nos van a encontrar, como hace muy poquitos d\u00edas pas\u00f3 en Bolivia, como hace muy poquitas horas tenemos el honor, el orgullo, la alegr\u00eda de celebrar la batalla y la victoria del pueblo chileno en ir caminando a un proceso de liberaci\u00f3n. Los pueblo seguimos caminando a un proceso de liberaci\u00f3n nacional y social, los pueblo de Am\u00e9rica Latina seguimos caminando hacia la recuperaci\u00f3n del proyecto de San Martin y de Bol\u00edvar hacia una gran Patria Latinoamericana, los pueblos estamos caminando en la construcci\u00f3n de ese otro mundo posible, como dicen los zapatistas, un mundo donde quepan todos los mundos.<\/p>\n<p><strong>FMR: Por \u00faltimo, en cuanto a la tierra \u00bfhacia d\u00f3nde cre\u00e9s que debemos dirigirnos para construir ese otro paradigma?<\/strong><\/p>\n<p><strong>LB:<\/strong> En cualquiera de los programas que hoy est\u00e1n trabaj\u00e1ndose desde los distintos movimientos o los distintos sectores, se llamen como se llamen, <strong>todos estamos imaginando la necesidad de una redistribuci\u00f3n de la tierra.<\/strong> Se llame reforma agraria o le pongamos el nombre que queramos, <strong>est\u00e1 claro que hay una fuerte injusticia particular en el reparto de la tierra, no tan solo en el de la riqueza.<\/strong> Todos los programas contemplan una necesidad de discusi\u00f3n al respecto de este tema, todos hacen de esa tem\u00e1tica de vivienda y h\u00e1bitat, y de agricultura familiar, temas centrales y vitales para ver c\u00f3mo salimos de este atolladero, de esta pandemia que no es solo una crisis sanitaria, sino que son las crisis que nos provocan estos modelos que nos est\u00e1n llevando a estas situaciones.<\/p>\n<p>Por lo tanto, tambi\u00e9n creemos que hay que descentralizar la poblaci\u00f3n, que hay que poder permitir la construcci\u00f3n de cientos de pueblos y de ciudades nuevas; una reorganizaci\u00f3n demogr\u00e1fica, con otra geometr\u00eda del poder y otra distribuci\u00f3n, no con aquellas que nos fueron imponiendo para tambi\u00e9n hacer m\u00e1s f\u00e1cil la dominaci\u00f3n de los poderosos. <strong>Creo que tenemos que tener un pa\u00eds en su extensi\u00f3n mucho m\u00e1s poblado en lugares estrat\u00e9gicos, para poder defender de mejor manera por lo que vienen los poderosos; por nuestra agua, nuestro petr\u00f3leo, nuestra energ\u00eda, nuestra biodiversidad.<\/strong> Por lo tanto, creo que tambi\u00e9n tiene un sentido de defensa nacional una reubicaci\u00f3n de nuestra poblaci\u00f3n, con muchos m\u00e1s pueblos y ciudades en todo el pa\u00eds, que nos permita en una disputa tan compleja a nivel mundial que nuestro territorio est\u00e9 mucho m\u00e1s poblado en este sentido, con una nueva geometr\u00eda del poder. Y que tambi\u00e9n dise\u00f1e un sistema de democracia y estado mucho m\u00e1s cercano a la posibilidad concreta y material de defender los interese nacionales y populares.<\/p>\n","protected":false},"excerpt":{"rendered":"<p>[FM Riachuelo 26\/10\/2020] En el clasismo de Luis Miguel Etchevehere, el poder real se muestra decidido a hostigar cualquier iniciativa popular por Tierra, Techo y Trabajo. Mientras los medios de comunicaci\u00f3n del sistema de privilegios falsean, tergiversan y criminalizan el debate sobre la tierra y la propiedad, los movimientos sociales plantean la urgencia de avanzar [&hellip;]<\/p>\n","protected":false},"author":5,"featured_media":12635,"comment_status":"closed","ping_status":"closed","sticky":false,"template":"","format":"standard","meta":{"_monsterinsights_skip_tracking":false,"_monsterinsights_sitenote_active":false,"_monsterinsights_sitenote_note":"","_monsterinsights_sitenote_category":0,"jnews-multi-image_gallery":[],"jnews_single_post":{"format":"standard"},"jnews_primary_category":[],"_joinchat":[],"footnotes":""},"categories":[82,78,63,139],"tags":[],"class_list":["post-12693","post","type-post","status-publish","format-standard","has-post-thumbnail","hentry","category-derechos-humanos","category-economia-popular","category-entrevista-riachuelo","category-tierra-techo-y-trabajo"],"_links":{"self":[{"href":"http:\/\/fmriachuelo.it10.com.ar\/index.php\/wp-json\/wp\/v2\/posts\/12693","targetHints":{"allow":["GET"]}}],"collection":[{"href":"http:\/\/fmriachuelo.it10.com.ar\/index.php\/wp-json\/wp\/v2\/posts"}],"about":[{"href":"http:\/\/fmriachuelo.it10.com.ar\/index.php\/wp-json\/wp\/v2\/types\/post"}],"author":[{"embeddable":true,"href":"http:\/\/fmriachuelo.it10.com.ar\/index.php\/wp-json\/wp\/v2\/users\/5"}],"replies":[{"embeddable":true,"href":"http:\/\/fmriachuelo.it10.com.ar\/index.php\/wp-json\/wp\/v2\/comments?post=12693"}],"version-history":[{"count":1,"href":"http:\/\/fmriachuelo.it10.com.ar\/index.php\/wp-json\/wp\/v2\/posts\/12693\/revisions"}],"predecessor-version":[{"id":23012,"href":"http:\/\/fmriachuelo.it10.com.ar\/index.php\/wp-json\/wp\/v2\/posts\/12693\/revisions\/23012"}],"wp:featuredmedia":[{"embeddable":true,"href":"http:\/\/fmriachuelo.it10.com.ar\/index.php\/wp-json\/"}],"wp:attachment":[{"href":"http:\/\/fmriachuelo.it10.com.ar\/index.php\/wp-json\/wp\/v2\/media?parent=12693"}],"wp:term":[{"taxonomy":"category","embeddable":true,"href":"http:\/\/fmriachuelo.it10.com.ar\/index.php\/wp-json\/wp\/v2\/categories?post=12693"},{"taxonomy":"post_tag","embeddable":true,"href":"http:\/\/fmriachuelo.it10.com.ar\/index.php\/wp-json\/wp\/v2\/tags?post=12693"}],"curies":[{"name":"wp","href":"https:\/\/api.w.org\/{rel}","templated":true}]}}