{"id":12685,"date":"2020-10-21T23:38:19","date_gmt":"2020-10-21T23:38:19","guid":{"rendered":"http:\/\/fmriachuelo.com.ar\/?p=12685"},"modified":"2025-02-19T14:07:55","modified_gmt":"2025-02-19T17:07:55","slug":"chocobar-el-juicio-no-se-suspende","status":"publish","type":"post","link":"http:\/\/fmriachuelo.it10.com.ar\/index.php\/2020\/10\/21\/chocobar-el-juicio-no-se-suspende\/","title":{"rendered":"CHOCOBAR: EL JUICIO NO SE SUSPENDE"},"content":{"rendered":"<p><strong>[Por Colectivo de Medios Populares 21\/10\/2020] El Tribunal Oral de Menores 2 rechaz\u00f3 esta ma\u00f1ana el planteo de la defensa del polic\u00eda Luis Chocobar que buscaba suspender el debate y pas\u00f3 a un cuarto intermedio hasta el pr\u00f3ximo mi\u00e9rcoles. En las puertas de Comodoro Py, madres de la Marcha Nacional contra el Gatillo F\u00e1cil acompa\u00f1aron a la familia y amigues de Juan Pablo Kukoc.<\/strong><\/p>\n<p><strong>Por Colectivo de Medios Populares (*)<\/strong><\/p>\n<p>La segunda jornada del juicio oral que juzga al polic\u00eda Luis Chocobar, acusado de haber matado en 2017 al joven de 17 a\u00f1os, fue breve. Los jueces s\u00f3lo notificaron a las partes de su decisi\u00f3n de rechazar el pedido de la defensa que en la primera audiencia volvi\u00f3 a insistir con un juicio por jurados.<\/p>\n<p>\u201cEstamos felices porque el juicio va a seguir en pie. Gracias a Dios por todo el apoyo que nos dieron los familiares que son los que nos ayudan a nosotros a seguir en pie con este juicio. Espero que se haga justicia, que es lo que venimos a pedir todos los familiares\u201d, expres\u00f3 Bel\u00e9n, la hermana de Juan Pablo, en la vereda del Tribunal donde desde temprano esperaban la decisi\u00f3n de los jueces.<\/p>\n<p>Desde Salta y por tel\u00e9fono, Ivone la mam\u00e1 de Juan Pablo, agradeci\u00f3 a quienes se acercaron hoy a acompa\u00f1ar a la familia y pidi\u00f3 que se haga justicia por su hijo \u201cporque lo mataron a quemarropa, podr\u00eda haberlo detenido y nosotros podr\u00edamos verlo en la c\u00e1rcel, no en un cementerio\u201d.<\/p>\n<p>\u201cEn este sistema injusto jam\u00e1s vamos a tener justicia, pero se la tenemos que arrancar y tenemos que seguir en la calle no s\u00f3lo por Pablo sino por todos los pibes asesinados por gatillo f\u00e1cil: a Pablo lo asesin\u00f3 Chocobar y el Estado es responsable\u201d, agreg\u00f3 Emilia Vasallo, madre de Pablo \u201cPaly\u201d Alcorta, un chico de 17 a\u00f1os que recibi\u00f3 un disparo del polic\u00eda bonaerense Diego Tolaba en 2013, y una de los motores de la Marcha Nacional.<\/p>\n<p>Adem\u00e1s de Emilia, con las im\u00e1genes y las remeras que recuerdan a sus hijos asesinados se movilizaron otras madres como Ang\u00e9lica, quien en julio de 2009 perdi\u00f3 a Jonathan \u201cKiki\u201d Lezcano de tan s\u00f3lo 18 a\u00f1os. \u201cEstamos ac\u00e1, a pesar de la pandemia porque nos matan a nuestros hijos. Hoy estoy ac\u00e1 por Chocobar, para que no sea injusto como lo que hicieron con Santiago Veyga el asesino de mi hijo, que est\u00e1 en la calle y ah\u00ed est\u00e1 matando\u2026 Hoy m\u00e1s convencida que nunca, estoy de pie, puedo decir justicia por todos los pibes asesinados por gatillo f\u00e1cil, justicia por esas chicas que se las llevaron y nunca m\u00e1s volvieron, justicia por el hambre que estamos pasando en nuestros barrios, justicia para la igualdad\u201d.<\/p>\n<p>Muy cerquita, polic\u00eda mediante, un peque\u00f1o grupo de personas se manifestaron en apoyo al polic\u00eda que mat\u00f3 por la espalda a Juan Pablo Kukoc aquel diciembre de 2017 y que fue recibido por el ex presidente Mauricio Macri. Entre los manifestantes que tocaban cacerolas con la Marcha de las Malvinas como m\u00fasica de fondo, se encontraban oficiales y polic\u00edas retirados que tambi\u00e9n fueron parte de las protestas que exig\u00edan aumento salarial. Como Mariano D\u00edaz, ex suboficial del Grupo Halc\u00f3n, separado de la fuerza por intento de sedici\u00f3n en 2014.<\/p>\n<p>El juicio continuar\u00e1 el pr\u00f3ximo mi\u00e9rcoles al mediod\u00eda y est\u00e1 prevista la declaraci\u00f3n \u2013si es su intenci\u00f3n declarar- del chico menor de edad acusado de haber participado del asalto al turista estadounidense. Luego ser\u00e1 el turno de la indagatoria de Chocobar.<\/p>\n<p><strong>(*) La Retaguardia, Radio Gr\u00e1fica, Radio Presente, FM Riachuelo, Revoluciones, Agencia Paco Urondo, Sur Capitalino.<\/strong><\/p>\n","protected":false},"excerpt":{"rendered":"<p>[Por Colectivo de Medios Populares 21\/10\/2020] El Tribunal Oral de Menores 2 rechaz\u00f3 esta ma\u00f1ana el planteo de la defensa del polic\u00eda Luis Chocobar que buscaba suspender el debate y pas\u00f3 a un cuarto intermedio hasta el pr\u00f3ximo mi\u00e9rcoles. En las puertas de Comodoro Py, madres de la Marcha Nacional contra el Gatillo F\u00e1cil acompa\u00f1aron [&hellip;]<\/p>\n","protected":false},"author":5,"featured_media":12686,"comment_status":"closed","ping_status":"closed","sticky":false,"template":"","format":"standard","meta":{"_monsterinsights_skip_tracking":false,"_monsterinsights_sitenote_active":false,"_monsterinsights_sitenote_note":"","_monsterinsights_sitenote_category":0,"jnews-multi-image_gallery":[],"jnews_single_post":{"format":"standard"},"jnews_primary_category":[],"_joinchat":[],"footnotes":""},"categories":[143,82,58,144],"tags":[],"class_list":["post-12685","post","type-post","status-publish","format-standard","has-post-thumbnail","hentry","category-colectivo-de-medios-populares","category-derechos-humanos","category-noticiariachuelo","category-violencia-institucional"],"_links":{"self":[{"href":"http:\/\/fmriachuelo.it10.com.ar\/index.php\/wp-json\/wp\/v2\/posts\/12685","targetHints":{"allow":["GET"]}}],"collection":[{"href":"http:\/\/fmriachuelo.it10.com.ar\/index.php\/wp-json\/wp\/v2\/posts"}],"about":[{"href":"http:\/\/fmriachuelo.it10.com.ar\/index.php\/wp-json\/wp\/v2\/types\/post"}],"author":[{"embeddable":true,"href":"http:\/\/fmriachuelo.it10.com.ar\/index.php\/wp-json\/wp\/v2\/users\/5"}],"replies":[{"embeddable":true,"href":"http:\/\/fmriachuelo.it10.com.ar\/index.php\/wp-json\/wp\/v2\/comments?post=12685"}],"version-history":[{"count":2,"href":"http:\/\/fmriachuelo.it10.com.ar\/index.php\/wp-json\/wp\/v2\/posts\/12685\/revisions"}],"predecessor-version":[{"id":23014,"href":"http:\/\/fmriachuelo.it10.com.ar\/index.php\/wp-json\/wp\/v2\/posts\/12685\/revisions\/23014"}],"wp:featuredmedia":[{"embeddable":true,"href":"http:\/\/fmriachuelo.it10.com.ar\/index.php\/wp-json\/"}],"wp:attachment":[{"href":"http:\/\/fmriachuelo.it10.com.ar\/index.php\/wp-json\/wp\/v2\/media?parent=12685"}],"wp:term":[{"taxonomy":"category","embeddable":true,"href":"http:\/\/fmriachuelo.it10.com.ar\/index.php\/wp-json\/wp\/v2\/categories?post=12685"},{"taxonomy":"post_tag","embeddable":true,"href":"http:\/\/fmriachuelo.it10.com.ar\/index.php\/wp-json\/wp\/v2\/tags?post=12685"}],"curies":[{"name":"wp","href":"https:\/\/api.w.org\/{rel}","templated":true}]}}