{"id":12677,"date":"2020-10-21T15:55:10","date_gmt":"2020-10-21T15:55:10","guid":{"rendered":"http:\/\/fmriachuelo.com.ar\/?p=12677"},"modified":"2025-02-19T14:09:20","modified_gmt":"2025-02-19T17:09:20","slug":"12677","status":"publish","type":"post","link":"http:\/\/fmriachuelo.it10.com.ar\/index.php\/2020\/10\/21\/12677\/","title":{"rendered":"LA PROPIEDAD DE LA TIERRA. ASIGNATURA PENDIENTE QUE NO TOLERA MAS DILACIONES"},"content":{"rendered":"<p><strong>[FM Riachuelo, 21\/10\/2020]\u00a0Hoy por la ma\u00f1ana en <em>\u00abMateando en el Riachuelo\u00bb<\/em> hablamos con Lito Borello, <em>Secretario de DDHH de la UTEP<\/em>, quien se expres\u00f3 sobre la represi\u00f3n de ayer en Jujuy.<\/strong><\/p>\n<p><em>\u201cLo que pasa en Jujuy es que sigue estando el mismo gobernador que estuvo durante 4 a\u00f1os con Macri, que encarcel\u00f3 a Milagro Sala, aun presa injustamente, y que qued\u00f3 involucrado en el golpe a Evo Morales en Bolivia. Ese gobierno sigue siendo parte de las expresiones minoritarias, pero poderosas, de Argentina que no est\u00e1n dispuestos a que haya una sociedad justa y fraterna. (..) \u201cCriminalizan, estigmatizan y judicializan a los movimientos populares porque saben que son la<\/em> <strong>punta de lanza de las trasformaciones m\u00e1s urgentes<\/strong>, profundas y necesarias; y porque en los \u00faltimos a\u00f1os hemos logrado el nivel de <strong>unidad del movimiento de lxs trabajadxorxs<\/strong> para construir otro mundo posible. Hay que ir al fondo de la cuesti\u00f3n. (\u2026) Nos solidarizamos con los compa\u00f1erxs del MTE, del MNCI y con Grabois, todxs hermanos de lucha de la UTEP.<\/p>\n<p><strong>Entrevista completa ac\u00e1 <\/strong><strong>\ud83d\udc47\ud83c\udffd<\/strong><\/p>\n<p><a href=\"https:\/\/ar.radiocut.fm\/audiocut\/propiedad-tierra-asignatura-pendiente-no-tolera-mas-dilaciones\/\">https:\/\/ar.radiocut.fm\/audiocut\/propiedad-tierra-asignatura-pendiente-no-tolera-mas-dilaciones\/<\/a><\/p>\n","protected":false},"excerpt":{"rendered":"<p>[FM Riachuelo, 21\/10\/2020]\u00a0Hoy por la ma\u00f1ana en \u00abMateando en el Riachuelo\u00bb hablamos con Lito Borello, Secretario de DDHH de la UTEP, quien se expres\u00f3 sobre la represi\u00f3n de ayer en Jujuy. \u201cLo que pasa en Jujuy es que sigue estando el mismo gobernador que estuvo durante 4 a\u00f1os con Macri, que encarcel\u00f3 a Milagro Sala, [&hellip;]<\/p>\n","protected":false},"author":5,"featured_media":12678,"comment_status":"closed","ping_status":"closed","sticky":false,"template":"","format":"standard","meta":{"_monsterinsights_skip_tracking":false,"_monsterinsights_sitenote_active":false,"_monsterinsights_sitenote_note":"","_monsterinsights_sitenote_category":0,"jnews-multi-image_gallery":[],"jnews_single_post":{"format":"standard"},"jnews_primary_category":[],"_joinchat":[],"footnotes":""},"categories":[82,1,58,144],"tags":[],"class_list":["post-12677","post","type-post","status-publish","format-standard","has-post-thumbnail","hentry","category-derechos-humanos","category-habitat","category-noticiariachuelo","category-violencia-institucional"],"_links":{"self":[{"href":"http:\/\/fmriachuelo.it10.com.ar\/index.php\/wp-json\/wp\/v2\/posts\/12677","targetHints":{"allow":["GET"]}}],"collection":[{"href":"http:\/\/fmriachuelo.it10.com.ar\/index.php\/wp-json\/wp\/v2\/posts"}],"about":[{"href":"http:\/\/fmriachuelo.it10.com.ar\/index.php\/wp-json\/wp\/v2\/types\/post"}],"author":[{"embeddable":true,"href":"http:\/\/fmriachuelo.it10.com.ar\/index.php\/wp-json\/wp\/v2\/users\/5"}],"replies":[{"embeddable":true,"href":"http:\/\/fmriachuelo.it10.com.ar\/index.php\/wp-json\/wp\/v2\/comments?post=12677"}],"version-history":[{"count":2,"href":"http:\/\/fmriachuelo.it10.com.ar\/index.php\/wp-json\/wp\/v2\/posts\/12677\/revisions"}],"predecessor-version":[{"id":23016,"href":"http:\/\/fmriachuelo.it10.com.ar\/index.php\/wp-json\/wp\/v2\/posts\/12677\/revisions\/23016"}],"wp:featuredmedia":[{"embeddable":true,"href":"http:\/\/fmriachuelo.it10.com.ar\/index.php\/wp-json\/"}],"wp:attachment":[{"href":"http:\/\/fmriachuelo.it10.com.ar\/index.php\/wp-json\/wp\/v2\/media?parent=12677"}],"wp:term":[{"taxonomy":"category","embeddable":true,"href":"http:\/\/fmriachuelo.it10.com.ar\/index.php\/wp-json\/wp\/v2\/categories?post=12677"},{"taxonomy":"post_tag","embeddable":true,"href":"http:\/\/fmriachuelo.it10.com.ar\/index.php\/wp-json\/wp\/v2\/tags?post=12677"}],"curies":[{"name":"wp","href":"https:\/\/api.w.org\/{rel}","templated":true}]}}