{"id":12662,"date":"2020-10-21T13:32:50","date_gmt":"2020-10-21T13:32:50","guid":{"rendered":"http:\/\/fmriachuelo.com.ar\/?p=12662"},"modified":"2025-02-19T14:10:23","modified_gmt":"2025-02-19T17:10:23","slug":"siempre-vamos-a-pedir-justicia-por-mi-hermano","status":"publish","type":"post","link":"http:\/\/fmriachuelo.it10.com.ar\/index.php\/2020\/10\/21\/siempre-vamos-a-pedir-justicia-por-mi-hermano\/","title":{"rendered":"\u00abSIEMPRE VAMOS A PEDIR JUSTICIA POR MI HERMANO\u00bb"},"content":{"rendered":"<div><\/div>\n<div>\n<div>\n<p><strong>[Por Colectivo de Medios Populares 21\/10\/2020]\u00a0 Bel\u00e9n Kukoc es la hermana de Juan Pablo, el joven de 17 a\u00f1os que fue asesinado por el polic\u00eda Luis Chocobar en diciembre de 2017. Ma\u00f1ana mi\u00e9rcoles se reanuda el juicio oral contra el efectivo policial incriminado por dispararle por la espalda con su arma reglamentaria. En esta nota, Bel\u00e9n recuerda a su hermano y convoca a acompa\u00f1arla en los Tribunales de Comodoro Py, donde recibir\u00e1 el apoyo de madres y familiares que se nuclean en la Marcha Nacional contra el Gatillo F\u00e1cil. \u00bfQu\u00e9 se resuelve en la audiencia de ma\u00f1ana?<\/strong><\/p>\n<p>\u201cCuando vi en la tele que estaban todos apoyando a Chocobar dije: \u2018voy a empezar a hablar\u2019. Nosotros no \u00edbamos a ir por la cuarentena, pero ah\u00ed empec\u00e9 a comunicarme con las madres que conoc\u00ed en las marchas y nos organizamos para ir este 21\u201d, nos cuenta Bel\u00e9n. En su voz se percibe el dolor que viene arrastrando desde aquel fat\u00eddico diciembre de 2017. Es que el inicio del juicio al polic\u00eda que asesin\u00f3 a su hermano, Luis Chocobar, no trajo s\u00f3lo expectativas de justicia. Las manifestaciones en los Tribunales de Comodoro Py de quienes lo defienden en nombre de \u201cla mano dura\u201d tambi\u00e9n sumaron angustia. El respaldo a Chocobar encontr\u00f3 sus r\u00e9plicas no s\u00f3lo en los medios hegem\u00f3nicos de comunicaci\u00f3n, sino tambi\u00e9n en asociaciones policiales y hasta en legisladores nacionales.<\/p>\n<p>Ese apoyo tuvo sus consecuencias para el grupo familiar: \u201cEstamos muy mal, muy tristes por todas las cosas que nos dijeron, las amenazas. Gracias al ex presidente (en referencia a Mauricio Macri, que apoy\u00f3 a Chocobar desde el primer instante) recibimos amenazas, hasta a mis hijos, todas cosas que jam\u00e1s har\u00eda, nunca\u201d, agrega Bel\u00e9n. \u201cLa gente habla mal por una cosa que pas\u00f3. Mi hermano hasta que se lo olvide va a ser un asesino, un chorro, por algo que hizo, y eso no se va a cambiar nunca. Nosotros jam\u00e1s har\u00edamos eso, no hablar\u00edamos mal de la gente, somos de un barrio humilde y jam\u00e1s har\u00edamos eso. Hay gente que es ignorante, cada uno piensa como quiere, pero nosotros nunca fuimos as\u00ed de desear el mal a nadie\u201d.<\/p>\n<p>Pero el recuerdo de Juan Pablo excede los discursos que sobre \u00e9l han querido instalar: \u201cTodos los que lo conocimos siempre lo vamos a recordar c\u00f3mo un chico al que le encantaba el f\u00fatbol, que siempre am\u00f3 a su familia, que quiso lo mejor para todos nosotros y nunca fue un pibe malo. Que la gente diga lo que quiera, nosotros sab\u00edamos lo que era mi hermano y jam\u00e1s lo vamos a dejar s\u00f3lo. Vamos a pedir justicia por mi hermano y por todos los pibes que tambi\u00e9n fueron asesinados por las fuerzas de seguridad, exigiendo basta de gatillo f\u00e1cil\u201d.<\/p>\n<p>El mi\u00e9rcoles 21 a las 8 horas, la familia de Kukoc est\u00e1 convocando junto con la Marcha Nacional Contra el Gatillo F\u00e1cil a las puertas de Comodoro Py 2002, para repudiar los apoyos brindados al polic\u00eda asesino y exigir justicia. \u201cNosotros confiamos en los abogados que tenemos, en el juez, que ojal\u00e1 nos d\u00e9 justicia porque la verdad que es lo \u00fanico que tenemos\u201d, indica Bel\u00e9n.<\/p>\n<p>Por su parte Pablo Rovati, abogado de la familia que acusa a Chocobar por el homicidio agravado de Juan Pablo, explic\u00f3 que \u201cen la pr\u00f3xima audiencia ante el Tribunal Oral de Menores 2, se va a comunicar la decisi\u00f3n a la que llegaron los jueces en relaci\u00f3n con el pedido de suspensi\u00f3n del juicio que hizo una vez m\u00e1s la defensa del acusado\u201d. Los abogados Fernando Soto y Luis Cevasco sostuvieron que hab\u00eda que suspender el juicio al menos hasta tanto no est\u00e9 resuelta definitivamente por la Corte Suprema, que es el \u00fanico tribunal que queda, la cuesti\u00f3n del juicio por jurados\u201d.<\/p>\n<p>\u201cEste planteo de ser juzgado por un juicio por jurados ya lo hab\u00eda hecho hace meses la defensa de Chocobar, y tanto la fiscal general como los querellantes dijimos que no\u201d, indic\u00f3 Rovati. \u201cPero es importante aclarar que no decimos que no porque sea un capricho, sino porque no hay ninguna ley que prevea el juicio por jurados en la administraci\u00f3n de justicia nacional. Y sin una ley es absolutamente imposible. Es la ley la que regula la manera de hacer un juicio por jurados, de d\u00f3nde se seleccionar\u00edan los jurados, cu\u00e1l ser\u00eda el r\u00e9gimen de mayor\u00edas para tomar decisiones, toda una serie de cuestiones que sin ley es imposible. El Tribunal de Menores le dijo que no, la Casaci\u00f3n le dijo que no y el propio Tribunal Superior de Justicia de la Ciudad tambi\u00e9n le dijo que no. As\u00ed que ante el nuevo planteo nosotros dijimos que no correspond\u00eda suspender el juicio desde ning\u00fan punto de vista, la fiscal\u00eda contest\u00f3 lo mismo, la defensa del chico imputado y la defensora de menores lo mismo. As\u00ed que tenemos fe de que el Tribunal resuelva favorablemente en el d\u00eda de ma\u00f1ana y el juicio pueda continuar\u201d.<\/p>\n<p>El abogado de la querella tambi\u00e9n aclar\u00f3 que \u201cChocobar no prest\u00f3 declaraci\u00f3n indagatoria, la parte del juicio cuando el presidente del Tribunal le da la oportunidad al acusado de dar su versi\u00f3n de lo que pas\u00f3. Eso tiene lugar despu\u00e9s de la lectura de las acusaciones (que s\u00ed sucedi\u00f3 en la primera audiencia) pero no se lleg\u00f3 al momento en que los acusados, Chocobar y el menor, declararan. Habr\u00e1 que ver, dependiendo de cu\u00e1l sea la decisi\u00f3n del Tribunal, si estas declaraciones se llevar\u00edan a cabo en esta audiencia o no\u201d.<\/p>\n<p>Desde la Marcha Nacional Contra el Gatillo F\u00e1cil brindaron detalles de la pol\u00e9mica decisi\u00f3n del Tribunal de enjuiciar al mismo tiempo a Chocobar y al menor al que se acusa de haber participado del robo que habr\u00eda realizado Juan Pablo Kukoc. \u201cEl juicio fue planeado por el poder pol\u00edtico y los jueces para que Chocobar sea juzgado por un tribunal de menores, utilizando la excusa de preservar al menor imputado para dejarnos afuera de poder presenciar el debate a los familiares de v\u00edctimas, a las distintas organizaciones antirrepresivas, de DDHH, sociales, pol\u00edticas, eliminando nuestro derecho y posibilidad de acompa\u00f1ar a la familia de Pablo y del menor que ser\u00e1 juzgado\u201d, indicaron en un comunicado.<\/p>\n<p>\u201cSabemos que la inseguridad no se resuelve con balas ni violencia, son necesarias pol\u00edticas educativas, laborales, culturales y sociales, verdaderas pol\u00edticas que ayuden a los pibes y pibas a tener un proyecto de vida para construirse como seres humanos, herramientas indispensables para que\u00a0 esos pibes o pibas que hoy est\u00e1n silenciados o atrapados por las drogas\u00a0 puedan levantarse y gritar con todo su coraz\u00f3n y fuerza \u2018\u00a1queremos ser lo que alguna vez so\u00f1amos!\u2019 y no esperar que los maten o encierren. Ante este panorama tenemos claro que nuestros pibes y pibas nos son peligrosos, est\u00e1n en peligro\u201d, contin\u00faa el comunicado.<\/p>\n<p>\u201cMi hermano no est\u00e1 solo en esto, est\u00e1 la familia y toda la gente que nos quiera apoyar\u201d, subraya Bel\u00e9n. \u201cQuienes nos quieran acompa\u00f1ar estaremos en Comodoro Py temprano, desde las 8 am, necesitamos apoyo y acompa\u00f1amiento\u201d, solicita. Y cierra con una frase que es ya un mandato para todes les familiares de les pibes que mueren todos los d\u00edas a manos de las fuerzas de seguridad: \u201cNunca lo vamos a dejar solo, siempre vamos a pedir justicia por mi hermano\u201d.<\/p>\n<\/div>\n<\/div>\n<p><strong>(*) FM Riachuelo, La Retaguardia, Radio Gr\u00e1fica, Radio Presente,\u00a0 Revoluciones, Agencia Paco Urondo, Sur Capitalino.<\/strong><\/p>\n","protected":false},"excerpt":{"rendered":"<p>[Por Colectivo de Medios Populares 21\/10\/2020]\u00a0 Bel\u00e9n Kukoc es la hermana de Juan Pablo, el joven de 17 a\u00f1os que fue asesinado por el polic\u00eda Luis Chocobar en diciembre de 2017. Ma\u00f1ana mi\u00e9rcoles se reanuda el juicio oral contra el efectivo policial incriminado por dispararle por la espalda con su arma reglamentaria. En esta nota, [&hellip;]<\/p>\n","protected":false},"author":5,"featured_media":12663,"comment_status":"closed","ping_status":"closed","sticky":false,"template":"","format":"standard","meta":{"_monsterinsights_skip_tracking":false,"_monsterinsights_sitenote_active":false,"_monsterinsights_sitenote_note":"","_monsterinsights_sitenote_category":0,"jnews-multi-image_gallery":[],"jnews_single_post":{"format":"standard"},"jnews_primary_category":[],"_joinchat":[],"footnotes":""},"categories":[143,82,58,144],"tags":[],"class_list":["post-12662","post","type-post","status-publish","format-standard","has-post-thumbnail","hentry","category-colectivo-de-medios-populares","category-derechos-humanos","category-noticiariachuelo","category-violencia-institucional"],"_links":{"self":[{"href":"http:\/\/fmriachuelo.it10.com.ar\/index.php\/wp-json\/wp\/v2\/posts\/12662","targetHints":{"allow":["GET"]}}],"collection":[{"href":"http:\/\/fmriachuelo.it10.com.ar\/index.php\/wp-json\/wp\/v2\/posts"}],"about":[{"href":"http:\/\/fmriachuelo.it10.com.ar\/index.php\/wp-json\/wp\/v2\/types\/post"}],"author":[{"embeddable":true,"href":"http:\/\/fmriachuelo.it10.com.ar\/index.php\/wp-json\/wp\/v2\/users\/5"}],"replies":[{"embeddable":true,"href":"http:\/\/fmriachuelo.it10.com.ar\/index.php\/wp-json\/wp\/v2\/comments?post=12662"}],"version-history":[{"count":2,"href":"http:\/\/fmriachuelo.it10.com.ar\/index.php\/wp-json\/wp\/v2\/posts\/12662\/revisions"}],"predecessor-version":[{"id":23018,"href":"http:\/\/fmriachuelo.it10.com.ar\/index.php\/wp-json\/wp\/v2\/posts\/12662\/revisions\/23018"}],"wp:featuredmedia":[{"embeddable":true,"href":"http:\/\/fmriachuelo.it10.com.ar\/index.php\/wp-json\/"}],"wp:attachment":[{"href":"http:\/\/fmriachuelo.it10.com.ar\/index.php\/wp-json\/wp\/v2\/media?parent=12662"}],"wp:term":[{"taxonomy":"category","embeddable":true,"href":"http:\/\/fmriachuelo.it10.com.ar\/index.php\/wp-json\/wp\/v2\/categories?post=12662"},{"taxonomy":"post_tag","embeddable":true,"href":"http:\/\/fmriachuelo.it10.com.ar\/index.php\/wp-json\/wp\/v2\/tags?post=12662"}],"curies":[{"name":"wp","href":"https:\/\/api.w.org\/{rel}","templated":true}]}}