{"id":12637,"date":"2020-10-17T23:34:40","date_gmt":"2020-10-17T23:34:40","guid":{"rendered":"http:\/\/fmriachuelo.com.ar\/?p=12637"},"modified":"2025-02-19T14:11:16","modified_gmt":"2025-02-19T17:11:16","slug":"17deoctubre-el-subsuelo-de-la-patria-sublevado-en-los-territorios-coberturariachuelo-por-el-diadelalealtad","status":"publish","type":"post","link":"http:\/\/fmriachuelo.it10.com.ar\/index.php\/2020\/10\/17\/17deoctubre-el-subsuelo-de-la-patria-sublevado-en-los-territorios-coberturariachuelo-por-el-diadelalealtad\/","title":{"rendered":"#17DeOctubre: EL SUBSUELO DE LA PATRIA SUBLEVADO EN LOS TERRITORIOS. #CoberturaRiachuelo Por El #DiaDeLaLealtad"},"content":{"rendered":"<p><strong>[FM Riachuelo, 17\/10\/2020] Este D\u00eda de la Lealtad, el pueblo busc\u00f3 m\u00faltiples maneras hacerse presente y movilizarse para alzar la memoria de aquel 17 de Octubre, en que trabajadores y trabajadoras fueron protagonistas de un punto de inflexi\u00f3n en la lucha por construir otro mundo posible. Desde FM Riachuelo, realizamos la cobertura de la jornada en los diferentes territorios.<\/strong><\/p>\n<p>Con un m\u00f3vil, recorrimos los distintos barrios populares, en b\u00fasqueda por levantar un hecho m\u00e1s que significativo: un pueblo vivo y en movimiento, que reivindica la memoria de ese sujeto que tom\u00f3 las calles para avanzar en la conquista de derechos, continuando con su lucha por la justicia social y la segunda y definitiva independencia. En tiempos en que las calles no son las mismas, el pueblo organizado levanta su trabajo profundo e integral en los territorios.<\/p>\n<p><img loading=\"lazy\" decoding=\"async\" class=\" wp-image-12641 alignleft\" src=\"http:\/\/fmriachuelo.com.ar\/wp-content\/uploads\/2020\/10\/Ekingv9XEAEtM14-300x225.jpg\" alt=\"\" width=\"421\" height=\"316\" \/>Durante el d\u00eda de hoy, numerosas organizaciones sociales y territoriales dieron cuenta de este \u00edmpetu transformador: en La Paz, Entre R\u00edos, la Mesa Gremial 19 y 20 UTEP realiz\u00f3 ollas populares en diferentes barrios, al igual que el Merendero \u201cLos Hermanos\u201d y el Merendero \u201cLos Naranjitos\u201d de Concordia, y la Cooperativa Huasi de Tucum\u00e1n; en Salta, el Merendero \u201cEl \u00c1ngel de la Bicicleta\u201d llev\u00f3 adelante entregas de cajas solidarias de mercader\u00eda; la Organizaci\u00f3n \u201cHuellas de Esperanza\u201d de Puerto Iguaz\u00fa, Misiones, continu\u00f3 con un proyecto de embellecimiento del territorio y realiz\u00f3 una merienda en el Barrio Primavera.<\/p>\n<p>En el Barrio Las Tunas, Tigre, Comunidad Pacheco realiz\u00f3 una asamblea para reflexionar sobre el verdadero sentido simb\u00f3lico del 17 de Octubre para el pueblo; el Comedor \u201cJuntos y Unidos\u201d y el Merendero \u201cManitas Unidas\u201d, de Lomas de Zamora, estuvieron realizando una olla popular, reparto de comida y de merienda; desde Gerli, Costa de Sarand\u00ed\/Dom\u00ednico y Villa Tranquila, la Casa Popular \u201cEl Fog\u00f3n\u201d realiz\u00f3 ollas populares, reparto de verduras, ropero comunitario y jornadas de limpieza, reciclado y tambi\u00e9n de reflexi\u00f3n, exigiendo Reforma Agraria Integral y alimentos sin agrot\u00f3xicos, as\u00ed como en Avellaneda la CAAC \u201cLos Pibes\u201d comparti\u00f3 un guiso con lxs compa\u00f1erxs del Comedor y Merendero \u201cEstrella Roja\u201d alrededor del horno de barro que construyeron; Recicladores de La Boca realiz\u00f3 entregas de bolsones en el barrio y una olla popular, al igual que el Paseo de la Econom\u00eda Popular \u201cMart\u00edn Oso Cisneros\u201d, mientras que la Cocina de Su\u00e1rez 421 llev\u00f3 adelante un desayuno comunitario.<img loading=\"lazy\" decoding=\"async\" class=\"wp-image-12654 alignright\" src=\"http:\/\/fmriachuelo.com.ar\/wp-content\/uploads\/2020\/10\/Ekilt-0XEAAG8bQ-1-300x216.jpg\" alt=\"\" width=\"478\" height=\"344\" \/><\/p>\n<p>El D\u00eda de la Lealtad recuerda a los compa\u00f1eros y compa\u00f1eras que, frente a una oligarqu\u00eda menos que dispuesta a ceder sus privilegios, se movilizaron para continuar y acelerar la conquista de sus derechos, para su generaci\u00f3n y para las futuras. As\u00ed lo expres\u00f3 Mario Gonz\u00e1lez, compa\u00f1ero de la Organizaci\u00f3n Social y Pol\u00edtica \u201cLos Pibes\u201d:\u00a0<a href=\"https:\/\/twitter.com\/PrensaLosPibes\/status\/1317479453501554694\" target=\"_blank\" rel=\"noopener\"><strong>\u201ces el d\u00eda m\u00e1s especial de la historia de los trabajadores, de los humildes. Para nosotros, el 17 de Octubre, el d\u00eda de las patas en la fuente, es el d\u00eda que empezamos, hace 75 a\u00f1os, nuestra conquista para que el pueblo vuelva a sonre\u00edr\u201d.<\/strong>\u00a0<\/a><\/p>\n<p>&nbsp;<\/p>\n<p><img loading=\"lazy\" decoding=\"async\" class=\" wp-image-12643 alignleft\" src=\"http:\/\/fmriachuelo.com.ar\/wp-content\/uploads\/2020\/10\/EkiYvInWkAASMCg-300x200.jpg\" alt=\"\" width=\"420\" height=\"280\" \/><a href=\"https:\/\/twitter.com\/PrensaLosPibes\/status\/1317490613244362754\"><strong>\u201c<\/strong><\/a><a href=\"https:\/\/twitter.com\/PrensaLosPibes\/status\/1317490613244362754\" target=\"_blank\" rel=\"noopener\"><strong>Es un d\u00eda en el que se vio el poder del pueblo en las calles, y est\u00e1 m\u00e1s vigente que nunca en este momento\u2026 Ese poder popular es el que le dice basta y le pone freno a todo lo que es el capitalismo\u201d<\/strong><\/a>, expres\u00f3 Cristian Godoy, compa\u00f1ero de \u201cLa Experimental\u201d de la Casa Popular \u201cEl Fog\u00f3n\u201d, dando cuenta de la lucha de un pueblo que realza su historia y sus s\u00edmbolos.<\/p>\n<p>En una entrevista a Esteban \u201cGringo\u201d Castro, Secretario General de la UTEP, y Carina Maloberti, Secretaria Gremial de ATE SENASA, el Gringo puso en relieve la importancia del trabajo en los territorios:\u00a0<strong><a href=\"https:\/\/ar.radiocut.fm\/audiocut\/17-octubre-pueblo-como-protagonista-y-unico-dueno-su-historia\/\" target=\"_blank\" rel=\"noopener\">\u201choy el movimiento de trabajadorxs tiene un programa. Organizaci\u00f3n tanto en la producci\u00f3n como en los barrios, garantizar alimentaci\u00f3n, tierra, techo y trabajo y pueblo en la calle, multiplic\u00e1ndonos barrio por barrio (&#8230;) Vamos a construir un Per\u00f3n y una Evita m\u00e1s colectivo, con m\u00e1s participaci\u00f3n en la conducciones\u201d<\/a>.<\/strong> Mientras que Carina habl\u00f3 del significado de esta fecha en la coyuntura actual: <a href=\"https:\/\/ar.radiocut.fm\/audiocut\/17-octubre-pueblo-como-protagonista-y-unico-dueno-su-historia\/\" target=\"_blank\" rel=\"noopener\"><strong>\u00abvolver a Per\u00f3n se traduce en nuestro pueblo actualizando la doctrina, volviendo a discutir el proyecto emancipatorio para todo el continente, la industrializaci\u00f3n del pa\u00eds y el ingreso de los excluidos a \u201cla Plaza\u201d nuevamente, pero esta vez como cabeza, no como columna\u00bb.<\/strong><\/a><\/p>\n<p>&nbsp;<\/p>\n<p>El subsuelo de la Patria sublevado, que aquella vez ocup\u00f3 las calles decidido a construir otro paradigma, mantiene su vigencia en los territorios, donde el pueblo organizado viene protagonizando los cambios m\u00e1s profundos para llegar a una sociedad mucho m\u00e1s justa e igualitaria. Como afirm\u00f3 en una entrevista Lito Borello, Secretario de DDHH de la UTEP: <a href=\"https:\/\/radiocut.fm\/audiocut\/vemos-hay-un-pueblo-pie-solidario-y-fraterno\/\" target=\"_blank\" rel=\"noopener\"><strong>\u201ccreo que hay una demanda popular de nuestra base, del subsuelo de la patria que tiene que ver con recobrar el protagonismo. Y si algo viene a poner en relevancia esta fecha es que cuando los Pueblos irrumpen en la historia, lo hacen poniendo las patas en la fuente, a patadas y rompiendo puertas. Nunca el Pueblo pide permiso cuando se convierte en protagonista y en productor de su propio destino\u201d.<\/strong><\/a><\/p>\n<p><strong>Mir\u00e1 las transmisiones que realiz\u00f3 el m\u00f3vil:<\/strong><\/p>\n<p><a href=\"https:\/\/www.facebook.com\/watch\/?v=942397016283616\" target=\"_blank\" rel=\"noopener\">LOCAL RECICLADORES DE LA BOCA<\/a><\/p>\n<p>COMEDOR ESTRELLA ROJA<\/p>\n","protected":false},"excerpt":{"rendered":"<p>[FM Riachuelo, 17\/10\/2020] Este D\u00eda de la Lealtad, el pueblo busc\u00f3 m\u00faltiples maneras hacerse presente y movilizarse para alzar la memoria de aquel 17 de Octubre, en que trabajadores y trabajadoras fueron protagonistas de un punto de inflexi\u00f3n en la lucha por construir otro mundo posible. Desde FM Riachuelo, realizamos la cobertura de la jornada [&hellip;]<\/p>\n","protected":false},"author":5,"featured_media":12638,"comment_status":"closed","ping_status":"closed","sticky":false,"template":"","format":"standard","meta":{"_monsterinsights_skip_tracking":false,"_monsterinsights_sitenote_active":false,"_monsterinsights_sitenote_note":"","_monsterinsights_sitenote_category":0,"jnews-multi-image_gallery":[],"jnews_single_post":{"format":"standard"},"jnews_primary_category":[],"_joinchat":[],"footnotes":""},"categories":[82,78,145,58],"tags":[],"class_list":["post-12637","post","type-post","status-publish","format-standard","has-post-thumbnail","hentry","category-derechos-humanos","category-economia-popular","category-movimientos-populares","category-noticiariachuelo"],"_links":{"self":[{"href":"http:\/\/fmriachuelo.it10.com.ar\/index.php\/wp-json\/wp\/v2\/posts\/12637","targetHints":{"allow":["GET"]}}],"collection":[{"href":"http:\/\/fmriachuelo.it10.com.ar\/index.php\/wp-json\/wp\/v2\/posts"}],"about":[{"href":"http:\/\/fmriachuelo.it10.com.ar\/index.php\/wp-json\/wp\/v2\/types\/post"}],"author":[{"embeddable":true,"href":"http:\/\/fmriachuelo.it10.com.ar\/index.php\/wp-json\/wp\/v2\/users\/5"}],"replies":[{"embeddable":true,"href":"http:\/\/fmriachuelo.it10.com.ar\/index.php\/wp-json\/wp\/v2\/comments?post=12637"}],"version-history":[{"count":1,"href":"http:\/\/fmriachuelo.it10.com.ar\/index.php\/wp-json\/wp\/v2\/posts\/12637\/revisions"}],"predecessor-version":[{"id":23019,"href":"http:\/\/fmriachuelo.it10.com.ar\/index.php\/wp-json\/wp\/v2\/posts\/12637\/revisions\/23019"}],"wp:featuredmedia":[{"embeddable":true,"href":"http:\/\/fmriachuelo.it10.com.ar\/index.php\/wp-json\/"}],"wp:attachment":[{"href":"http:\/\/fmriachuelo.it10.com.ar\/index.php\/wp-json\/wp\/v2\/media?parent=12637"}],"wp:term":[{"taxonomy":"category","embeddable":true,"href":"http:\/\/fmriachuelo.it10.com.ar\/index.php\/wp-json\/wp\/v2\/categories?post=12637"},{"taxonomy":"post_tag","embeddable":true,"href":"http:\/\/fmriachuelo.it10.com.ar\/index.php\/wp-json\/wp\/v2\/tags?post=12637"}],"curies":[{"name":"wp","href":"https:\/\/api.w.org\/{rel}","templated":true}]}}