{"id":12632,"date":"2020-10-17T00:58:11","date_gmt":"2020-10-17T00:58:11","guid":{"rendered":"http:\/\/fmriachuelo.com.ar\/?p=12632"},"modified":"2025-02-19T14:12:09","modified_gmt":"2025-02-19T17:12:09","slug":"vemos-que-hay-un-pueblo-de-pie-solidario-y-fraterno","status":"publish","type":"post","link":"http:\/\/fmriachuelo.it10.com.ar\/index.php\/2020\/10\/17\/vemos-que-hay-un-pueblo-de-pie-solidario-y-fraterno\/","title":{"rendered":"\u00abVEMOS QUE HAY UN PUEBLO DE PIE, SOLIDARIO Y FRATERNO\u00bb"},"content":{"rendered":"<p><strong>[FM Riachuelo, 16\/10\/2020] En el fin de semana que se viene se condensa un momento de fuerte significaci\u00f3n, hist\u00f3rica y actual, para el subsuelo de la Patria sublevado en nuestro continente: 17 de octubre en Argentina, elecciones en Bolivia el 18\/10 y el primer aniversario del levantamiento del Pueblo chileno contra el neoliberalismo. De estos temas conversamos con Lito Borello, Secretario de Derechos Humanos de la UTEP (Uni\u00f3n de Trabajadores de la Econom\u00eda Popular) y Coordinador Nacional de la Organizaci\u00f3n Social y Pol\u00edtica Los Pibes.<\/strong><\/p>\n<p><em>\u201cCreo que hay una demanda popular de nuestra base, del subsuelo de la patria que tiene que ver con recobrar el protagonismo. Y si algo viene a poner en relevancia esta fecha es que cuando los Pueblos irrumpen en la historia, lo hacen poniendo las patas en la fuente, a patadas y rompiendo puertas. Nunca el Pueblo pide permiso cuando se convierte en protagonista y en productor de su propio destino. (\u2026) As\u00ed es como nace el peronismo. No nace de una alquimia pol\u00edtica en un sal\u00f3n cerrado entre cuatro dirigentes. Nace del protagonismo de los sectores populares, nace del subsuelo de la patria sublevada, nace a pecho abierto, descamisado y grasita\u00bb, reflexion\u00f3 Borello sobre el contexto en el que se reivindica el 75 aniversario del 17 de octubre.\u00bb<\/em><\/p>\n<p><img loading=\"lazy\" decoding=\"async\" class=\"alignright size-medium wp-image-12634\" src=\"http:\/\/fmriachuelo.com.ar\/wp-content\/uploads\/2020\/10\/WhatsApp-Image-2020-10-16-at-18.26.56-300x223.jpeg\" alt=\"\" width=\"300\" height=\"223\" \/><\/p>\n<p>Sobre el proceso electoral que se llevar\u00e1 a cabo el pr\u00f3ximo domingo 18 en Bolivia, Borello destac\u00f3: <em>\u201clo que suceda indefectiblemente afecta a toda la regi\u00f3n y tiene que ver con el proceso de recolonizaci\u00f3n que hacen los poderosos en nuestra regi\u00f3n Latinoamericana. (\u2026) Nosotros tambi\u00e9n tenemos que volver al imaginario de San Mart\u00edn y Bol\u00edvar. Tenemos que tener una estrategia de tipo continental, tener la l\u00f3gica de un solo ej\u00e9rcito latinoamericano para enfrentar la embestida de los poderosos que vienen por la nuestro, a imponer un modelo de dominaci\u00f3n. Por eso Bolivia el 18 somos todos\u201d.<\/em><\/p>\n<p>Escuch\u00e1 la entrevista completa \ud83d\udc47<\/p>\n<p><a href=\"https:\/\/radiocut.fm\/audiocut\/vemos-hay-un-pueblo-pie-solidario-y-fraterno\/\">https:\/\/radiocut.fm\/audiocut\/vemos-hay-un-pueblo-pie-solidario-y-fraterno\/<\/a><\/p>\n","protected":false},"excerpt":{"rendered":"<p>[FM Riachuelo, 16\/10\/2020] En el fin de semana que se viene se condensa un momento de fuerte significaci\u00f3n, hist\u00f3rica y actual, para el subsuelo de la Patria sublevado en nuestro continente: 17 de octubre en Argentina, elecciones en Bolivia el 18\/10 y el primer aniversario del levantamiento del Pueblo chileno contra el neoliberalismo. De estos [&hellip;]<\/p>\n","protected":false},"author":5,"featured_media":12635,"comment_status":"closed","ping_status":"closed","sticky":false,"template":"","format":"standard","meta":{"_monsterinsights_skip_tracking":false,"_monsterinsights_sitenote_active":false,"_monsterinsights_sitenote_note":"","_monsterinsights_sitenote_category":0,"jnews-multi-image_gallery":[],"jnews_single_post":{"format":"standard"},"jnews_primary_category":[],"_joinchat":[],"footnotes":""},"categories":[82,61,145,79],"tags":[],"class_list":["post-12632","post","type-post","status-publish","format-standard","has-post-thumbnail","hentry","category-derechos-humanos","category-especiales-riachuelo","category-movimientos-populares","category-nadie-se-salva-solo"],"_links":{"self":[{"href":"http:\/\/fmriachuelo.it10.com.ar\/index.php\/wp-json\/wp\/v2\/posts\/12632","targetHints":{"allow":["GET"]}}],"collection":[{"href":"http:\/\/fmriachuelo.it10.com.ar\/index.php\/wp-json\/wp\/v2\/posts"}],"about":[{"href":"http:\/\/fmriachuelo.it10.com.ar\/index.php\/wp-json\/wp\/v2\/types\/post"}],"author":[{"embeddable":true,"href":"http:\/\/fmriachuelo.it10.com.ar\/index.php\/wp-json\/wp\/v2\/users\/5"}],"replies":[{"embeddable":true,"href":"http:\/\/fmriachuelo.it10.com.ar\/index.php\/wp-json\/wp\/v2\/comments?post=12632"}],"version-history":[{"count":1,"href":"http:\/\/fmriachuelo.it10.com.ar\/index.php\/wp-json\/wp\/v2\/posts\/12632\/revisions"}],"predecessor-version":[{"id":23020,"href":"http:\/\/fmriachuelo.it10.com.ar\/index.php\/wp-json\/wp\/v2\/posts\/12632\/revisions\/23020"}],"wp:featuredmedia":[{"embeddable":true,"href":"http:\/\/fmriachuelo.it10.com.ar\/index.php\/wp-json\/"}],"wp:attachment":[{"href":"http:\/\/fmriachuelo.it10.com.ar\/index.php\/wp-json\/wp\/v2\/media?parent=12632"}],"wp:term":[{"taxonomy":"category","embeddable":true,"href":"http:\/\/fmriachuelo.it10.com.ar\/index.php\/wp-json\/wp\/v2\/categories?post=12632"},{"taxonomy":"post_tag","embeddable":true,"href":"http:\/\/fmriachuelo.it10.com.ar\/index.php\/wp-json\/wp\/v2\/tags?post=12632"}],"curies":[{"name":"wp","href":"https:\/\/api.w.org\/{rel}","templated":true}]}}