{"id":12627,"date":"2020-10-16T19:43:00","date_gmt":"2020-10-16T19:43:00","guid":{"rendered":"http:\/\/fmriachuelo.com.ar\/?p=12627"},"modified":"2025-02-19T14:12:53","modified_gmt":"2025-02-19T17:12:53","slug":"venezuela-exigen-cambiar-el-nombre-de-una-escuela-por-el-de-un-militante-revolucionario","status":"publish","type":"post","link":"http:\/\/fmriachuelo.it10.com.ar\/index.php\/2020\/10\/16\/venezuela-exigen-cambiar-el-nombre-de-una-escuela-por-el-de-un-militante-revolucionario\/","title":{"rendered":"VENEZUELA: EXIGEN CAMBIAR EL NOMBRE DE UNA ESCUELA POR EL DE UN MILITANTE REVOLUCIONARIO"},"content":{"rendered":"<p><strong>[FM Riachuelo, 16\/10\/2020] En el barrio 23 de Enero de Caracas, la Coordinadora Sim\u00f3n Bol\u00edvar, con el apoyo de otras organizaciones sociales, exige que el nombre la escuela \u00abDiego de Losada\u00bb sea cambiado por el de Jos\u00e9 Vicente Ochoa, un militante revolucionario que muri\u00f3 luchando en la Guerra Civil de El Salvador. Juan Contreras, referente y corresponsal popular de la FM Al son del 23, report\u00f3 para FM Riachuelo los motivos de la exigencia.<\/strong><\/p>\n<p>Diego de Losada fue un genocida, conquistador y saqueador perteneciente las invasiones espa\u00f1olas, y desde enero de 2019 existe el reclamo por el cambio de nombre, ya que esto representa una deshonra a los pueblos originarios que resistieron contra los conquistadores.<\/p>\n<p>Por esta raz\u00f3n, la Coordinadora Sim\u00f3n Bol\u00edvar inici\u00f3 una campa\u00f1a para exhortar al Ministro de Educaci\u00f3n, Arist\u00f3bulo Ist\u00fariz, a que cambie el nombre de la escuela al de Jos\u00e9 Vicente Ochoa, que adem\u00e1s de estudiar en all\u00ed, fue un revolucionario internacionalista que muri\u00f3 en el a\u00f1o 1987 en la lucha que se daba en Centroam\u00e9rica, del lado del pueblo salvadore\u00f1o:<em> \u00abmuere en la lucha por la construcci\u00f3n de una nueva sociedad&#8230; Queremos homenajearlo, y creemos que el mejor homenaje es que esa escuela que lleva el nombre del genocida Diego de Losada pase a llamarse Jos\u00e9 Vicente Ochoa\u00bb<\/em>, expres\u00f3 Juan Contreras.<\/p>\n<div class=\"epyt-video-wrapper\"><iframe loading=\"lazy\"  id=\"_ytid_91089\"  width=\"800\" height=\"450\"  data-origwidth=\"800\" data-origheight=\"450\"  data-relstop=\"1\" src=\"https:\/\/www.youtube.com\/embed\/h-dVcZaqIyg?enablejsapi=1&#038;autoplay=0&#038;cc_load_policy=0&#038;cc_lang_pref=&#038;iv_load_policy=1&#038;loop=0&#038;modestbranding=0&#038;rel=0&#038;fs=1&#038;playsinline=0&#038;autohide=2&#038;theme=dark&#038;color=red&#038;controls=1&#038;\" class=\"__youtube_prefs__  epyt-is-override  no-lazyload\" title=\"YouTube player\"  allow=\"fullscreen; accelerometer; autoplay; clipboard-write; encrypted-media; gyroscope; picture-in-picture\" allowfullscreen data-no-lazy=\"1\" data-skipgform_ajax_framebjll=\"\"><\/iframe><\/div>\n","protected":false},"excerpt":{"rendered":"<p>[FM Riachuelo, 16\/10\/2020] En el barrio 23 de Enero de Caracas, la Coordinadora Sim\u00f3n Bol\u00edvar, con el apoyo de otras organizaciones sociales, exige que el nombre la escuela \u00abDiego de Losada\u00bb sea cambiado por el de Jos\u00e9 Vicente Ochoa, un militante revolucionario que muri\u00f3 luchando en la Guerra Civil de El Salvador. Juan Contreras, referente [&hellip;]<\/p>\n","protected":false},"author":5,"featured_media":12629,"comment_status":"closed","ping_status":"closed","sticky":false,"template":"","format":"standard","meta":{"_monsterinsights_skip_tracking":false,"_monsterinsights_sitenote_active":false,"_monsterinsights_sitenote_note":"","_monsterinsights_sitenote_category":0,"jnews-multi-image_gallery":[],"jnews_single_post":{"format":"standard"},"jnews_primary_category":[],"_joinchat":[],"footnotes":""},"categories":[82,58,130],"tags":[],"class_list":["post-12627","post","type-post","status-publish","format-standard","has-post-thumbnail","hentry","category-derechos-humanos","category-noticiariachuelo","category-patria-grande"],"_links":{"self":[{"href":"http:\/\/fmriachuelo.it10.com.ar\/index.php\/wp-json\/wp\/v2\/posts\/12627","targetHints":{"allow":["GET"]}}],"collection":[{"href":"http:\/\/fmriachuelo.it10.com.ar\/index.php\/wp-json\/wp\/v2\/posts"}],"about":[{"href":"http:\/\/fmriachuelo.it10.com.ar\/index.php\/wp-json\/wp\/v2\/types\/post"}],"author":[{"embeddable":true,"href":"http:\/\/fmriachuelo.it10.com.ar\/index.php\/wp-json\/wp\/v2\/users\/5"}],"replies":[{"embeddable":true,"href":"http:\/\/fmriachuelo.it10.com.ar\/index.php\/wp-json\/wp\/v2\/comments?post=12627"}],"version-history":[{"count":1,"href":"http:\/\/fmriachuelo.it10.com.ar\/index.php\/wp-json\/wp\/v2\/posts\/12627\/revisions"}],"predecessor-version":[{"id":23021,"href":"http:\/\/fmriachuelo.it10.com.ar\/index.php\/wp-json\/wp\/v2\/posts\/12627\/revisions\/23021"}],"wp:featuredmedia":[{"embeddable":true,"href":"http:\/\/fmriachuelo.it10.com.ar\/index.php\/wp-json\/"}],"wp:attachment":[{"href":"http:\/\/fmriachuelo.it10.com.ar\/index.php\/wp-json\/wp\/v2\/media?parent=12627"}],"wp:term":[{"taxonomy":"category","embeddable":true,"href":"http:\/\/fmriachuelo.it10.com.ar\/index.php\/wp-json\/wp\/v2\/categories?post=12627"},{"taxonomy":"post_tag","embeddable":true,"href":"http:\/\/fmriachuelo.it10.com.ar\/index.php\/wp-json\/wp\/v2\/tags?post=12627"}],"curies":[{"name":"wp","href":"https:\/\/api.w.org\/{rel}","templated":true}]}}