{"id":12613,"date":"2020-10-14T16:14:30","date_gmt":"2020-10-14T16:14:30","guid":{"rendered":"http:\/\/fmriachuelo.com.ar\/?p=12613"},"modified":"2025-02-19T14:51:53","modified_gmt":"2025-02-19T17:51:53","slug":"la-boca-operativo-del-centro-de-acceso-a-la-justicia","status":"publish","type":"post","link":"http:\/\/fmriachuelo.it10.com.ar\/index.php\/2020\/10\/14\/la-boca-operativo-del-centro-de-acceso-a-la-justicia\/","title":{"rendered":"LA BOCA: OPERATIVO DEL CENTRO DE ACCESO A LA JUSTICIA"},"content":{"rendered":"<div class=\"kvgmc6g5 cxmmr5t8 oygrvhab hcukyx3x c1et5uql ii04i59q\"><img loading=\"lazy\" decoding=\"async\" class=\" wp-image-12614 aligncenter\" src=\"http:\/\/fmriachuelo.com.ar\/wp-content\/uploads\/2020\/10\/WhatsApp-Image-2020-10-14-at-11.26.05-AM-300x200.jpeg\" alt=\"\" width=\"483\" height=\"322\" \/><\/div>\n<div class=\"kvgmc6g5 cxmmr5t8 oygrvhab hcukyx3x c1et5uql ii04i59q\">\n<div dir=\"auto\"><\/div>\n<div dir=\"auto\"><strong>[FM Riachuelo, 14\/10\/2020]\u00a0 \u00c9sta ma\u00f1ana FM Riachuelo estuvo acompa\u00f1ando la actividad realizada en la Cooperativa Dar\u00edo Santill\u00e1n (Mart\u00edn Rodr\u00edguez 948) de 10 a 14 hs. <\/strong><strong>All\u00ed un grupo organizaciones populares, trabajadores sociales y abogados trabajan en conjunto asesorando al barrio sobre gran variedad de tr\u00e1mites, denuncias, etc.<\/strong><\/div>\n<\/div>\n<div dir=\"auto\"><\/div>\n<div dir=\"auto\"><img loading=\"lazy\" decoding=\"async\" class=\"wp-image-12618 aligncenter\" src=\"http:\/\/fmriachuelo.com.ar\/wp-content\/uploads\/2020\/10\/WhatsApp-Image-2020-10-14-at-11.25.34-AM-2-300x200.jpeg\" alt=\"\" width=\"342\" height=\"228\" \/><\/div>\n<div class=\"o9v6fnle cxmmr5t8 oygrvhab hcukyx3x c1et5uql ii04i59q\">\n<div dir=\"auto\"><\/div>\n<div dir=\"auto\">El <strong>CAJ La Boca<\/strong> atiende en <strong>Olavarr\u00eda 440<\/strong> los d\u00edas <strong>martes y jueves de 10 a 14,30 hs<\/strong>. El tel\u00e9fono para turnos y consultas es <strong>1140226193<\/strong>.<\/div>\n<\/div>\n<p><img loading=\"lazy\" decoding=\"async\" class=\" wp-image-12615 aligncenter\" src=\"http:\/\/fmriachuelo.com.ar\/wp-content\/uploads\/2020\/10\/WhatsApp-Image-2020-10-14-at-11.25.36-AM-300x200.jpeg\" alt=\"\" width=\"337\" height=\"225\" \/><\/p>\n<div class=\"o9v6fnle cxmmr5t8 oygrvhab hcukyx3x c1et5uql ii04i59q\">\n<div dir=\"auto\"><span class=\"pq6dq46d tbxw36s4 knj5qynh kvgmc6g5 ditlmg2l oygrvhab nvdbi5me sf5mxxl7 gl3lb2sf hhz5lgdu\"><img loading=\"lazy\" decoding=\"async\" src=\"https:\/\/static.xx.fbcdn.net\/images\/emoji.php\/v9\/t40\/1\/16\/25b6.png\" alt=\"\u25b6\ufe0f\" width=\"16\" height=\"16\" \/><\/span> Escuch\u00e1 el m\u00f3vil de Mateando en el riachuelo <span class=\"pq6dq46d tbxw36s4 knj5qynh kvgmc6g5 ditlmg2l oygrvhab nvdbi5me sf5mxxl7 gl3lb2sf hhz5lgdu\"><img loading=\"lazy\" decoding=\"async\" src=\"https:\/\/static.xx.fbcdn.net\/images\/emoji.php\/v9\/t2b\/1\/16\/1f399.png\" alt=\"\ud83c\udf99\" width=\"16\" height=\"16\" \/>\u00a0<\/span><a class=\"oajrlxb2 g5ia77u1 qu0x051f esr5mh6w e9989ue4 r7d6kgcz rq0escxv nhd2j8a9 nc684nl6 p7hjln8o kvgmc6g5 cxmmr5t8 oygrvhab hcukyx3x jb3vyjys rz4wbd8a qt6c0cv9 a8nywdso i1ao9s8h esuyzwwr f1sip0of lzcic4wl py34i1dx gpro0wi8\" role=\"link\" href=\"https:\/\/ar.radiocut.fm\/audiocut\/coberturariachuelo-operativo-del-centro-acceso-a-justicia-en-boca\/?fbclid=IwAR07g3jg32mh9XoxoDnIvxJmhYS9jMaHcYGhm2TAnGzn3ZkdRJEwTi1cmm0\" target=\"_blank\" rel=\"nofollow noopener\">https:\/\/ar.radiocut.fm\/&#8230;\/coberturariachuelo-operativo&#8230;\/<\/a><\/div>\n<div dir=\"auto\"><\/div>\n<\/div>\n","protected":false},"excerpt":{"rendered":"<p>[FM Riachuelo, 14\/10\/2020]\u00a0 \u00c9sta ma\u00f1ana FM Riachuelo estuvo acompa\u00f1ando la actividad realizada en la Cooperativa Dar\u00edo Santill\u00e1n (Mart\u00edn Rodr\u00edguez 948) de 10 a 14 hs. All\u00ed un grupo organizaciones populares, trabajadores sociales y abogados trabajan en conjunto asesorando al barrio sobre gran variedad de tr\u00e1mites, denuncias, etc. El CAJ La Boca atiende en Olavarr\u00eda 440 [&hellip;]<\/p>\n","protected":false},"author":5,"featured_media":0,"comment_status":"closed","ping_status":"closed","sticky":false,"template":"","format":"standard","meta":{"_monsterinsights_skip_tracking":false,"_monsterinsights_sitenote_active":false,"_monsterinsights_sitenote_note":"","_monsterinsights_sitenote_category":0,"jnews-multi-image_gallery":[],"jnews_single_post":{"format":"standard"},"jnews_primary_category":[],"_joinchat":[],"footnotes":""},"categories":[82,1,79,58],"tags":[],"class_list":["post-12613","post","type-post","status-publish","format-standard","hentry","category-derechos-humanos","category-habitat","category-nadie-se-salva-solo","category-noticiariachuelo"],"_links":{"self":[{"href":"http:\/\/fmriachuelo.it10.com.ar\/index.php\/wp-json\/wp\/v2\/posts\/12613","targetHints":{"allow":["GET"]}}],"collection":[{"href":"http:\/\/fmriachuelo.it10.com.ar\/index.php\/wp-json\/wp\/v2\/posts"}],"about":[{"href":"http:\/\/fmriachuelo.it10.com.ar\/index.php\/wp-json\/wp\/v2\/types\/post"}],"author":[{"embeddable":true,"href":"http:\/\/fmriachuelo.it10.com.ar\/index.php\/wp-json\/wp\/v2\/users\/5"}],"replies":[{"embeddable":true,"href":"http:\/\/fmriachuelo.it10.com.ar\/index.php\/wp-json\/wp\/v2\/comments?post=12613"}],"version-history":[{"count":2,"href":"http:\/\/fmriachuelo.it10.com.ar\/index.php\/wp-json\/wp\/v2\/posts\/12613\/revisions"}],"predecessor-version":[{"id":23026,"href":"http:\/\/fmriachuelo.it10.com.ar\/index.php\/wp-json\/wp\/v2\/posts\/12613\/revisions\/23026"}],"wp:attachment":[{"href":"http:\/\/fmriachuelo.it10.com.ar\/index.php\/wp-json\/wp\/v2\/media?parent=12613"}],"wp:term":[{"taxonomy":"category","embeddable":true,"href":"http:\/\/fmriachuelo.it10.com.ar\/index.php\/wp-json\/wp\/v2\/categories?post=12613"},{"taxonomy":"post_tag","embeddable":true,"href":"http:\/\/fmriachuelo.it10.com.ar\/index.php\/wp-json\/wp\/v2\/tags?post=12613"}],"curies":[{"name":"wp","href":"https:\/\/api.w.org\/{rel}","templated":true}]}}