{"id":12574,"date":"2020-10-06T15:23:53","date_gmt":"2020-10-06T15:23:53","guid":{"rendered":"http:\/\/fmriachuelo.com.ar\/?p=12574"},"modified":"2025-02-19T14:55:22","modified_gmt":"2025-02-19T17:55:22","slug":"columna-sobre-violencia-institucional-las-carceles-son-como-jaulas-humanas-de-clases","status":"publish","type":"post","link":"http:\/\/fmriachuelo.it10.com.ar\/index.php\/2020\/10\/06\/columna-sobre-violencia-institucional-las-carceles-son-como-jaulas-humanas-de-clases\/","title":{"rendered":"COLUMNA SOBRE VIOLENCIA INSTITUCIONAL: \u201cLAS CARCELES SON COMO JAULAS HUMANAS DE CLASES\u201d"},"content":{"rendered":"<p><strong>[FM Riachuelo, 06\/10\/2020]\u00a0<\/strong>Hoy en mateando en la Riachuelo (Lunes a Viernes de 10 a 12hs) En la Columna de \u00a8Violencia Institucional\u00a8 <em><strong>espacio donde de denuncia los casos de Violencia, Gatillo f\u00e1cil, se comparte historias de lucha y organizaci\u00f3n que a pesar del dolor siguen pidiendo Justicia.<\/strong><\/em><\/p>\n<p>Hoy con la visita de Alfredo Cuellar pap\u00e1 de Florencia \u201cchina\u201d Cuellar, asesinada un d\u00eda antes de salir en libertad, el 23 de diciembre de 2012, en el Complejo Penitenciario Federal 4, c\u00e1rcel de Ezeiza. La \u201cchina\u201d ten\u00eda 23 a\u00f1os, viv\u00eda en Parque Patricios.<\/p>\n<p><img loading=\"lazy\" decoding=\"async\" class=\"alignright size-medium wp-image-12576\" src=\"http:\/\/fmriachuelo.com.ar\/wp-content\/uploads\/2020\/10\/arton2091-300x300.jpg\" alt=\"\" width=\"300\" height=\"300\" \/><\/p>\n<p>Alfredo profundiza sobre situaci\u00f3n de las c\u00e1rceles el hacinamiento y causas armadas. <em>\u201cA mi hija la usaron como trofeo de guerra por su lucha contra los abusos del servicio penitenciario, la callaron sac\u00e1ndole la vida, siento mucha indignaci\u00f3n y bronca pero la transformo en lucha para destapar la impunidad de las c\u00e1rceles\u201d<\/em><\/p>\n<p>Escucha la Entrevista Completa: <a href=\"https:\/\/ar.radiocut.fm\/audiocut\/columna-sobre-violencia-institucional-carceles-son-como-jaulas-humanas-clases\/\">https:\/\/ar.radiocut.fm\/audiocut\/columna-sobre-violencia-institucional-carceles-son-como-jaulas-humanas-clases\/<\/a><\/p>\n<p>M\u00edralo en Instagram:<\/p>\n<p><a href=\"https:\/\/www.instagram.com\/p\/CGAZrHZghd-\/\">https:\/\/www.instagram.com\/p\/CGAZrHZghd-\/<\/a><\/p>\n","protected":false},"excerpt":{"rendered":"<p>[FM Riachuelo, 06\/10\/2020]\u00a0Hoy en mateando en la Riachuelo (Lunes a Viernes de 10 a 12hs) En la Columna de \u00a8Violencia Institucional\u00a8 espacio donde de denuncia los casos de Violencia, Gatillo f\u00e1cil, se comparte historias de lucha y organizaci\u00f3n que a pesar del dolor siguen pidiendo Justicia. Hoy con la visita de Alfredo Cuellar pap\u00e1 de [&hellip;]<\/p>\n","protected":false},"author":5,"featured_media":12575,"comment_status":"closed","ping_status":"closed","sticky":false,"template":"","format":"standard","meta":{"_monsterinsights_skip_tracking":false,"_monsterinsights_sitenote_active":false,"_monsterinsights_sitenote_note":"","_monsterinsights_sitenote_category":0,"jnews-multi-image_gallery":[],"jnews_single_post":{"format":"standard"},"jnews_primary_category":[],"_joinchat":[],"footnotes":""},"categories":[82,58,144],"tags":[],"class_list":["post-12574","post","type-post","status-publish","format-standard","has-post-thumbnail","hentry","category-derechos-humanos","category-noticiariachuelo","category-violencia-institucional"],"_links":{"self":[{"href":"http:\/\/fmriachuelo.it10.com.ar\/index.php\/wp-json\/wp\/v2\/posts\/12574","targetHints":{"allow":["GET"]}}],"collection":[{"href":"http:\/\/fmriachuelo.it10.com.ar\/index.php\/wp-json\/wp\/v2\/posts"}],"about":[{"href":"http:\/\/fmriachuelo.it10.com.ar\/index.php\/wp-json\/wp\/v2\/types\/post"}],"author":[{"embeddable":true,"href":"http:\/\/fmriachuelo.it10.com.ar\/index.php\/wp-json\/wp\/v2\/users\/5"}],"replies":[{"embeddable":true,"href":"http:\/\/fmriachuelo.it10.com.ar\/index.php\/wp-json\/wp\/v2\/comments?post=12574"}],"version-history":[{"count":1,"href":"http:\/\/fmriachuelo.it10.com.ar\/index.php\/wp-json\/wp\/v2\/posts\/12574\/revisions"}],"predecessor-version":[{"id":23033,"href":"http:\/\/fmriachuelo.it10.com.ar\/index.php\/wp-json\/wp\/v2\/posts\/12574\/revisions\/23033"}],"wp:featuredmedia":[{"embeddable":true,"href":"http:\/\/fmriachuelo.it10.com.ar\/index.php\/wp-json\/"}],"wp:attachment":[{"href":"http:\/\/fmriachuelo.it10.com.ar\/index.php\/wp-json\/wp\/v2\/media?parent=12574"}],"wp:term":[{"taxonomy":"category","embeddable":true,"href":"http:\/\/fmriachuelo.it10.com.ar\/index.php\/wp-json\/wp\/v2\/categories?post=12574"},{"taxonomy":"post_tag","embeddable":true,"href":"http:\/\/fmriachuelo.it10.com.ar\/index.php\/wp-json\/wp\/v2\/tags?post=12574"}],"curies":[{"name":"wp","href":"https:\/\/api.w.org\/{rel}","templated":true}]}}