{"id":12548,"date":"2020-10-01T19:25:15","date_gmt":"2020-10-01T19:25:15","guid":{"rendered":"http:\/\/fmriachuelo.com.ar\/?p=12548"},"modified":"2025-02-19T15:02:28","modified_gmt":"2025-02-19T18:02:28","slug":"donde-esta-carlos-lanz","status":"publish","type":"post","link":"http:\/\/fmriachuelo.it10.com.ar\/index.php\/2020\/10\/01\/donde-esta-carlos-lanz\/","title":{"rendered":"\u00bfD\u00d3NDE EST\u00c1 CARLOS LANZ?"},"content":{"rendered":"<p><strong>[FM Riachuelo, 1\/10\/2020] Carlos Lanz Rodr\u00edguez, militante, educador y divulgador revolucionario de la Rep\u00fablica de Venezuela, cuya\u00a0figura tiene especial relevancia en el estudio de las estrategias de los enemigos del pueblo latinoamericano, lleva 51 d\u00edas desaparecido, desde el 8 de agosto de este a\u00f1o. Juan Contreras, integrante de la Coordinadora Sim\u00f3n Bol\u00edvar, report\u00f3 para FM Riachuelo c\u00f3mo el pueblo venezolano se organiza para exigir su aparici\u00f3n con vida.<\/strong><\/p>\n<p><img loading=\"lazy\" decoding=\"async\" class=\" wp-image-12553 alignleft\" src=\"http:\/\/fmriachuelo.com.ar\/wp-content\/uploads\/2020\/10\/WhatsApp-Image-2020-10-01-at-13.50.51-1.jpeg\" alt=\"\" width=\"339\" height=\"226\" \/>Ayer se realiz\u00f3 una concentraci\u00f3n y una caminata alrededor de la Plaza Bol\u00edvar de Caracas, emulando la experiencia de las Madres de la Plaza de Mayo por los desaparecidos en nuestro pa\u00eds, frente a la Casa Rosada. Esta actividad, que se realiza todos los mi\u00e9rcoles, tiene como objetivo visibilizar y llamar la atenci\u00f3n acerca de la desaparici\u00f3n de Carlos Lanz.<\/p>\n<p><strong>\u00abPresumimos que este acto inhumano viene por parte de los sectores de la contrarrevoluci\u00f3n, de la derecha rancia, de esta derecha ap\u00e1trida, que busca destruir al proceso revolucionario\u00bb<\/strong>, asegur\u00f3 Juan Contreras, que no dej\u00f3 de lado el car\u00e1cter regional del caso: <strong>\u00abes importante que las organizaciones sociales del mundo se solidaricen, es importante que conozcan este caso que hoy se presenta en el marco del proceso bolivariano, y en el marco de una agresi\u00f3n de una contraofensiva que lleva a cabo el imperio norteamericano contra la revoluci\u00f3n bolivariana y contra todos los procesos progresistas en Am\u00e9rica Latina y El Caribe\u00bb.<\/strong><\/p>\n","protected":false},"excerpt":{"rendered":"<p>[FM Riachuelo, 1\/10\/2020] Carlos Lanz Rodr\u00edguez, militante, educador y divulgador revolucionario de la Rep\u00fablica de Venezuela, cuya\u00a0figura tiene especial relevancia en el estudio de las estrategias de los enemigos del pueblo latinoamericano, lleva 51 d\u00edas desaparecido, desde el 8 de agosto de este a\u00f1o. Juan Contreras, integrante de la Coordinadora Sim\u00f3n Bol\u00edvar, report\u00f3 para FM [&hellip;]<\/p>\n","protected":false},"author":5,"featured_media":12551,"comment_status":"closed","ping_status":"closed","sticky":false,"template":"","format":"standard","meta":{"_monsterinsights_skip_tracking":false,"_monsterinsights_sitenote_active":false,"_monsterinsights_sitenote_note":"","_monsterinsights_sitenote_category":0,"jnews-multi-image_gallery":[],"jnews_single_post":{"format":"standard"},"jnews_primary_category":[],"_joinchat":[],"footnotes":""},"categories":[82,58,130],"tags":[],"class_list":["post-12548","post","type-post","status-publish","format-standard","has-post-thumbnail","hentry","category-derechos-humanos","category-noticiariachuelo","category-patria-grande"],"_links":{"self":[{"href":"http:\/\/fmriachuelo.it10.com.ar\/index.php\/wp-json\/wp\/v2\/posts\/12548","targetHints":{"allow":["GET"]}}],"collection":[{"href":"http:\/\/fmriachuelo.it10.com.ar\/index.php\/wp-json\/wp\/v2\/posts"}],"about":[{"href":"http:\/\/fmriachuelo.it10.com.ar\/index.php\/wp-json\/wp\/v2\/types\/post"}],"author":[{"embeddable":true,"href":"http:\/\/fmriachuelo.it10.com.ar\/index.php\/wp-json\/wp\/v2\/users\/5"}],"replies":[{"embeddable":true,"href":"http:\/\/fmriachuelo.it10.com.ar\/index.php\/wp-json\/wp\/v2\/comments?post=12548"}],"version-history":[{"count":1,"href":"http:\/\/fmriachuelo.it10.com.ar\/index.php\/wp-json\/wp\/v2\/posts\/12548\/revisions"}],"predecessor-version":[{"id":23035,"href":"http:\/\/fmriachuelo.it10.com.ar\/index.php\/wp-json\/wp\/v2\/posts\/12548\/revisions\/23035"}],"wp:featuredmedia":[{"embeddable":true,"href":"http:\/\/fmriachuelo.it10.com.ar\/index.php\/wp-json\/"}],"wp:attachment":[{"href":"http:\/\/fmriachuelo.it10.com.ar\/index.php\/wp-json\/wp\/v2\/media?parent=12548"}],"wp:term":[{"taxonomy":"category","embeddable":true,"href":"http:\/\/fmriachuelo.it10.com.ar\/index.php\/wp-json\/wp\/v2\/categories?post=12548"},{"taxonomy":"post_tag","embeddable":true,"href":"http:\/\/fmriachuelo.it10.com.ar\/index.php\/wp-json\/wp\/v2\/tags?post=12548"}],"curies":[{"name":"wp","href":"https:\/\/api.w.org\/{rel}","templated":true}]}}