{"id":12450,"date":"2020-09-01T18:09:46","date_gmt":"2020-09-01T18:09:46","guid":{"rendered":"http:\/\/fmriachuelo.com.ar\/?p=12450"},"modified":"2025-02-19T15:19:33","modified_gmt":"2025-02-19T18:19:33","slug":"el-imperialismo-cruzo-una-linea-aparicionconvidadecarloslanz","status":"publish","type":"post","link":"http:\/\/fmriachuelo.it10.com.ar\/index.php\/2020\/09\/01\/el-imperialismo-cruzo-una-linea-aparicionconvidadecarloslanz\/","title":{"rendered":"\u201cEL IMPERIALISMO CRUZ\u00d3 UNA L\u00cdNEA\u201d #Aparici\u00f3nConVidaDeCarlosLanz"},"content":{"rendered":"<p><strong>[FM Riachuelo, 1\/9\/2020] Carlos Lanz, militante revolucionario y bolivariano, y te\u00f3rico de las guerras no convencionales contra los Pueblos de Am\u00e9rica, desapareci\u00f3 de su casa el pasado 8 de agosto. Desde entonces sus familiares y compa\u00f1erxs en la militancia de la Revoluci\u00f3n Bolivariana exigen su aparici\u00f3n y sospechan de una maniobra del imperialismo yanqui en una nueva agresi\u00f3n contra Venezuela. Desde FM Riachuelo, hicimos una transmisi\u00f3n especial en el programa de Romp\u00e9 el Cerco del pasado viernes 28 de agosto, a 20 d\u00edas de su desaparici\u00f3n, entrevistando a diversos referentes del campo popular.<\/strong><\/p>\n<p>Entre otros aportes, el militante venezolano fue quien desarroll\u00f3 las investigaciones acerca de las guerras no convencionales llevadas adelante por el imperio estadounidense, como las \u201cproxy war\u201d, las guerras h\u00edbridas y las de cuarta generaci\u00f3n, y se dedic\u00f3 a ser divulgador de estas investigaciones en aras de ampliar el conocimiento acerca del enemigo y potenciar la lucha y la resistencia. Por esto, <strong>el referente de la Coordinadora Sim\u00f3n Bol\u00edvar de la parroquia 23 de enero de Caracas, Juan Contreras<\/strong>, no descarta la hip\u00f3tesis de que su desaparici\u00f3n se trate de una maniobra imperialista: <a href=\"https:\/\/soundcloud.com\/prensa-fm-riachuelo\/entrevista-a-juan-contreras?in=prensa-fm-riachuelo\/sets\/transmision-especial-donde-cono-esta-carlos-lanz\">\u201cpodr\u00edamos pensar que detr\u00e1s de todo esto est\u00e1 la ultraderecha venezolana, y por supuesto los organismos de inteligencia del imperio Norteamericano, porque Carlos es ese hombre vinculado al pueblo\u2026 en la formaci\u00f3n y en el dise\u00f1o de toda esta teor\u00eda\u201d.<\/a><img loading=\"lazy\" decoding=\"async\" class=\" wp-image-12453 alignleft\" src=\"http:\/\/fmriachuelo.com.ar\/wp-content\/uploads\/2020\/09\/WhatsApp-Image-2020-09-01-at-14.25.40-300x225.jpeg\" alt=\"\" width=\"408\" height=\"306\" \/><\/p>\n<p>De esta manera, no se trata \u00fanicamente de ejercer la solidaridad entre los pueblos de nuestra regi\u00f3n, como pr\u00e1ctica pol\u00edtica que no es cotidiana, sino tambi\u00e9n de interpretar la dimensi\u00f3n de lo que est\u00e1 sucediendo en Nuestra Am\u00e9rica. <a href=\"https:\/\/soundcloud.com\/prensa-fm-riachuelo\/entrevista-a-lito-borello?in=prensa-fm-riachuelo\/sets\/transmision-especial-donde-cono-esta-carlos-lanz\">\u201cEl imperialismo cruz\u00f3 una l\u00ednea\u201d<\/a>, expres\u00f3 <strong>Lito Borello, Coordinador Nacional de la Organizaci\u00f3n Los Pibes y Secretario de DDHH de la UTEP<\/strong>, y enfatiz\u00f3 en la necesidad de estar alerta frente al proceso de recolonizaci\u00f3n que vive la regi\u00f3n, y la urgencia de la continentalizar la resistencia contra los poderes f\u00e1cticos.<a href=\"https:\/\/soundcloud.com\/prensa-fm-riachuelo\/entrevista-a-lito-borello?in=prensa-fm-riachuelo\/sets\/transmision-especial-donde-cono-esta-carlos-lanz\"> \u201cQue no se atrevan, porque nuestros pueblos tienen historia de ponerse de pie\u201d<\/a>, asegur\u00f3.<\/p>\n<p>Recuperando un mensaje de David Choquehuanca, candidato a vicepresidente de Bolivia por el MAS,<strong> la integrante de Convocatoria Segunda Independencia, Carina Maloberti<\/strong>, reflexion\u00f3 sobre que una de las formas de organizarse frente a la opresi\u00f3n que va dise\u00f1ando el imperialismo es volver a la ra\u00edces, al v\u00ednculo directo en comunidad, recuperando la integridad y la unidad en lo diverso; volver a recuperar el ser: <a href=\"https:\/\/soundcloud.com\/prensa-fm-riachuelo\/sets\/transmision-especial-donde-cono-esta-carlos-lanz\">\u201chay que hacer todo lo contrario a lo que nos imponen\u2026 nosotros vamos a buscar la verdad a nuestros barrios, y desde all\u00ed volvemos a tomar el sendero y el rumbo, y eso les molesta\u2026 porque ah\u00ed recuperamos el ser, que es lo que ellos quieren desintegrar para dominarnos\u201d.<\/a><\/p>\n<p>Carlos Lanz tambi\u00e9n militaba sobre el eje alimentario, uno de los principales mecanismos de dominaci\u00f3n del enemigo, que utiliza el hambre como arma principal para practicar el genocidio sobre nuestros pueblos; de esta manera, se encarga de desarticular cualquier experiencia de soberan\u00eda alimentaria, que cuestione el origen y la funci\u00f3n de los alimentos en la comunidad. As\u00ed, ser soberanos sobre nuestra alimentaci\u00f3n es fundamental para que no nos arrebaten nuestras ra\u00edces: <a href=\"https:\/\/soundcloud.com\/prensa-fm-riachuelo\/entrevista-a-laura-scheid-de?in=prensa-fm-riachuelo\/sets\/transmision-especial-donde-cono-esta-carlos-lanz\">\u201cestamos convencidos de que es desde los territorios, con los compa\u00f1eros en las barriadas, con los compa\u00f1eros organizados a nivel sindical, desde ATE tratamos de tener todas las herramientas del Estado a servicio del pueblo y eso es lo que tratamos de disputar todos los d\u00edas desde nuestros lugares de trabajo, articul\u00e1ndolo con las realidades que tenemos en los barrios\u201d<\/a>, expres\u00f3 <strong>Laura Scheid, militante sindical en el SENASA e integrante de la Uni\u00f3n Latinoamericana de T\u00e9cnicos Rurales y Agrarios.<\/strong><\/p>\n<p><a href=\"https:\/\/soundcloud.com\/prensa-fm-riachuelo\/entrevista-al-negro-juan?in=prensa-fm-riachuelo\/sets\/transmision-especial-donde-cono-esta-carlos-lanz\">\u201cNo est\u00e1 alcanzando con estar amontonados. Hace falta una unidad del campo popular, de construcci\u00f3n pol\u00edtica, m\u00e1s all\u00e1 de lo que estamos haciendo\u201d<\/a>, alert\u00f3 <strong>Juan Carlos S\u00e1nchez<\/strong>, aportando desde una organizaci\u00f3n de base que lucha por Tierra, Techo y Tabajo, como lo es <strong>el Frente Barrial \u201cPocho Lepratti\u201d de La Paz, Entre R\u00edos.<\/strong><\/p>\n<p>Quiz\u00e1s el desaf\u00edo, como se\u00f1alaba Juan Contreras, consista en lograr una plataforma continental de comunicaci\u00f3n comunitaria: como ocurri\u00f3 con la marat\u00f3n radial para visibilizar y hermanar nuestra lucha con la del pueblo hermano boliviano, los medios comunitarios son imprescindibles para lograr la unidad latinoamericana y caribe\u00f1a. Y es que queda en claro que todo lo ocurrido en las patrias chicas de Nuestra Am\u00e9rica tiene dimensi\u00f3n en nuestra Patria Grande, y todo lo que sucede en nuestros barrios es de car\u00e1cter internacional. Por eso, ante esta maniobra del imperialismo, se erige la solidaridad y la diplomacia de los pueblos; es decir, como dec\u00eda Evita, a la fuerza brutal de la antipatria, oponemos la fuerza del pueblo organizado.<\/p>\n<p>Escuch\u00e1 las entrevistas:<\/p>\n<p><iframe loading=\"lazy\" title=\"28-8-2020 TRANSMISI\u00d3N ESPECIAL: \u00bfD\u00d3NDE CO\u00d1O EST\u00c1 CARLOS LANZ? by FMR\" width=\"500\" height=\"450\" scrolling=\"no\" frameborder=\"no\" src=\"https:\/\/w.soundcloud.com\/player\/?visual=true&#038;url=https%3A%2F%2Fapi.soundcloud.com%2Fplaylists%2F1119470203&#038;show_artwork=true&#038;maxheight=750&#038;maxwidth=500\"><\/iframe><\/p>\n","protected":false},"excerpt":{"rendered":"<p>[FM Riachuelo, 1\/9\/2020] Carlos Lanz, militante revolucionario y bolivariano, y te\u00f3rico de las guerras no convencionales contra los Pueblos de Am\u00e9rica, desapareci\u00f3 de su casa el pasado 8 de agosto. Desde entonces sus familiares y compa\u00f1erxs en la militancia de la Revoluci\u00f3n Bolivariana exigen su aparici\u00f3n y sospechan de una maniobra del imperialismo yanqui en [&hellip;]<\/p>\n","protected":false},"author":5,"featured_media":12451,"comment_status":"closed","ping_status":"closed","sticky":false,"template":"","format":"standard","meta":{"_monsterinsights_skip_tracking":false,"_monsterinsights_sitenote_active":false,"_monsterinsights_sitenote_note":"","_monsterinsights_sitenote_category":0,"jnews-multi-image_gallery":[],"jnews_single_post":{"format":"standard"},"jnews_primary_category":[],"_joinchat":[],"footnotes":""},"categories":[141,82,58,130],"tags":[],"class_list":["post-12450","post","type-post","status-publish","format-standard","has-post-thumbnail","hentry","category-comunicacion-popular","category-derechos-humanos","category-noticiariachuelo","category-patria-grande"],"_links":{"self":[{"href":"http:\/\/fmriachuelo.it10.com.ar\/index.php\/wp-json\/wp\/v2\/posts\/12450","targetHints":{"allow":["GET"]}}],"collection":[{"href":"http:\/\/fmriachuelo.it10.com.ar\/index.php\/wp-json\/wp\/v2\/posts"}],"about":[{"href":"http:\/\/fmriachuelo.it10.com.ar\/index.php\/wp-json\/wp\/v2\/types\/post"}],"author":[{"embeddable":true,"href":"http:\/\/fmriachuelo.it10.com.ar\/index.php\/wp-json\/wp\/v2\/users\/5"}],"replies":[{"embeddable":true,"href":"http:\/\/fmriachuelo.it10.com.ar\/index.php\/wp-json\/wp\/v2\/comments?post=12450"}],"version-history":[{"count":1,"href":"http:\/\/fmriachuelo.it10.com.ar\/index.php\/wp-json\/wp\/v2\/posts\/12450\/revisions"}],"predecessor-version":[{"id":23054,"href":"http:\/\/fmriachuelo.it10.com.ar\/index.php\/wp-json\/wp\/v2\/posts\/12450\/revisions\/23054"}],"wp:featuredmedia":[{"embeddable":true,"href":"http:\/\/fmriachuelo.it10.com.ar\/index.php\/wp-json\/"}],"wp:attachment":[{"href":"http:\/\/fmriachuelo.it10.com.ar\/index.php\/wp-json\/wp\/v2\/media?parent=12450"}],"wp:term":[{"taxonomy":"category","embeddable":true,"href":"http:\/\/fmriachuelo.it10.com.ar\/index.php\/wp-json\/wp\/v2\/categories?post=12450"},{"taxonomy":"post_tag","embeddable":true,"href":"http:\/\/fmriachuelo.it10.com.ar\/index.php\/wp-json\/wp\/v2\/tags?post=12450"}],"curies":[{"name":"wp","href":"https:\/\/api.w.org\/{rel}","templated":true}]}}