{"id":12433,"date":"2020-08-26T20:41:33","date_gmt":"2020-08-26T20:41:33","guid":{"rendered":"http:\/\/fmriachuelo.com.ar\/?p=12433"},"modified":"2025-02-19T15:55:09","modified_gmt":"2025-02-19T18:55:09","slug":"la-boca-no-al-pago-de-la-deuda-fuera-fmi-la-olla-popular-como-herramienta-para-visibilizar","status":"publish","type":"post","link":"http:\/\/fmriachuelo.it10.com.ar\/index.php\/2020\/08\/26\/la-boca-no-al-pago-de-la-deuda-fuera-fmi-la-olla-popular-como-herramienta-para-visibilizar\/","title":{"rendered":"LA BOCA: NO AL PAGO DE LA DEUDA, FUERA FMI \u201cLA OLLA POPULAR COMO HERRAMIENTA PARA VISIBILIZAR\u201d"},"content":{"rendered":"<p><strong>[FM Riachuelo, 26\/08\/2020]\u00a0Desde la esquina de Su\u00e1rez y Palos, FM Riachuelo estuvo presente en la Olla Popular que realizo MTL Rebelde (Movimiento Territorial de Liberaci\u00f3n) del barrio de la Boca, bajo la consigna <em>#FueraFMI y #LaDeudaEsConElPueblo<\/em> , la Olla como muestra solidaria de acompa\u00f1ar al barrio en un momento tan complejo como el que se est\u00e1 atravesando.<\/strong><\/p>\n<p><img loading=\"lazy\" decoding=\"async\" class=\"alignright size-medium wp-image-12436\" src=\"http:\/\/fmriachuelo.com.ar\/wp-content\/uploads\/2020\/08\/MTL-REBELDE-BOCA-1-300x150.jpeg\" alt=\"\" width=\"300\" height=\"150\" \/><\/p>\n<p>Celia, una de las integrantes del movimiento, habla sobre la importancia de las Ollas, como una manera de <strong>\u201cmostrar la necesidad misma\u201d<\/strong> es la forma de visibilizar para decir <strong>#NoAlpagoDeLaDeuda<\/strong> porque no favoreci\u00f3 al pueblo. Somos un barrio humilde por eso vemos que las familias realizan largas filas desde muy temprano para llevarse un plato de comida a sus hogares, <strong>\u201cEs la manera de hacernos visibles, porque desde los medios hegem\u00f3nicos nos quieren distraer con otras noticias\u201d.<\/strong><\/p>\n<p><img loading=\"lazy\" decoding=\"async\" class=\"alignleft size-medium wp-image-12435\" src=\"http:\/\/fmriachuelo.com.ar\/wp-content\/uploads\/2020\/08\/MTL-REBELDE-BOCA-300x150.jpeg\" alt=\"\" width=\"300\" height=\"150\" \/><\/p>\n<p>El gobierno anterior dej\u00f3 la deuda m\u00e1s grande en la historia de la Argentina y del Fondo que ni se acercaron a la mesa de los trabajadores de la Argentina, y menos a los sistemas p\u00fablicos de salud o de educaci\u00f3n, a penas sostenidos por el esfuerzo y compromiso de trabajadores cada vez m\u00e1s acogotados por la persecuci\u00f3n y los despidos.<\/p>\n<p>Escucha la entrevista Completa:<\/p>\n<p><a href=\"https:\/\/soundcloud.com\/prensa-fm-riachuelo\/la-boca-un-barrio-activo-fuera-fmi-la-olla-popular-como-herramienta-para-visibilizar\">https:\/\/soundcloud.com\/prensa-fm-riachuelo\/la-boca-un-barrio-activo-fuera-fmi-la-olla-popular-como-herramienta-para-visibilizar<\/a><\/p>\n","protected":false},"excerpt":{"rendered":"<p>[FM Riachuelo, 26\/08\/2020]\u00a0Desde la esquina de Su\u00e1rez y Palos, FM Riachuelo estuvo presente en la Olla Popular que realizo MTL Rebelde (Movimiento Territorial de Liberaci\u00f3n) del barrio de la Boca, bajo la consigna #FueraFMI y #LaDeudaEsConElPueblo , la Olla como muestra solidaria de acompa\u00f1ar al barrio en un momento tan complejo como el que se [&hellip;]<\/p>\n","protected":false},"author":5,"featured_media":12434,"comment_status":"closed","ping_status":"closed","sticky":false,"template":"","format":"standard","meta":{"_monsterinsights_skip_tracking":false,"_monsterinsights_sitenote_active":false,"_monsterinsights_sitenote_note":"","_monsterinsights_sitenote_category":0,"jnews-multi-image_gallery":[],"jnews_single_post":{"format":"standard"},"jnews_primary_category":[],"_joinchat":[],"footnotes":""},"categories":[82,78,79,58],"tags":[],"class_list":["post-12433","post","type-post","status-publish","format-standard","has-post-thumbnail","hentry","category-derechos-humanos","category-economia-popular","category-nadie-se-salva-solo","category-noticiariachuelo"],"_links":{"self":[{"href":"http:\/\/fmriachuelo.it10.com.ar\/index.php\/wp-json\/wp\/v2\/posts\/12433","targetHints":{"allow":["GET"]}}],"collection":[{"href":"http:\/\/fmriachuelo.it10.com.ar\/index.php\/wp-json\/wp\/v2\/posts"}],"about":[{"href":"http:\/\/fmriachuelo.it10.com.ar\/index.php\/wp-json\/wp\/v2\/types\/post"}],"author":[{"embeddable":true,"href":"http:\/\/fmriachuelo.it10.com.ar\/index.php\/wp-json\/wp\/v2\/users\/5"}],"replies":[{"embeddable":true,"href":"http:\/\/fmriachuelo.it10.com.ar\/index.php\/wp-json\/wp\/v2\/comments?post=12433"}],"version-history":[{"count":2,"href":"http:\/\/fmriachuelo.it10.com.ar\/index.php\/wp-json\/wp\/v2\/posts\/12433\/revisions"}],"predecessor-version":[{"id":23061,"href":"http:\/\/fmriachuelo.it10.com.ar\/index.php\/wp-json\/wp\/v2\/posts\/12433\/revisions\/23061"}],"wp:featuredmedia":[{"embeddable":true,"href":"http:\/\/fmriachuelo.it10.com.ar\/index.php\/wp-json\/"}],"wp:attachment":[{"href":"http:\/\/fmriachuelo.it10.com.ar\/index.php\/wp-json\/wp\/v2\/media?parent=12433"}],"wp:term":[{"taxonomy":"category","embeddable":true,"href":"http:\/\/fmriachuelo.it10.com.ar\/index.php\/wp-json\/wp\/v2\/categories?post=12433"},{"taxonomy":"post_tag","embeddable":true,"href":"http:\/\/fmriachuelo.it10.com.ar\/index.php\/wp-json\/wp\/v2\/tags?post=12433"}],"curies":[{"name":"wp","href":"https:\/\/api.w.org\/{rel}","templated":true}]}}