{"id":12428,"date":"2020-08-26T16:05:14","date_gmt":"2020-08-26T16:05:14","guid":{"rendered":"http:\/\/fmriachuelo.com.ar\/?p=12428"},"modified":"2025-02-19T15:56:49","modified_gmt":"2025-02-19T18:56:49","slug":"columna-rap-de-las-luchas-populares-nuestros-pibxs-necesitan-proyectos-y-alternativas","status":"publish","type":"post","link":"http:\/\/fmriachuelo.it10.com.ar\/index.php\/2020\/08\/26\/columna-rap-de-las-luchas-populares-nuestros-pibxs-necesitan-proyectos-y-alternativas\/","title":{"rendered":"COLUMNA RAP DE LAS LUCHAS POPULARES: \u201cNUESTROS PIBXS NECESITAN PROYECTOS Y ALTERNATIVAS\u201d"},"content":{"rendered":"<h5>\u00abESTAMOS EN UNA SOCIEDAD QUE CONTINUAMENTE TE LLEVA AL CONSUMO\u201d<\/h5>\n<p><strong>[FM Riachuelo, 26\/08\/2020]\u00a0Hoy en FM Riachuelo se realiz\u00f3 como todos los Mi\u00e9rcoles en Mateando en el Riachuelo (lunes a viernes de 10 a 12 hs.) la columna de \u00abEl Rap de las Luchas Populares\u00bb, a cargo de \u00abNandi\u00bb (integrante de la Org Soc y Pol\u00edtica Los Pibes) \u00a0 para reflexionar sobre los \u00a0Consumos Problem\u00e1ticos que azotan a nuestras pibas y pibes de los barrios populares. La perspectiva de la columna estuvo puesta en c\u00f3mo hacemos cambios desde el campo popular en tiempos de pandemia, e ir construyendo un mundo digno para nuestro pueblo.<\/strong><\/p>\n<p>Con la visita de Alejando \u201cTerry\u201d (hermano de Nandi) del barrio de 9 de Abril, Montegrande, nos cuenta sus inicios en el Rap, ademas nos comparte un tema que compuso a los 14 a\u00f1os que habla sobre adicciones inspirado en los barrios populares.<\/p>\n<p>En comunicaci\u00f3n telef\u00f3nica con Mart\u00edn Vel\u00e1zquez, uno de los referentes del (CAAC) Casa de Acompa\u00f1amiento y Atenci\u00f3n Comunitario que funciona en Los Pibes -La Boca, UTEP, \u00a0para reflexionar sobre los\u00a0 Consumos Problem\u00e1ticos que azotan a nuestras pibas y pibes de los barrios populares como intenci\u00f3n pol\u00edtica de exterminio.<\/p>\n<p>El concepto de consumo problem\u00e1tico permite pensar un abordaje m\u00e1s integral de las situaciones en torno a la droga, y a la vez exige a las organizaciones comprender las causas que lo generan para poder cambiarlas y as\u00ed construir un modo de v\u00ednculo social y territorial que sea distinto al que se nos impone violentamente por el sistema.<\/p>\n<p>Entrevista completa:<\/p>\n<p><a href=\"https:\/\/ar.radiocut.fm\/audiocut\/columna-rap-luchas-populares-nuestros-pibxs-necesitan-proyectos-y-alternativas\/\">https:\/\/ar.radiocut.fm\/audiocut\/columna-rap-luchas-populares-nuestros-pibxs-necesitan-proyectos-y-alternativas\/<\/a><\/p>\n<p>Ingresa al link\u00a0 para escuchar el tema musical:<\/p>\n<p><a href=\"https:\/\/www.facebook.com\/196659553722601\/posts\/3281194281935764\/\">https:\/\/www.facebook.com\/196659553722601\/posts\/3281194281935764\/<\/a><\/p>\n","protected":false},"excerpt":{"rendered":"<p>\u00abESTAMOS EN UNA SOCIEDAD QUE CONTINUAMENTE TE LLEVA AL CONSUMO\u201d [FM Riachuelo, 26\/08\/2020]\u00a0Hoy en FM Riachuelo se realiz\u00f3 como todos los Mi\u00e9rcoles en Mateando en el Riachuelo (lunes a viernes de 10 a 12 hs.) la columna de \u00abEl Rap de las Luchas Populares\u00bb, a cargo de \u00abNandi\u00bb (integrante de la Org Soc y Pol\u00edtica [&hellip;]<\/p>\n","protected":false},"author":5,"featured_media":12429,"comment_status":"closed","ping_status":"closed","sticky":false,"template":"","format":"standard","meta":{"_monsterinsights_skip_tracking":false,"_monsterinsights_sitenote_active":false,"_monsterinsights_sitenote_note":"","_monsterinsights_sitenote_category":0,"jnews-multi-image_gallery":[],"jnews_single_post":{"format":"standard"},"jnews_primary_category":[],"_joinchat":[],"footnotes":""},"categories":[137,78,58,76],"tags":[],"class_list":["post-12428","post","type-post","status-publish","format-standard","has-post-thumbnail","hentry","category-cultura","category-economia-popular","category-noticiariachuelo","category-salud-comunitaria"],"_links":{"self":[{"href":"http:\/\/fmriachuelo.it10.com.ar\/index.php\/wp-json\/wp\/v2\/posts\/12428","targetHints":{"allow":["GET"]}}],"collection":[{"href":"http:\/\/fmriachuelo.it10.com.ar\/index.php\/wp-json\/wp\/v2\/posts"}],"about":[{"href":"http:\/\/fmriachuelo.it10.com.ar\/index.php\/wp-json\/wp\/v2\/types\/post"}],"author":[{"embeddable":true,"href":"http:\/\/fmriachuelo.it10.com.ar\/index.php\/wp-json\/wp\/v2\/users\/5"}],"replies":[{"embeddable":true,"href":"http:\/\/fmriachuelo.it10.com.ar\/index.php\/wp-json\/wp\/v2\/comments?post=12428"}],"version-history":[{"count":2,"href":"http:\/\/fmriachuelo.it10.com.ar\/index.php\/wp-json\/wp\/v2\/posts\/12428\/revisions"}],"predecessor-version":[{"id":23063,"href":"http:\/\/fmriachuelo.it10.com.ar\/index.php\/wp-json\/wp\/v2\/posts\/12428\/revisions\/23063"}],"wp:featuredmedia":[{"embeddable":true,"href":"http:\/\/fmriachuelo.it10.com.ar\/index.php\/wp-json\/"}],"wp:attachment":[{"href":"http:\/\/fmriachuelo.it10.com.ar\/index.php\/wp-json\/wp\/v2\/media?parent=12428"}],"wp:term":[{"taxonomy":"category","embeddable":true,"href":"http:\/\/fmriachuelo.it10.com.ar\/index.php\/wp-json\/wp\/v2\/categories?post=12428"},{"taxonomy":"post_tag","embeddable":true,"href":"http:\/\/fmriachuelo.it10.com.ar\/index.php\/wp-json\/wp\/v2\/tags?post=12428"}],"curies":[{"name":"wp","href":"https:\/\/api.w.org\/{rel}","templated":true}]}}