{"id":12403,"date":"2020-08-22T19:40:46","date_gmt":"2020-08-22T19:40:46","guid":{"rendered":"http:\/\/fmriachuelo.com.ar\/?p=12403"},"modified":"2025-02-19T15:58:05","modified_gmt":"2025-02-19T18:58:05","slug":"heroes-de-trelew-nuestro-pueblo-no-olvida-a-sus-luchadores","status":"publish","type":"post","link":"http:\/\/fmriachuelo.it10.com.ar\/index.php\/2020\/08\/22\/heroes-de-trelew-nuestro-pueblo-no-olvida-a-sus-luchadores\/","title":{"rendered":"HEROES Y HERO\u00cdNAS DE TRELEW: \u201cNUESTRO PUEBLO NO OLVIDA A SUS LUCHADORXS\u201d"},"content":{"rendered":"<p><strong>[FM Riachuelo 22\/08\/2020] A 48 a\u00f1os de la Masacre de Trelew, y a pesar de las dificultades que supone el contexto de Aislamiento Social Preventivo y Obligatorio, los homenajes a aquellos compa\u00f1eros y compa\u00f1eras vilmente fusilados en la base Almirante Zar se multiplicaron a lo largo y ancho del pa\u00eds. As\u00ed se demuestra, una vez m\u00e1s, que la militancia revolucionaria y el esp\u00edritu de entrega para la construcci\u00f3n de una sociedad m\u00e1s justa son elementos centrales en la construcci\u00f3n que hacen nuestros Pueblos de la memoria colectiva, con una mirada cargada de esperanza y anhelos de transformaciones profundas hacia el presente y futuro.<\/strong><\/p>\n<p>Desde la FM Riachuelo, en esta fecha compartimos una mirada sobre Trelew a partir de testimonios de compa\u00f1eros y compa\u00f1eras que inscriben, en la actualidad, sus pr\u00e1cticas pol\u00edticas en una pr\u00e1ctica revolucionaria:<\/p>\n<p>&nbsp;<\/p>\n<p><strong>Lito Borello (Coordinador Nacional de la Organizaci\u00f3n Social y Pol\u00edtica Los Pibes)<\/strong><\/p>\n<p>Vemos con alegr\u00eda, con entusiasmo, que siga habiendo un d\u00eda como hoy distintas maneras de recordar a los compa\u00f1eros de Trelew, de \u201cHonor y Gloria a los ca\u00eddos combatientes en Trelew\u201d. Porque esto implica que la memoria hist\u00f3rica sigue intacta en nuestro Pueblo. Que nuestro Pueblo no olvida a los luchadores, a nuestros m\u00e1rtires, que siguen siendo bandera hasta la victoria. A la vez, en este momento hist\u00f3rico tenemos que poner esto en clave de, no solamente recordar y reivindicar en el homenaje y en el bronce, sino tambi\u00e9n traer a la realidad ese imaginario: ante un capitalismo que ha generado las asimetr\u00edas e injusticias m\u00e1s insoportables, debemos recoger esas banderas y traerlas al presente. Tenemos que continuar ese imaginario de lucha, que so\u00f1aba con construir una sociedad m\u00e1s justa, igualitaria, o como decimos ahora \u201cconstruir otro mundo posible, un mundo donde quepan todos los mundos\u00bb.<\/p>\n<p>&nbsp;<\/p>\n<p><strong>Carina Maloberti (Referente de Convocatoria Segunda Independencia)<\/strong><\/p>\n<p>Rendimos homenaje a nuestras y nuestros combatientes ca\u00eddos por la patria socialista en Argentina y en nuestro continente. Cada 22 de agosto en los actos, como los que estamos realizando hoy, con los j\u00f3venes, manteniendo el v\u00ednculo con el proyecto revolucionario, siempre remarcamos dos cuestiones a tener en cuenta en la memoria hist\u00f3rica: que no hay c\u00e1rcel que impida la voluntad de liberarnos y de organizarnos y poder traspasar esos muros, y que aunque quieran asesinarnos, no pueden matar nuestras ideas. Trelew es eso: es mostrar que si mantenemos la organizaci\u00f3n somos capaces de liberarnos. Y a la vez muestra que el enemigo no va a tener piedad ante nuestro avance. \u201cNi un tantito as\u00ed\u201d hay que darle ventaja a nuestros enemigos. Los y las combatientes que cayeron en Trelew est\u00e1n vivos en cada lucha nuestra de hoy. No hay enemigo que pueda detener nuestra voluntad de ser libres.<\/p>\n","protected":false},"excerpt":{"rendered":"<p>[FM Riachuelo 22\/08\/2020] A 48 a\u00f1os de la Masacre de Trelew, y a pesar de las dificultades que supone el contexto de Aislamiento Social Preventivo y Obligatorio, los homenajes a aquellos compa\u00f1eros y compa\u00f1eras vilmente fusilados en la base Almirante Zar se multiplicaron a lo largo y ancho del pa\u00eds. As\u00ed se demuestra, una vez [&hellip;]<\/p>\n","protected":false},"author":5,"featured_media":12404,"comment_status":"closed","ping_status":"closed","sticky":false,"template":"","format":"standard","meta":{"_monsterinsights_skip_tracking":false,"_monsterinsights_sitenote_active":false,"_monsterinsights_sitenote_note":"","_monsterinsights_sitenote_category":0,"jnews-multi-image_gallery":[],"jnews_single_post":{"format":"standard"},"jnews_primary_category":[],"_joinchat":[],"footnotes":""},"categories":[82,79,58],"tags":[],"class_list":["post-12403","post","type-post","status-publish","format-standard","has-post-thumbnail","hentry","category-derechos-humanos","category-nadie-se-salva-solo","category-noticiariachuelo"],"_links":{"self":[{"href":"http:\/\/fmriachuelo.it10.com.ar\/index.php\/wp-json\/wp\/v2\/posts\/12403","targetHints":{"allow":["GET"]}}],"collection":[{"href":"http:\/\/fmriachuelo.it10.com.ar\/index.php\/wp-json\/wp\/v2\/posts"}],"about":[{"href":"http:\/\/fmriachuelo.it10.com.ar\/index.php\/wp-json\/wp\/v2\/types\/post"}],"author":[{"embeddable":true,"href":"http:\/\/fmriachuelo.it10.com.ar\/index.php\/wp-json\/wp\/v2\/users\/5"}],"replies":[{"embeddable":true,"href":"http:\/\/fmriachuelo.it10.com.ar\/index.php\/wp-json\/wp\/v2\/comments?post=12403"}],"version-history":[{"count":1,"href":"http:\/\/fmriachuelo.it10.com.ar\/index.php\/wp-json\/wp\/v2\/posts\/12403\/revisions"}],"predecessor-version":[{"id":23065,"href":"http:\/\/fmriachuelo.it10.com.ar\/index.php\/wp-json\/wp\/v2\/posts\/12403\/revisions\/23065"}],"wp:featuredmedia":[{"embeddable":true,"href":"http:\/\/fmriachuelo.it10.com.ar\/index.php\/wp-json\/"}],"wp:attachment":[{"href":"http:\/\/fmriachuelo.it10.com.ar\/index.php\/wp-json\/wp\/v2\/media?parent=12403"}],"wp:term":[{"taxonomy":"category","embeddable":true,"href":"http:\/\/fmriachuelo.it10.com.ar\/index.php\/wp-json\/wp\/v2\/categories?post=12403"},{"taxonomy":"post_tag","embeddable":true,"href":"http:\/\/fmriachuelo.it10.com.ar\/index.php\/wp-json\/wp\/v2\/tags?post=12403"}],"curies":[{"name":"wp","href":"https:\/\/api.w.org\/{rel}","templated":true}]}}