{"id":12396,"date":"2020-08-20T00:11:39","date_gmt":"2020-08-20T00:11:39","guid":{"rendered":"http:\/\/fmriachuelo.com.ar\/?p=12396"},"modified":"2025-02-19T16:00:06","modified_gmt":"2025-02-19T19:00:06","slug":"santa-fe-violencia-contra-lxs-trabajadorxs-de-la-algodonera-avellaneda","status":"publish","type":"post","link":"http:\/\/fmriachuelo.it10.com.ar\/index.php\/2020\/08\/20\/santa-fe-violencia-contra-lxs-trabajadorxs-de-la-algodonera-avellaneda\/","title":{"rendered":"SANTA FE: VIOLENCIA CONTRA LXS TRABAJADORXS DE LA ALGODONERA AVELLANEDA"},"content":{"rendered":"<p><strong>[FM Riachuelo, 19\/08\/2020] Hace 70 d\u00edas que los trabajadores y trabajadoras de la Algodonera Avellaneda -perteneciente al grupo Vicentin- de la Ciudad de Reconquista, Santa Fe, se encuentran de paro, acampando frente al establecimiento, y el pasado martes 18 sufrieron un hecho de violencia por parte de una patota de la patronal, que pas\u00f3 con motos para amedrentarlxs. Al aire de la FM Riachuelo, nos comunicamos con Sonia Zanel, delegada de la empresa, que nos narr\u00f3 este hecho y resalt\u00f3 la convicci\u00f3n de lxs trabajadorxs a seguir luchando.<\/strong><\/p>\n<p>\u00abEs una lucha firme y que va a seguir hasta las \u00faltimas consecuencias, porque estamos luchando por algo legal\u00bb, expres\u00f3 Sonia. El reclamo de lxs trabajadorxs es por\u00a0una mejora salarial, mejores condiciones de trabajo y frenar el hostigamiento de los jefes a sus empleadxs, que son suspendidxs en caso de no cumplir la sobreexigencia de producci\u00f3n. \u00abHay que sacar la careta a estos grandes empresarios, que se llenan los bolsillos gracias a los trabajadores, que al fin y al cabo somos los que generamos la riqueza\u00bb, cerr\u00f3 la delegada.<\/p>\n<p><a href=\"https:\/\/radiocut.fm\/audiocut\/santa-fe-violencia-contra-lxs-trabajadorxs-algodonera-avellaneda\/\" target=\"_blank\" rel=\"noopener\">ESCUCH\u00c1 AC\u00c1 LA NOTA COMPLETA<\/a><\/p>\n","protected":false},"excerpt":{"rendered":"<p>[FM Riachuelo, 19\/08\/2020] Hace 70 d\u00edas que los trabajadores y trabajadoras de la Algodonera Avellaneda -perteneciente al grupo Vicentin- de la Ciudad de Reconquista, Santa Fe, se encuentran de paro, acampando frente al establecimiento, y el pasado martes 18 sufrieron un hecho de violencia por parte de una patota de la patronal, que pas\u00f3 con [&hellip;]<\/p>\n","protected":false},"author":5,"featured_media":12397,"comment_status":"closed","ping_status":"closed","sticky":false,"template":"","format":"standard","meta":{"_monsterinsights_skip_tracking":false,"_monsterinsights_sitenote_active":false,"_monsterinsights_sitenote_note":"","_monsterinsights_sitenote_category":0,"jnews-multi-image_gallery":[],"jnews_single_post":{"format":"standard"},"jnews_primary_category":[],"_joinchat":[],"footnotes":""},"categories":[82,79,58,75],"tags":[],"class_list":["post-12396","post","type-post","status-publish","format-standard","has-post-thumbnail","hentry","category-derechos-humanos","category-nadie-se-salva-solo","category-noticiariachuelo","category-trabajo"],"_links":{"self":[{"href":"http:\/\/fmriachuelo.it10.com.ar\/index.php\/wp-json\/wp\/v2\/posts\/12396","targetHints":{"allow":["GET"]}}],"collection":[{"href":"http:\/\/fmriachuelo.it10.com.ar\/index.php\/wp-json\/wp\/v2\/posts"}],"about":[{"href":"http:\/\/fmriachuelo.it10.com.ar\/index.php\/wp-json\/wp\/v2\/types\/post"}],"author":[{"embeddable":true,"href":"http:\/\/fmriachuelo.it10.com.ar\/index.php\/wp-json\/wp\/v2\/users\/5"}],"replies":[{"embeddable":true,"href":"http:\/\/fmriachuelo.it10.com.ar\/index.php\/wp-json\/wp\/v2\/comments?post=12396"}],"version-history":[{"count":1,"href":"http:\/\/fmriachuelo.it10.com.ar\/index.php\/wp-json\/wp\/v2\/posts\/12396\/revisions"}],"predecessor-version":[{"id":23067,"href":"http:\/\/fmriachuelo.it10.com.ar\/index.php\/wp-json\/wp\/v2\/posts\/12396\/revisions\/23067"}],"wp:featuredmedia":[{"embeddable":true,"href":"http:\/\/fmriachuelo.it10.com.ar\/index.php\/wp-json\/"}],"wp:attachment":[{"href":"http:\/\/fmriachuelo.it10.com.ar\/index.php\/wp-json\/wp\/v2\/media?parent=12396"}],"wp:term":[{"taxonomy":"category","embeddable":true,"href":"http:\/\/fmriachuelo.it10.com.ar\/index.php\/wp-json\/wp\/v2\/categories?post=12396"},{"taxonomy":"post_tag","embeddable":true,"href":"http:\/\/fmriachuelo.it10.com.ar\/index.php\/wp-json\/wp\/v2\/tags?post=12396"}],"curies":[{"name":"wp","href":"https:\/\/api.w.org\/{rel}","templated":true}]}}