{"id":12337,"date":"2020-08-16T21:41:47","date_gmt":"2020-08-16T21:41:47","guid":{"rendered":"http:\/\/fmriachuelo.com.ar\/?p=12337"},"modified":"2025-02-19T16:01:53","modified_gmt":"2025-02-19T19:01:53","slug":"dia-de-la-ninez-en-la-boca-gracias-a-la-organizacion-popular-y-la-solidaridad","status":"publish","type":"post","link":"http:\/\/fmriachuelo.it10.com.ar\/index.php\/2020\/08\/16\/dia-de-la-ninez-en-la-boca-gracias-a-la-organizacion-popular-y-la-solidaridad\/","title":{"rendered":"D\u00cdA DE LA NI\u00d1EZ EN LA BOCA: GRACIAS A LA ORGANIZACI\u00d3N POPULAR Y LA SOLIDARIDAD"},"content":{"rendered":"<p><strong>[FM Riachuelo, 16\/08\/2020] Desde muy temprano, las compa\u00f1eras y compa\u00f1eros\u00a0de la Organizaci\u00f3n Social y Pol\u00edtica \u201cLos Pibes\u201d estuvieron armando los preparativos de lo que fue un d\u00eda de la ni\u00f1ez que, a causa de la pandemia, no fue como los dem\u00e1s; esta situaci\u00f3n tuvo como reacci\u00f3n un brote de solidaridad para que lxs ni\u00f1xs no se queden sin la alegr\u00eda de su d\u00eda, y reciban el afecto y la contenci\u00f3n que tanto necesitan, pero que el aislamiento a veces puede limitar. Por esto, a las 15hs, se abrieron las puertas de Su\u00e1rez 421 para que las familias puedan buscar una jarra de chocolatada, bizcochuelo y un juguete para sus hijxs.<\/strong><\/p>\n<p><strong><img loading=\"lazy\" decoding=\"async\" class=\"wp-image-12339 alignleft\" src=\"http:\/\/fmriachuelo.com.ar\/wp-content\/uploads\/2020\/08\/WhatsApp-Image-2020-08-16-at-15.14.27-1.jpeg\" alt=\"\" width=\"410\" height=\"308\" \/><\/strong>Muchas familias formaron una fila de casi una cuadra en Su\u00e1rez, donde pod\u00edan apreciarse los rostros de emoci\u00f3n y alegr\u00eda de lxs ni\u00f1xs esperando por su merienda y su juguete. \u201cMe parece perfecto que se acuerden de nuestros ni\u00f1os\u201d, expres\u00f3 Juana, vecina del barrio de La Boca.<\/p>\n<p>\u201cFue emocionante ver a los chicos con los ojitos de alegr\u00eda cuando recib\u00edan los regalitos\u201d, cont\u00f3 Bety, compa\u00f1era de Los Pibes, que tambi\u00e9n marc\u00f3 c\u00f3mo ve crecer la necesidad en el barrio: \u201cno pens\u00e9 que hubiera venido tanta gente, y sigue viendo. Se ve la necesidad, de los padres m\u00e1s que nada, y es bueno con esto dar un poco de alegr\u00eda aunque sea\u201d.<\/p>\n<p>En tiempos que vienen a profundizar las crisis que abundan en este sistema, s\u00f3lo se puede apostar a la solidaridad y a la organizaci\u00f3n popular como \u00fanico camino hacia la dignidad de nuestro pueblo; bien lo expresaba Maie, que entiende que la situaci\u00f3n no es nada f\u00e1cil, pero que lo colectivo marca el horizonte: \u201cla situaci\u00f3n de a poquito va saliendo. Sigue estando complicado, mayormente con el tema vivienda y dem\u00e1s. Pero en la convivencia de ahora, la verdad que el barrio dentro de todo est\u00e1 formado\u201d.<img loading=\"lazy\" decoding=\"async\" class=\" wp-image-12342 alignright\" src=\"http:\/\/fmriachuelo.com.ar\/wp-content\/uploads\/2020\/08\/WhatsApp-Image-2020-08-16-at-16.11.44.jpeg\" alt=\"\" width=\"196\" height=\"261\" \/><\/p>\n<p>\u201cLa Pacha\u201d, que se encarg\u00f3 de ir organizando este at\u00edpico d\u00eda de la ni\u00f1ez, mostr\u00f3 su contento por lo que puede lograr un pueblo organizado, con la consciencia suficiente de que nadie se salva solo: \u201cestoy muy agradecida a mis compa\u00f1eras y todos los que donaron\u2026 la verdad que vale la pena lo que hacemos, estoy muy orgullosa\u201d.<\/p>\n<p>La dificultad de estos tiempos aumenta cada d\u00eda, y hasta ahora, la cobertura de las necesidades b\u00e1sicas, la contenci\u00f3n y la esperanza hacia las mayor\u00edas m\u00e1s despose\u00eddas a casusa de un capitalismo excluyente, pareciera provenir de un solo lugar: la organizaci\u00f3n popular.<\/p>\n<p>&nbsp;<\/p>\n","protected":false},"excerpt":{"rendered":"<p>[FM Riachuelo, 16\/08\/2020] Desde muy temprano, las compa\u00f1eras y compa\u00f1eros\u00a0de la Organizaci\u00f3n Social y Pol\u00edtica \u201cLos Pibes\u201d estuvieron armando los preparativos de lo que fue un d\u00eda de la ni\u00f1ez que, a causa de la pandemia, no fue como los dem\u00e1s; esta situaci\u00f3n tuvo como reacci\u00f3n un brote de solidaridad para que lxs ni\u00f1xs no [&hellip;]<\/p>\n","protected":false},"author":5,"featured_media":12341,"comment_status":"closed","ping_status":"closed","sticky":false,"template":"","format":"standard","meta":{"_monsterinsights_skip_tracking":false,"_monsterinsights_sitenote_active":false,"_monsterinsights_sitenote_note":"","_monsterinsights_sitenote_category":0,"jnews-multi-image_gallery":[],"jnews_single_post":{"format":"standard"},"jnews_primary_category":[],"_joinchat":[],"footnotes":""},"categories":[82,145,79,58,76],"tags":[],"class_list":["post-12337","post","type-post","status-publish","format-standard","has-post-thumbnail","hentry","category-derechos-humanos","category-movimientos-populares","category-nadie-se-salva-solo","category-noticiariachuelo","category-salud-comunitaria"],"_links":{"self":[{"href":"http:\/\/fmriachuelo.it10.com.ar\/index.php\/wp-json\/wp\/v2\/posts\/12337","targetHints":{"allow":["GET"]}}],"collection":[{"href":"http:\/\/fmriachuelo.it10.com.ar\/index.php\/wp-json\/wp\/v2\/posts"}],"about":[{"href":"http:\/\/fmriachuelo.it10.com.ar\/index.php\/wp-json\/wp\/v2\/types\/post"}],"author":[{"embeddable":true,"href":"http:\/\/fmriachuelo.it10.com.ar\/index.php\/wp-json\/wp\/v2\/users\/5"}],"replies":[{"embeddable":true,"href":"http:\/\/fmriachuelo.it10.com.ar\/index.php\/wp-json\/wp\/v2\/comments?post=12337"}],"version-history":[{"count":1,"href":"http:\/\/fmriachuelo.it10.com.ar\/index.php\/wp-json\/wp\/v2\/posts\/12337\/revisions"}],"predecessor-version":[{"id":23069,"href":"http:\/\/fmriachuelo.it10.com.ar\/index.php\/wp-json\/wp\/v2\/posts\/12337\/revisions\/23069"}],"wp:featuredmedia":[{"embeddable":true,"href":"http:\/\/fmriachuelo.it10.com.ar\/index.php\/wp-json\/"}],"wp:attachment":[{"href":"http:\/\/fmriachuelo.it10.com.ar\/index.php\/wp-json\/wp\/v2\/media?parent=12337"}],"wp:term":[{"taxonomy":"category","embeddable":true,"href":"http:\/\/fmriachuelo.it10.com.ar\/index.php\/wp-json\/wp\/v2\/categories?post=12337"},{"taxonomy":"post_tag","embeddable":true,"href":"http:\/\/fmriachuelo.it10.com.ar\/index.php\/wp-json\/wp\/v2\/tags?post=12337"}],"curies":[{"name":"wp","href":"https:\/\/api.w.org\/{rel}","templated":true}]}}