{"id":12330,"date":"2020-08-15T18:49:03","date_gmt":"2020-08-15T18:49:03","guid":{"rendered":"http:\/\/fmriachuelo.com.ar\/?p=12330"},"modified":"2025-02-19T16:02:25","modified_gmt":"2025-02-19T19:02:25","slug":"guernica-repudiamos-cualquier-tipo-de-imaginario-que-vaya-por-el-lado-de-sacar-a-patadas-a-la-gente","status":"publish","type":"post","link":"http:\/\/fmriachuelo.it10.com.ar\/index.php\/2020\/08\/15\/guernica-repudiamos-cualquier-tipo-de-imaginario-que-vaya-por-el-lado-de-sacar-a-patadas-a-la-gente\/","title":{"rendered":"GUERNICA: \u00abREPUDIAMOS CUALQUIER TIPO DE IMAGINARIO QUE VAYA POR EL LADO DE SACAR A PATADAS A LA GENTE\u00bb"},"content":{"rendered":"<p><strong>[FM Riachuelo, 15\/08\/2020] Desde el lunes 20 de julio, se est\u00e1 llevando adelante una toma 100 hect\u00e1reas de tierra que llevan abandonadas m\u00e1s de 40 a\u00f1os, en Guernica, Provincia de Buenos Aires, lo que trae nuevamente la vigencia de la falta de acceso al h\u00e1bitat y a la vivienda. El d\u00eda de ayer, al aire de la FM Riachuelo, conversamos con Lito Borello, Secretario de DDHH de la UTEP, con recorrido en la lucha por el acceso al h\u00e1bitat.<\/strong><\/p>\n<p>La toma fue llevada a cabo por un estimado de 2 mil familias, lo que representa alrededor de 10 mil personas y una tercera parte de la poblaci\u00f3n del municipio: \u201cse han ido acrecentando cada vez m\u00e1s las injusticias a partir del modelo hegem\u00f3nico de un capitalismo profundamente desigual, donde se concentra riqueza y poder en muy pocas manos y donde va, como dice Francisco, generando pol\u00edticas de descarte que van dejando fuera a las inmensas mayor\u00edas\u201d, expres\u00f3 Lito Borello.<\/p>\n<p><img loading=\"lazy\" decoding=\"async\" class=\"wp-image-11662 alignleft\" src=\"http:\/\/fmriachuelo.com.ar\/wp-content\/uploads\/2020\/03\/WhatsApp-Image-2020-03-20-at-17.56.03.jpeg\" alt=\"\" width=\"450\" height=\"300\" \/>Hablamos de un problema estructural en un pa\u00eds en el cual, si hay algo que no falta, es tierra para ocupar, edificar y vivir. Si bien la toma en Guernica es por ahora una de las m\u00e1s visibles, esta problem\u00e1tica es moneda corriente en un sistema donde crece la falta de cobertura de las necesidades b\u00e1sicas, y se agrava en tiempos de pandemia. Sobre esto, recalc\u00f3 Borello: \u201cest\u00e1 habiendo muchas tomas, porque la gente no da m\u00e1s. Y en medio de esta situaci\u00f3n de pandemia en donde, a pesar de los cuidados que se tienen que tener, resulta hasta m\u00e1s seguro ocupar una tierra al menos con cielo arriba y tierra abajo, que vivir en profundos y terror\u00edficos hacinamientos, como en muchas de la barriadas populares, donde en muy pocos metros cuadrados vive much\u00edsima gente\u201d.<\/p>\n<p>Adem\u00e1s, a lo largo del proceso de ocupaci\u00f3n, hubo varias denuncias de vecinos que reclaman la intervenci\u00f3n de las fuerzas de seguridad: \u201clos poderosos, bajo el argumento de la sacrosanta propiedad privada, han hecho desastres\u2026 repudiamos cualquier tipo de imaginario que vaya por el lado de sacar a patadas a la gente. Hay que resolver, la \u00fanica manera de tener paz y democracia, es teniendo justicia social, y esto implica: di\u00e1logo, di\u00e1logo y m\u00e1s di\u00e1logo, hasta que resuelva\u201d, asegur\u00f3.<\/p>\n<p>Como una de las soluciones existentes, habl\u00f3 de la ley de autogesti\u00f3n 341, que permiti\u00f3 la construcci\u00f3n de cooperativas de vivienda, edificios con departamentos a mitad de precio que lo que se construye por empresa, pero que tanto Macri como Larreta se han ecargado de desfinanciar el programa, y eso provoca que a pesar de la existencia de esta ley, nadie la pueda utilizar para construir: \u201cme parece que hay soluciones, que tenemos que poder implementarlas\u2026 pero est\u00e1 claro que hay que ir sobre esos intereses de ese peque\u00f1o n\u00facleo que solamente adora al dios dinero y que piensa que el mundo es solamente para un pu\u00f1ado. Hay que construir otro mundo posible donde realmente haya justicia social; si no, en la pr\u00e1ctica, est\u00e1 roto el contrato social, por m\u00e1s que nos llamemos democracia y votemos cada 4 a\u00f1os, con estos niveles de injusticia no somos iguales ante la ley, y est\u00e1 roto el contrato social\u201d, concluy\u00f3 Borello.<\/p>\n<p>&nbsp;<\/p>\n","protected":false},"excerpt":{"rendered":"<p>[FM Riachuelo, 15\/08\/2020] Desde el lunes 20 de julio, se est\u00e1 llevando adelante una toma 100 hect\u00e1reas de tierra que llevan abandonadas m\u00e1s de 40 a\u00f1os, en Guernica, Provincia de Buenos Aires, lo que trae nuevamente la vigencia de la falta de acceso al h\u00e1bitat y a la vivienda. El d\u00eda de ayer, al aire [&hellip;]<\/p>\n","protected":false},"author":5,"featured_media":12331,"comment_status":"closed","ping_status":"closed","sticky":false,"template":"","format":"standard","meta":{"_monsterinsights_skip_tracking":false,"_monsterinsights_sitenote_active":false,"_monsterinsights_sitenote_note":"","_monsterinsights_sitenote_category":0,"jnews-multi-image_gallery":[],"jnews_single_post":{"format":"standard"},"jnews_primary_category":[],"_joinchat":[],"footnotes":""},"categories":[82,1,79,58],"tags":[],"class_list":["post-12330","post","type-post","status-publish","format-standard","has-post-thumbnail","hentry","category-derechos-humanos","category-habitat","category-nadie-se-salva-solo","category-noticiariachuelo"],"_links":{"self":[{"href":"http:\/\/fmriachuelo.it10.com.ar\/index.php\/wp-json\/wp\/v2\/posts\/12330","targetHints":{"allow":["GET"]}}],"collection":[{"href":"http:\/\/fmriachuelo.it10.com.ar\/index.php\/wp-json\/wp\/v2\/posts"}],"about":[{"href":"http:\/\/fmriachuelo.it10.com.ar\/index.php\/wp-json\/wp\/v2\/types\/post"}],"author":[{"embeddable":true,"href":"http:\/\/fmriachuelo.it10.com.ar\/index.php\/wp-json\/wp\/v2\/users\/5"}],"replies":[{"embeddable":true,"href":"http:\/\/fmriachuelo.it10.com.ar\/index.php\/wp-json\/wp\/v2\/comments?post=12330"}],"version-history":[{"count":1,"href":"http:\/\/fmriachuelo.it10.com.ar\/index.php\/wp-json\/wp\/v2\/posts\/12330\/revisions"}],"predecessor-version":[{"id":23070,"href":"http:\/\/fmriachuelo.it10.com.ar\/index.php\/wp-json\/wp\/v2\/posts\/12330\/revisions\/23070"}],"wp:featuredmedia":[{"embeddable":true,"href":"http:\/\/fmriachuelo.it10.com.ar\/index.php\/wp-json\/"}],"wp:attachment":[{"href":"http:\/\/fmriachuelo.it10.com.ar\/index.php\/wp-json\/wp\/v2\/media?parent=12330"}],"wp:term":[{"taxonomy":"category","embeddable":true,"href":"http:\/\/fmriachuelo.it10.com.ar\/index.php\/wp-json\/wp\/v2\/categories?post=12330"},{"taxonomy":"post_tag","embeddable":true,"href":"http:\/\/fmriachuelo.it10.com.ar\/index.php\/wp-json\/wp\/v2\/tags?post=12330"}],"curies":[{"name":"wp","href":"https:\/\/api.w.org\/{rel}","templated":true}]}}