{"id":12309,"date":"2020-08-07T15:47:13","date_gmt":"2020-08-07T15:47:13","guid":{"rendered":"http:\/\/fmriachuelo.com.ar\/?p=12309"},"modified":"2025-02-19T16:04:49","modified_gmt":"2025-02-19T19:04:49","slug":"la-organizacion-popular-el-unico-futuro-posible-una-reflexion-en-el-dia-de-sancayetano","status":"publish","type":"post","link":"http:\/\/fmriachuelo.it10.com.ar\/index.php\/2020\/08\/07\/la-organizacion-popular-el-unico-futuro-posible-una-reflexion-en-el-dia-de-sancayetano\/","title":{"rendered":"LA ORGANIZACI\u00d3N POPULAR: EL \u00daNICO FUTURO POSIBLE. Una reflexi\u00f3n en el d\u00eda de #SanCayetano"},"content":{"rendered":"<p><strong>[FM Riachuelo, 07\/08\/2020]\u00a0La pandemia no s\u00f3lo realz\u00f3 las desigualdades preexistentes a \u00e9sta, sino que aceler\u00f3 a escala planetaria la profundizaci\u00f3n de un sistema: los ricos se enriquecen, y los pobres se empobrecen. Mientras las nuevas tecnolog\u00edas globalizadas y el armamento comunicacional, productor de sentidos, bombardean con un ruido ensordecedor toda la informaci\u00f3n, volviendo a la poblaci\u00f3n cada vez m\u00e1s sensible a la desinformaci\u00f3n, la confusi\u00f3n, la mentira y la tergiversaci\u00f3n. \u00bfQu\u00e9 le queda, entonces, a un pueblo explotado, manipulado y excluido?<\/strong><\/p>\n<p><img loading=\"lazy\" decoding=\"async\" class=\" wp-image-12310 alignleft\" src=\"http:\/\/fmriachuelo.com.ar\/wp-content\/uploads\/2020\/08\/WhatsApp-Image-2020-08-06-at-19.09.38.jpeg\" alt=\"\" width=\"527\" height=\"231\" \/><\/p>\n<p>En los \u00faltimos meses, en los territorios populares, se han potenciado los valores m\u00e1s nobles: <strong>la solidaridad brot\u00f3 en los barrios y las ollas populares se convirtieron en la principal herramienta de guerra contra la desigualdad, la miseria y la exclusi\u00f3n<\/strong>, impulsadas por la certeza de que <strong>nadie se salva solo, que todxs nos salvamos en comunidad<\/strong>. Pero el enemigo de los pueblos no hace cuarentena: el poder f\u00e1ctico imperial tambi\u00e9n potenci\u00f3 sus armas, por eso la precarizaci\u00f3n laboral contin\u00faa siendo un hecho cotidiano. La tendencia al \u201cdescarte social\u201d, denunciado por el Papa Francisco, se fortalece mientras la \u201cllegada tarde\u201d de un Estado asediado por el poder f\u00e1ctico, y devastado por el historial neoliberal, se vuelve una regla del cotidiano.<\/p>\n<p>El sistema de consumismo para algunos, y muerte para las mayor\u00edas, de los \u201cadoradores del Dios Dinero\u201d demuestra en todo el continente que no importa cu\u00e1ntas pandemias atravesemos: su prioridad siempre ser\u00e1 salvarse a s\u00ed mismo. El capitalismo \u201cserio\u201d, del que a veces se habla, no propone ninguna soluci\u00f3n que no suponga el sacrificio del pueblo trabajador.<\/p>\n<p>Pero aunque el panorama se vea desalentador \u2013porque, como dec\u00eda Jauretche, \u201cel arte de nuestros enemigos es desmoralizar y entristecer a los pueblos\u201d\u2013, hay algo que se palpa amorosamente en la organizaci\u00f3n popular: el hecho de vivir. No vivir en el sentido de \u201crespirar\u201d o \u201cexistir\u201d, sino vivir en el sentido de hacer. <strong>Vivir es hacer. No hacer nada, en este momento m\u00e1s que nunca, es estar muerto en vida<\/strong>. Porque, si bien lxs m\u00e1s perjudicadxs del capitalismo son lxs marginadxs y excluidos, la propuesta de estar \u201cadentro\u201d no resulta muy alentadora: las opciones son la explotaci\u00f3n y la precarizaci\u00f3n, o la ilusi\u00f3n anestesiante de tener m\u00e1s cosas materiales de las necesarias, y aun as\u00ed no ser feliz, <strong>porque la felicidad s\u00f3lo se alcanza en comunidad<\/strong>.<\/p>\n<p>Por eso no es casualidad que el origen de la actual organizaci\u00f3n popular \u2013o por lo menos de aquella que puede elaborar una perspectiva diferente de la hegem\u00f3nica\u2013 provenga del sector que fue y sigue siendo el blanco de las pol\u00edticas del descarte: despojadxs de todo derecho y de todo material, <strong>revivieron y reviven diariamente el sentimiento comunitario que hist\u00f3ricamente intenta arrebatarles el enemigo conquistador y saqueador, pero que nunca olvidaron los pueblos originarios de Nuestra Am\u00e9rica<\/strong>. Y por este motivo es que este sistema, si bien los excluye, no los ignora: los quiere muertos, <strong>porque son la expresi\u00f3n de su inevitable final<\/strong>.<\/p>\n<p>A quienes s\u00f3lo se les propone la muerte, crean vida desde la solidaridad y lo colectivo: si antes lo que se encontraba dentro de la organizaci\u00f3n popular era un rayito de esperanza, ahora lo \u00fanico que se encuentra fuera de la organizaci\u00f3n popular es la p\u00e9rdida de una vida libre y digna. Poco a poco, se va dando vuelta la tortilla, y <strong>esto s\u00f3lo es posible con un pueblo organizado, construyendo hoy un mundo, diferente y posible, donde primen los valores de la unidad, la solidaridad, la justicia social y la organizaci\u00f3n comunitaria sembrados, cuidados y cosechados con nuestras propias manos. No relajarse y defender lo conquistado tambi\u00e9n es la tarea<\/strong>.<\/p>\n<p>Es necesario seguir fortaleciendo, m\u00e1s y m\u00e1s, la organizaci\u00f3n popular y el sentido comunitario. Es necesario reclutar y salvar a nuestrxs hermanxs explotadxs y manipuladxs por este sistema. Es necesario forjar una dirigencia a la altura de las circunstancias que, como lo hacen sus bases, den ejemplo de unidad y no se dejen encandilar por las luces y marquesinas retardatarias de la desuni\u00f3n. <strong>S\u00f3lo un pueblo unido derrotar\u00e1 a un capitalismo que se dirige a la destrucci\u00f3n de los pueblos. S\u00f3lo el pueblo, salvar\u00e1 al pueblo<\/strong>.<\/p>\n<p><img loading=\"lazy\" decoding=\"async\" class=\"wp-image-12311 aligncenter\" src=\"http:\/\/fmriachuelo.com.ar\/wp-content\/uploads\/2020\/08\/WhatsApp-Image-2020-08-07-at-09.58.39.jpeg\" alt=\"\" width=\"283\" height=\"283\" \/><\/p>\n<p>&nbsp;<\/p>\n","protected":false},"excerpt":{"rendered":"<p>[FM Riachuelo, 07\/08\/2020]\u00a0La pandemia no s\u00f3lo realz\u00f3 las desigualdades preexistentes a \u00e9sta, sino que aceler\u00f3 a escala planetaria la profundizaci\u00f3n de un sistema: los ricos se enriquecen, y los pobres se empobrecen. Mientras las nuevas tecnolog\u00edas globalizadas y el armamento comunicacional, productor de sentidos, bombardean con un ruido ensordecedor toda la informaci\u00f3n, volviendo a la [&hellip;]<\/p>\n","protected":false},"author":5,"featured_media":12312,"comment_status":"closed","ping_status":"closed","sticky":false,"template":"","format":"standard","meta":{"_monsterinsights_skip_tracking":false,"_monsterinsights_sitenote_active":false,"_monsterinsights_sitenote_note":"","_monsterinsights_sitenote_category":0,"jnews-multi-image_gallery":[],"jnews_single_post":{"format":"standard"},"jnews_primary_category":[],"_joinchat":[],"footnotes":""},"categories":[82,79,58,62,74],"tags":[],"class_list":["post-12309","post","type-post","status-publish","format-standard","has-post-thumbnail","hentry","category-derechos-humanos","category-nadie-se-salva-solo","category-noticiariachuelo","category-religiosidad-popular","category-san-cayetano"],"_links":{"self":[{"href":"http:\/\/fmriachuelo.it10.com.ar\/index.php\/wp-json\/wp\/v2\/posts\/12309","targetHints":{"allow":["GET"]}}],"collection":[{"href":"http:\/\/fmriachuelo.it10.com.ar\/index.php\/wp-json\/wp\/v2\/posts"}],"about":[{"href":"http:\/\/fmriachuelo.it10.com.ar\/index.php\/wp-json\/wp\/v2\/types\/post"}],"author":[{"embeddable":true,"href":"http:\/\/fmriachuelo.it10.com.ar\/index.php\/wp-json\/wp\/v2\/users\/5"}],"replies":[{"embeddable":true,"href":"http:\/\/fmriachuelo.it10.com.ar\/index.php\/wp-json\/wp\/v2\/comments?post=12309"}],"version-history":[{"count":1,"href":"http:\/\/fmriachuelo.it10.com.ar\/index.php\/wp-json\/wp\/v2\/posts\/12309\/revisions"}],"predecessor-version":[{"id":23073,"href":"http:\/\/fmriachuelo.it10.com.ar\/index.php\/wp-json\/wp\/v2\/posts\/12309\/revisions\/23073"}],"wp:featuredmedia":[{"embeddable":true,"href":"http:\/\/fmriachuelo.it10.com.ar\/index.php\/wp-json\/"}],"wp:attachment":[{"href":"http:\/\/fmriachuelo.it10.com.ar\/index.php\/wp-json\/wp\/v2\/media?parent=12309"}],"wp:term":[{"taxonomy":"category","embeddable":true,"href":"http:\/\/fmriachuelo.it10.com.ar\/index.php\/wp-json\/wp\/v2\/categories?post=12309"},{"taxonomy":"post_tag","embeddable":true,"href":"http:\/\/fmriachuelo.it10.com.ar\/index.php\/wp-json\/wp\/v2\/tags?post=12309"}],"curies":[{"name":"wp","href":"https:\/\/api.w.org\/{rel}","templated":true}]}}