{"id":12260,"date":"2020-08-01T00:31:49","date_gmt":"2020-08-01T00:31:49","guid":{"rendered":"http:\/\/fmriachuelo.com.ar\/?p=12260"},"modified":"2025-02-19T16:05:41","modified_gmt":"2025-02-19T19:05:41","slug":"bolivia-queremos-ser-complementarios-con-todos-los-pueblos-de-america-latina","status":"publish","type":"post","link":"http:\/\/fmriachuelo.it10.com.ar\/index.php\/2020\/08\/01\/bolivia-queremos-ser-complementarios-con-todos-los-pueblos-de-america-latina\/","title":{"rendered":"BOLIVIA: \u00abQUEREMOS SER COMPLEMENTARIOS CON TODOS LOS PUEBLOS DE AM\u00c9RICA LATINA\u00bb"},"content":{"rendered":"<p><strong>[FM Riachuelo, 31\/07\/2020] Este martes, a pesar de la pandemia, el pueblo boliviano gan\u00f3 las calles, para exigir que las elecciones se realicen el 6 de septiembre como estaba pautado y no se sigan postergando en favor del gobierno golpista de Jeanine \u00c1\u00f1ez. Antonio Abal O\u00f1a, periodista y ex consul del Estado Plurinacional de Bolivia en Argentina, en comunicaci\u00f3n telef\u00f3nica desde Cochabamba, opin\u00f3 sobre la lucha que llevan adelante los movimientos populares de Bolivia: \u00ablos protagonistas, sin lugar a dudas, han sido los pueblos originarios. Esta base es el sost\u00e9n de todo el proceso de cambios y de formas que se han dado en Bolivia, y nuevamente est\u00e1n en el rol de demandantes de derechos\u00bb.<\/strong><\/p>\n<p><img loading=\"lazy\" decoding=\"async\" class=\"wp-image-12287 alignright\" src=\"http:\/\/fmriachuelo.com.ar\/wp-content\/uploads\/2020\/08\/Abal.jpg\" alt=\"\" width=\"346\" height=\"194\" \/><\/p>\n<p>La situaci\u00f3n de Bolivia es cr\u00edtica: el actual gobierno de facto sigue utilizando la pandemia como excusa para postergar las elecciones y perpetuarse en el poder, y Evo Morales contin\u00faa exiliado. En este contexto, el pueblo boliviano sale a la calle a pelear por que se realicen las elecciones: \u201clos movimientos sociales han decidido, como lo han hecho siempre en su larga historia, salir a defender las conquistas y derechos logrados. No se trata simplemente de una movilizaci\u00f3n del Movimiento Al Socialismo, de los militantes\u2026 Los que est\u00e1n movilizando son los sectores que han sido agredidos con una pol\u00edtica violenta, con una pol\u00edtica de descuido de parte del Estado, de la salud, por ejemplo\u201d, se\u00f1ala Antonio Abal, que resalta adem\u00e1s la lucha ancestral de los pueblos originarios y el papel del Ex Presidente en esta lucha: \u201cEvo Morales es el s\u00edmbolo movilizador, y la identidad de las organizaciones en Bolivia ha retornado a sus pr\u00e1cticas anteriores, y con esas l\u00f3gicas de demanda de derecho, es que han logrado movilizaci\u00f3n. Eso es imparable\u201d.<\/p>\n<p>Tambi\u00e9n recalc\u00f3 la tradici\u00f3n organizativa que tienen los pueblos originarios, que m\u00e1s all\u00e1 de las formas, tiene un sost\u00e9n importante en los valores: \u201cel valor que ahora mundialmente est\u00e1 demandado, que es la solidaridad, es una pr\u00e1ctica cotidiana en las comunidades (originarias), eso le ha permitido sobrevivir m\u00e1s de quinientos a\u00f1os pese a todos los embates que ha tenido\u201d.<\/p>\n<p>Por \u00faltimo, en sus palabras reson\u00f3 la idea de que, para conquistar la verdadera independencia, es necesario construir la Patria Grande que tanto a\u00f1oraba San Mart\u00edn: \u201cel proyecto del Estado Plurinacional no es una propuesta \u00fanicamente para Bolivia. Todos sabemos que tenemos una historia com\u00fan a lo largo del continente, y para sobrevivir y construir ese estado tenemos que, obligatoriamente, reconocer a los hermanos en los otros pa\u00edses. Esto es una condici\u00f3n <em>sine cual non<\/em> para cambiar una forma de estado. No queremos ser una isla, sino queremos poner en pr\u00e1ctica un principio de la cosmovisi\u00f3n andina; queremos ser complementarios con todos los pueblos de Am\u00e9rica Latina\u201d.<\/p>\n<p><a href=\"https:\/\/radiocut.fm\/audiocut\/bolivia-queremos-ser-complementarios-con-todos-pueblos-america-latina\/#\"><strong>ESCUCH\u00c1 LA ENTREVISTA COMPLETA\u00a0<\/strong><b>AC\u00c1<\/b><\/a><\/p>\n<p>&nbsp;<\/p>\n","protected":false},"excerpt":{"rendered":"<p>[FM Riachuelo, 31\/07\/2020] Este martes, a pesar de la pandemia, el pueblo boliviano gan\u00f3 las calles, para exigir que las elecciones se realicen el 6 de septiembre como estaba pautado y no se sigan postergando en favor del gobierno golpista de Jeanine \u00c1\u00f1ez. Antonio Abal O\u00f1a, periodista y ex consul del Estado Plurinacional de Bolivia [&hellip;]<\/p>\n","protected":false},"author":5,"featured_media":12263,"comment_status":"closed","ping_status":"closed","sticky":false,"template":"","format":"standard","meta":{"_monsterinsights_skip_tracking":false,"_monsterinsights_sitenote_active":false,"_monsterinsights_sitenote_note":"","_monsterinsights_sitenote_category":0,"jnews-multi-image_gallery":[],"jnews_single_post":{"format":"standard"},"jnews_primary_category":[],"_joinchat":[],"footnotes":""},"categories":[82,79,58,130],"tags":[],"class_list":["post-12260","post","type-post","status-publish","format-standard","has-post-thumbnail","hentry","category-derechos-humanos","category-nadie-se-salva-solo","category-noticiariachuelo","category-patria-grande"],"_links":{"self":[{"href":"http:\/\/fmriachuelo.it10.com.ar\/index.php\/wp-json\/wp\/v2\/posts\/12260","targetHints":{"allow":["GET"]}}],"collection":[{"href":"http:\/\/fmriachuelo.it10.com.ar\/index.php\/wp-json\/wp\/v2\/posts"}],"about":[{"href":"http:\/\/fmriachuelo.it10.com.ar\/index.php\/wp-json\/wp\/v2\/types\/post"}],"author":[{"embeddable":true,"href":"http:\/\/fmriachuelo.it10.com.ar\/index.php\/wp-json\/wp\/v2\/users\/5"}],"replies":[{"embeddable":true,"href":"http:\/\/fmriachuelo.it10.com.ar\/index.php\/wp-json\/wp\/v2\/comments?post=12260"}],"version-history":[{"count":1,"href":"http:\/\/fmriachuelo.it10.com.ar\/index.php\/wp-json\/wp\/v2\/posts\/12260\/revisions"}],"predecessor-version":[{"id":23075,"href":"http:\/\/fmriachuelo.it10.com.ar\/index.php\/wp-json\/wp\/v2\/posts\/12260\/revisions\/23075"}],"wp:featuredmedia":[{"embeddable":true,"href":"http:\/\/fmriachuelo.it10.com.ar\/index.php\/wp-json\/"}],"wp:attachment":[{"href":"http:\/\/fmriachuelo.it10.com.ar\/index.php\/wp-json\/wp\/v2\/media?parent=12260"}],"wp:term":[{"taxonomy":"category","embeddable":true,"href":"http:\/\/fmriachuelo.it10.com.ar\/index.php\/wp-json\/wp\/v2\/categories?post=12260"},{"taxonomy":"post_tag","embeddable":true,"href":"http:\/\/fmriachuelo.it10.com.ar\/index.php\/wp-json\/wp\/v2\/tags?post=12260"}],"curies":[{"name":"wp","href":"https:\/\/api.w.org\/{rel}","templated":true}]}}