{"id":12253,"date":"2020-07-29T23:48:28","date_gmt":"2020-07-29T23:48:28","guid":{"rendered":"http:\/\/fmriachuelo.com.ar\/?p=12253"},"modified":"2025-02-19T16:14:41","modified_gmt":"2025-02-19T19:14:41","slug":"bolivia-marcha-a-un-paro-por-tiempo-indeterminado-contra-la-dictadura-de-anez","status":"publish","type":"post","link":"http:\/\/fmriachuelo.it10.com.ar\/index.php\/2020\/07\/29\/bolivia-marcha-a-un-paro-por-tiempo-indeterminado-contra-la-dictadura-de-anez\/","title":{"rendered":"BOLIVIA MARCHA A UN PARO POR TIEMPO INDETERMINADO CONTRA LA DICTADURA DE A\u00d1EZ"},"content":{"rendered":"<p><strong>[FM Riachuelo, 29\/07\/2020] Al grito de \u00abBloqueo nacional\u00bb, los movimientos sociales rechazaron una nueva postergaci\u00f3n de las elecciones en Bolivia y se plantaron masivamente y en unidad contra la dictadura de Jeanine A\u00f1ez.<\/strong><\/p>\n<p>En el aire de la Riachuelo analizamos con Lito Borello, Coordinador Nacional de la Organizaci\u00f3n Social y Pol\u00edtica Los Pibes, el valor continental de la definici\u00f3n alcanzada esta tarde en la Ciudad del Alto. La Central Obrera Boliviana junto a los movimientos sociales marchan a un paro por tiempo indeterminado con movilizaciones y bloqueos en todo el pa\u00eds durante los pr\u00f3ximos d\u00edas.<\/p>\n<p>Escuch\u00e1 la nota:<\/p>\n<p><a href=\"https:\/\/radiocut.fm\/audiocut\/bolivia-marcha-a-un-paro-indeterminado-contra-dictadura-anez\/\">https:\/\/radiocut.fm\/audiocut\/bolivia-marcha-a-un-paro-indeterminado-contra-dictadura-anez\/<\/a><\/p>\n","protected":false},"excerpt":{"rendered":"<p>[FM Riachuelo, 29\/07\/2020] Al grito de \u00abBloqueo nacional\u00bb, los movimientos sociales rechazaron una nueva postergaci\u00f3n de las elecciones en Bolivia y se plantaron masivamente y en unidad contra la dictadura de Jeanine A\u00f1ez. En el aire de la Riachuelo analizamos con Lito Borello, Coordinador Nacional de la Organizaci\u00f3n Social y Pol\u00edtica Los Pibes, el valor [&hellip;]<\/p>\n","protected":false},"author":5,"featured_media":12254,"comment_status":"closed","ping_status":"closed","sticky":false,"template":"","format":"standard","meta":{"_monsterinsights_skip_tracking":false,"_monsterinsights_sitenote_active":false,"_monsterinsights_sitenote_note":"","_monsterinsights_sitenote_category":0,"jnews-multi-image_gallery":[],"jnews_single_post":{"format":"standard"},"jnews_primary_category":[],"_joinchat":[],"footnotes":""},"categories":[82,58,130],"tags":[],"class_list":["post-12253","post","type-post","status-publish","format-standard","has-post-thumbnail","hentry","category-derechos-humanos","category-noticiariachuelo","category-patria-grande"],"_links":{"self":[{"href":"http:\/\/fmriachuelo.it10.com.ar\/index.php\/wp-json\/wp\/v2\/posts\/12253","targetHints":{"allow":["GET"]}}],"collection":[{"href":"http:\/\/fmriachuelo.it10.com.ar\/index.php\/wp-json\/wp\/v2\/posts"}],"about":[{"href":"http:\/\/fmriachuelo.it10.com.ar\/index.php\/wp-json\/wp\/v2\/types\/post"}],"author":[{"embeddable":true,"href":"http:\/\/fmriachuelo.it10.com.ar\/index.php\/wp-json\/wp\/v2\/users\/5"}],"replies":[{"embeddable":true,"href":"http:\/\/fmriachuelo.it10.com.ar\/index.php\/wp-json\/wp\/v2\/comments?post=12253"}],"version-history":[{"count":1,"href":"http:\/\/fmriachuelo.it10.com.ar\/index.php\/wp-json\/wp\/v2\/posts\/12253\/revisions"}],"predecessor-version":[{"id":23076,"href":"http:\/\/fmriachuelo.it10.com.ar\/index.php\/wp-json\/wp\/v2\/posts\/12253\/revisions\/23076"}],"wp:featuredmedia":[{"embeddable":true,"href":"http:\/\/fmriachuelo.it10.com.ar\/index.php\/wp-json\/"}],"wp:attachment":[{"href":"http:\/\/fmriachuelo.it10.com.ar\/index.php\/wp-json\/wp\/v2\/media?parent=12253"}],"wp:term":[{"taxonomy":"category","embeddable":true,"href":"http:\/\/fmriachuelo.it10.com.ar\/index.php\/wp-json\/wp\/v2\/categories?post=12253"},{"taxonomy":"post_tag","embeddable":true,"href":"http:\/\/fmriachuelo.it10.com.ar\/index.php\/wp-json\/wp\/v2\/tags?post=12253"}],"curies":[{"name":"wp","href":"https:\/\/api.w.org\/{rel}","templated":true}]}}