{"id":12242,"date":"2020-07-25T17:29:07","date_gmt":"2020-07-25T17:29:07","guid":{"rendered":"http:\/\/fmriachuelo.com.ar\/?p=12242"},"modified":"2025-02-19T16:26:29","modified_gmt":"2025-02-19T19:26:29","slug":"el-desafio-es-sonar-pensar-y-construir-otro-mundo-posible","status":"publish","type":"post","link":"http:\/\/fmriachuelo.it10.com.ar\/index.php\/2020\/07\/25\/el-desafio-es-sonar-pensar-y-construir-otro-mundo-posible\/","title":{"rendered":"\u201cEL DESAF\u00cdO ES SO\u00d1AR, PENSAR Y CONSTRUIR OTRO MUNDO POSIBLE\u201d"},"content":{"rendered":"<p><strong>[FM Riachuelo 25\/7\/2020] Resulta ya evidente que, lejos de tratarse simplemente de un hecho de la naturaleza, sobre la aparici\u00f3n y proliferaci\u00f3n del COVID-19 se despliegan con su furia habitual las herramientas de los poderes f\u00e1cticos globales. Como una doctrina del shock, una guerra psicol\u00f3gica cuyas armas de confusi\u00f3n masivas legitiman pr\u00e1cticas que intentan romper los lazos sociales y comunitarios, aumentan la especulaci\u00f3n, la desuni\u00f3n y el individualismo en pos de profundizar la concentraci\u00f3n de riquezas y privilegios.<\/strong><\/p>\n<p><span style=\"font-weight: 400\">La saturaci\u00f3n de informaci\u00f3n en redes sociales y noticias falsas apunta a asustar a la poblaci\u00f3n naturalizando el desencuentro y abriendo la puerta a la desestabilizaci\u00f3n de democracias ya asediadas y paralizadas ante la urgencia de resolver las desigualdades estructurales que afectan a los Pueblos.\u00a0<\/span><\/p>\n<p><span style=\"font-weight: 400\">Al mismo tiempo, es el compromiso de los sectores populares el que, frente al contexto mundial de pandemia, soluciona los problemas m\u00e1s urgentes en los territorios con las ollas, comedores y merenderos sin dejar de se\u00f1alar que es necesario un cambio de ra\u00edz para construir una sociedad que se base en la solidaridad, y los valores de la comunidad organizada.<\/span><\/p>\n<p><b>Lito Borello, Secretario de DDHH de la UTEP<\/b><span style=\"font-weight: 400\">, en un documento de la<\/span><b> Organizaci\u00f3n Social y Pol\u00edtica Los Pibes<\/b><span style=\"font-weight: 400\"> que coordina, se\u00f1al\u00f3 recientemente que el mundo se encuentra ante un <\/span><i><span style=\"font-weight: 400\">\u201cmomento bisagra\u201d<\/span><\/i><span style=\"font-weight: 400\"> y que <\/span><i><span style=\"font-weight: 400\">\u201cno se toleran m\u00e1s los atropellos de la oligarqu\u00eda, de la derecha salvaje, de los adoradores del Dios dinero, que s\u00f3lo piensan en seguir acumulando para una minor\u00eda privilegiada\u201d<\/span><\/i><span style=\"font-weight: 400\">. Sobre estos temas profundizamos recientemente en una entrevista que brind\u00f3 a nuestra FM Riachuelo:<\/span><\/p>\n<p><b>FM Riachuelo: Asistimos a un momento muy complejo donde aparecen operaciones desestabilizadores que se hacen en nombre de la rep\u00fablica y la democracia, tambi\u00e9n es cierto que en las democracias de las \u00faltimas d\u00e9cadas no fue posible revertir condiciones estructurales de desigualdad que hoy tienen graves consecuencias \u00bfHay desde los movimientos sociales una mirada sobre la democracia?<\/b><\/p>\n<p><b>Lito Borello: Necesitamos de manera urgente<\/b> <b>una democracia directa<\/b><span style=\"font-weight: 400\">, <\/span><b>una democracia popular<\/b><span style=\"font-weight: 400\">, participativa y protag\u00f3nica. Una democracia revolucionaria que perfore el techo que pone esta democracia representativa, dise\u00f1ada para que nada cambie y para que los poderes f\u00e1cticos tengan la hegemon\u00eda de las decisiones y as\u00ed asegurarse la defensa de sus intereses de clase, el inter\u00e9s de los poderosos, los de un pu\u00f1ado peque\u00f1o, mezquino, avaro, ego\u00edsta y sin coraz\u00f3n, insensible ante el sufrimiento de nuestro pueblo.<\/span><\/p>\n<p><b>El problema central es<\/b> <b>este capitalismo salvaje<\/b><span style=\"font-weight: 400\">, depredador, extractivista y financiero, que es un proyecto de muerte que pone en riesgo a la humanidad y hasta la misma\u00a0 subsistencia del planeta.<\/span><\/p>\n<p><b>FMR: Ante estas situaciones de desigualdad que atraviesan los sectores populares en Latinoam\u00e9rica y a nivel global \u00bfCu\u00e1l debe ser el rol de la militancia y del conjunto de los movimientos populares de lxs trabajadorxs?<\/b><\/p>\n<p><b>LB:<\/b><span style=\"font-weight: 400\"> En el marco de esta contraofensiva restauradora global y de una crisis mundial y multidimensional acelerada por el contexto mundial de pandemia, creo que es imprescindible <\/span><b>fortalecer la resistencia a las pol\u00edticas del imperialismo global, la construcci\u00f3n de una alternativa y la defensa de lo construido<\/b><span style=\"font-weight: 400\">.\u00a0\u00a0<\/span><\/p>\n<p><b>Para esto considero que es fundamental<\/b><span style=\"font-weight: 400\"> la construcci\u00f3n de poder popular, que permita a nuestro pueblo empoderarse de mayores capacidades de autogesti\u00f3n y autonom\u00eda en las territorialidades concretas donde habita, dando lugar a una <\/span><b>nueva geometr\u00eda del poder que vaya creciendo y desarrollando una democracia de calles, verdaderamente participativa y protag\u00f3nica<\/b><span style=\"font-weight: 400\">.<\/span><\/p>\n<p><span style=\"font-weight: 400\">Los Movimientos Populares, que desde siempre estamos en la primera l\u00ednea de combate, ratificamos nuestro compromiso desinteresado, sincero y patri\u00f3tico como lo vienen exclamando las ollas populares nacidas al calor de esta crisis.\u00a0 El desaf\u00edo es so\u00f1ar, pensar y construir otro mundo posible. Un mundo donde quepan todos los mundos. El tiempo es ahora.<\/span><\/p>\n","protected":false},"excerpt":{"rendered":"<p>[FM Riachuelo 25\/7\/2020] Resulta ya evidente que, lejos de tratarse simplemente de un hecho de la naturaleza, sobre la aparici\u00f3n y proliferaci\u00f3n del COVID-19 se despliegan con su furia habitual las herramientas de los poderes f\u00e1cticos globales. Como una doctrina del shock, una guerra psicol\u00f3gica cuyas armas de confusi\u00f3n masivas legitiman pr\u00e1cticas que intentan romper [&hellip;]<\/p>\n","protected":false},"author":5,"featured_media":12243,"comment_status":"closed","ping_status":"closed","sticky":false,"template":"","format":"standard","meta":{"_monsterinsights_skip_tracking":false,"_monsterinsights_sitenote_active":false,"_monsterinsights_sitenote_note":"","_monsterinsights_sitenote_category":0,"jnews-multi-image_gallery":[],"jnews_single_post":{"format":"standard"},"jnews_primary_category":[],"_joinchat":[],"footnotes":""},"categories":[82,63,76],"tags":[],"class_list":["post-12242","post","type-post","status-publish","format-standard","has-post-thumbnail","hentry","category-derechos-humanos","category-entrevista-riachuelo","category-salud-comunitaria"],"_links":{"self":[{"href":"http:\/\/fmriachuelo.it10.com.ar\/index.php\/wp-json\/wp\/v2\/posts\/12242","targetHints":{"allow":["GET"]}}],"collection":[{"href":"http:\/\/fmriachuelo.it10.com.ar\/index.php\/wp-json\/wp\/v2\/posts"}],"about":[{"href":"http:\/\/fmriachuelo.it10.com.ar\/index.php\/wp-json\/wp\/v2\/types\/post"}],"author":[{"embeddable":true,"href":"http:\/\/fmriachuelo.it10.com.ar\/index.php\/wp-json\/wp\/v2\/users\/5"}],"replies":[{"embeddable":true,"href":"http:\/\/fmriachuelo.it10.com.ar\/index.php\/wp-json\/wp\/v2\/comments?post=12242"}],"version-history":[{"count":1,"href":"http:\/\/fmriachuelo.it10.com.ar\/index.php\/wp-json\/wp\/v2\/posts\/12242\/revisions"}],"predecessor-version":[{"id":23081,"href":"http:\/\/fmriachuelo.it10.com.ar\/index.php\/wp-json\/wp\/v2\/posts\/12242\/revisions\/23081"}],"wp:featuredmedia":[{"embeddable":true,"href":"http:\/\/fmriachuelo.it10.com.ar\/index.php\/wp-json\/"}],"wp:attachment":[{"href":"http:\/\/fmriachuelo.it10.com.ar\/index.php\/wp-json\/wp\/v2\/media?parent=12242"}],"wp:term":[{"taxonomy":"category","embeddable":true,"href":"http:\/\/fmriachuelo.it10.com.ar\/index.php\/wp-json\/wp\/v2\/categories?post=12242"},{"taxonomy":"post_tag","embeddable":true,"href":"http:\/\/fmriachuelo.it10.com.ar\/index.php\/wp-json\/wp\/v2\/tags?post=12242"}],"curies":[{"name":"wp","href":"https:\/\/api.w.org\/{rel}","templated":true}]}}