{"id":12231,"date":"2020-07-17T16:27:51","date_gmt":"2020-07-17T16:27:51","guid":{"rendered":"http:\/\/fmriachuelo.com.ar\/?p=12231"},"modified":"2025-02-19T16:27:31","modified_gmt":"2025-02-19T19:27:31","slug":"compartiendo-el-aire-con-el-instituto-superior-de-tiempo-libre-y-recreacion","status":"publish","type":"post","link":"http:\/\/fmriachuelo.it10.com.ar\/index.php\/2020\/07\/17\/compartiendo-el-aire-con-el-instituto-superior-de-tiempo-libre-y-recreacion\/","title":{"rendered":"COMPARTIENDO EL AIRE CON EL INSTITUTO SUPERIOR DE TIEMPO LIBRE Y RECREACI\u00d3N"},"content":{"rendered":"<p><strong>[FM Riachuelo 17\/07\/2020] Este jueves inauguramos un nuevo segmento en Rompe el Cerco Informativo (L a V 17 a 19 hs), compartiendo el aire con el Instituto de Tiempo Libre y Recreaci\u00f3n\u00a0 de la Ciudad de Buenos Aires.\u00a0 En el mismo se compartir\u00e1n producciones y experiencias de los estudiantes y se transmitir\u00e1 todos los jueves durante el programa y en el aire de la Fm Riachuelo 100.9.<\/strong><\/p>\n<p>Durante el programa conversamos con Sebasti\u00e1n Calder\u00f3n, docente del Taller Radio 2 de la carrera de Comunicaci\u00f3n Social de esta instituci\u00f3n p\u00fablica de formaci\u00f3n superior, quien inaugur\u00f3 el ciclo compartiendo una primera emisi\u00f3n de podcasts producidos en la reciente cursada del taller.<\/p>\n<p>Sebasti\u00e1n destaca: &lt;&lt; <em>debido al contexto de aislamiento social preventivo y obligatorio los docentes tuvimos que reformular la din\u00e1mica del trabajo. Este taller tiene lugar en el tramo final de la carrera y la idea es conocer experiencias de campo, conocer las problem\u00e1ticas de los territorios. El trabajo final ten\u00eda que ver con la conformaci\u00f3n de equipos donde se noten los roles que hacen a la pr\u00e1ctica radiof\u00f3nica, pero debido a la circunstancias actuales se tuvo que hacer de forma individual por eso se lleg\u00f3 a este formato, \u201cel podcast\u201d que es un formato que vino a sumarse a la propuesta de la radio<\/em>&gt;&gt;<\/p>\n<p>Tambi\u00e9n particip\u00f3 Julieta Guarnieri, estudiante de la carrera y realizadora de un podcast que denuncia el racismo y las formas de cubrirlo por parte de los grandes medios. Julieta destac\u00f3 que a pesar la virtualidad para cursar su realizaci\u00f3n tambi\u00e9n tuvo un componente colectivo ya que varios compa\u00f1erxs colaboraron con su producci\u00f3n. <span class=\"JLqJ4b ChMk0b\"><span class=\"Q4iAWc\">Los jugadores pueden determinar su probabilidad de ganar con esta proporci\u00f3n en <a href=\"https:\/\/1-win.in\/spanish\/\">1win casino en l\u00ednea<\/a>.<\/span><\/span> <span class=\"JLqJ4b ChMk0b\"><span class=\"Q4iAWc\">Los jugadores deben comprender la importancia de la relaci\u00f3n Retorno al jugador (RTP).<\/span><\/span> <span class=\"JLqJ4b ChMk0b\"><span class=\"Q4iAWc\">Debes elegir un juego que venga con una alta proporci\u00f3n de retorno por jugador.<\/span><\/span> Luego se refiri\u00f3 a la diferencia en lo alternativo y lo alterativo en la comunicaci\u00f3n \u00a0<em>&lt;&lt; nuestra carrera tiene como eje la comunicaci\u00f3n orientada en el desarrollo local, entonces tiene un anclaje en lo territorial \u00a0que est\u00e1 bueno, entiendo que potenciar los medios alternativos es lo que hace que estas tem\u00e1ticas se puedan poner en conocimiento de un p\u00fablico m\u00e1s masivo&gt;&gt;<\/em><\/p>\n<p>A pesar del aislamiento, el ISTLyR y sus estudiantes siguen trabajando form\u00e1ndose con una mirada comprometida con los barrios populares, la comunicaci\u00f3n alternativa y la diversidad de formas organizativas y solidarias que crecen desde el pie.<\/p>\n<p>&nbsp;<\/p>\n<p>Escucha el segmento completo\u00a0<a href=\"https:\/\/radiocut.fm\/audiocut\/compartiendo-aire-con-istlyr\/?replay=1#evtCat=AudioCutDetail&amp;evtAct=Progress&amp;evtLabel=ExitReplay\">ac\u00e1<\/a><\/p>\n","protected":false},"excerpt":{"rendered":"<p>[FM Riachuelo 17\/07\/2020] Este jueves inauguramos un nuevo segmento en Rompe el Cerco Informativo (L a V 17 a 19 hs), compartiendo el aire con el Instituto de Tiempo Libre y Recreaci\u00f3n\u00a0 de la Ciudad de Buenos Aires.\u00a0 En el mismo se compartir\u00e1n producciones y experiencias de los estudiantes y se transmitir\u00e1 todos los jueves [&hellip;]<\/p>\n","protected":false},"author":5,"featured_media":12232,"comment_status":"closed","ping_status":"closed","sticky":false,"template":"","format":"standard","meta":{"_monsterinsights_skip_tracking":false,"_monsterinsights_sitenote_active":false,"_monsterinsights_sitenote_note":"","_monsterinsights_sitenote_category":0,"jnews-multi-image_gallery":[],"jnews_single_post":{"format":"standard"},"jnews_primary_category":[],"_joinchat":[],"footnotes":""},"categories":[141,80,79,58],"tags":[],"class_list":["post-12231","post","type-post","status-publish","format-standard","has-post-thumbnail","hentry","category-comunicacion-popular","category-educacion","category-nadie-se-salva-solo","category-noticiariachuelo"],"_links":{"self":[{"href":"http:\/\/fmriachuelo.it10.com.ar\/index.php\/wp-json\/wp\/v2\/posts\/12231","targetHints":{"allow":["GET"]}}],"collection":[{"href":"http:\/\/fmriachuelo.it10.com.ar\/index.php\/wp-json\/wp\/v2\/posts"}],"about":[{"href":"http:\/\/fmriachuelo.it10.com.ar\/index.php\/wp-json\/wp\/v2\/types\/post"}],"author":[{"embeddable":true,"href":"http:\/\/fmriachuelo.it10.com.ar\/index.php\/wp-json\/wp\/v2\/users\/5"}],"replies":[{"embeddable":true,"href":"http:\/\/fmriachuelo.it10.com.ar\/index.php\/wp-json\/wp\/v2\/comments?post=12231"}],"version-history":[{"count":1,"href":"http:\/\/fmriachuelo.it10.com.ar\/index.php\/wp-json\/wp\/v2\/posts\/12231\/revisions"}],"predecessor-version":[{"id":23082,"href":"http:\/\/fmriachuelo.it10.com.ar\/index.php\/wp-json\/wp\/v2\/posts\/12231\/revisions\/23082"}],"wp:featuredmedia":[{"embeddable":true,"href":"http:\/\/fmriachuelo.it10.com.ar\/index.php\/wp-json\/"}],"wp:attachment":[{"href":"http:\/\/fmriachuelo.it10.com.ar\/index.php\/wp-json\/wp\/v2\/media?parent=12231"}],"wp:term":[{"taxonomy":"category","embeddable":true,"href":"http:\/\/fmriachuelo.it10.com.ar\/index.php\/wp-json\/wp\/v2\/categories?post=12231"},{"taxonomy":"post_tag","embeddable":true,"href":"http:\/\/fmriachuelo.it10.com.ar\/index.php\/wp-json\/wp\/v2\/tags?post=12231"}],"curies":[{"name":"wp","href":"https:\/\/api.w.org\/{rel}","templated":true}]}}