{"id":12215,"date":"2020-07-16T20:56:35","date_gmt":"2020-07-16T20:56:35","guid":{"rendered":"http:\/\/fmriachuelo.com.ar\/?p=12215"},"modified":"2025-02-19T16:48:20","modified_gmt":"2025-02-19T19:48:20","slug":"sipreba-organizo-un-apagon-de-noticias","status":"publish","type":"post","link":"http:\/\/fmriachuelo.it10.com.ar\/index.php\/2020\/07\/16\/sipreba-organizo-un-apagon-de-noticias\/","title":{"rendered":"SIPREBA: APAG\u00d3N DE NOTICIAS POR LA REAPERTURA DE LAS PARITARIAS"},"content":{"rendered":"<p><strong>[FM Riachuelo, 16\/07\/2020]El Sindicato de Prensa de Buenos Aires (SiPreBa) realiz\u00f3 este 15 de julio un apag\u00f3n de noticias, exigiendo la reapertura de las paritarias de los trabajadores de prensa, que tanto las de 2019 como las de 2020 obtuvieron un escaso aumento del 15%. En FM Riachuelo 100.9, conversamos al aire con Francsco Rabini, delegado de Clar\u00edn y de SiPreBA, que comparti\u00f3 un balance de las medidas de lucha de los trabajadores de prensa.<\/strong><\/p>\n<p>La medida consisti\u00f3 en el cese de actividades desde las 14hs a las 16hs: \u201cesta medida de fuerza que tomamos es en defensa de nuestros salarios; exigimos una reapertura de paritarias, pero en \u00faltima instancia <strong>exigimos una toma de decisi\u00f3n y una negociaci\u00f3n que tenga que ver con todos los actores de la actividad: con el Estado, con las c\u00e1maras empresarias, con los trabajadores, para encontrarle una salida a esta situaci\u00f3n, que entendemos que ya no va a haber posibilidades de revancha; es ahora o el periodismo como lo conocemos sufrir\u00e1 un golpe mortal<\/strong>\u201d, asegur\u00f3 Rabini.<\/p>\n<p>La situaci\u00f3n es cr\u00edtica: durante la pandemia, cerr\u00f3 la Revista Pronto, aun siendo la m\u00e1s vendida; editorial Atl\u00e1ntida, de las m\u00e1s poderosas del pa\u00eds, comenz\u00f3 a despedir personal; Diario Popular, tercer diario m\u00e1s vendido, no est\u00e1 pagando los salarios. \u201c\u00bfQu\u00e9 le queda entonces a los medios comunitarios?\u201d, reflexion\u00f3 el delegado.<\/p>\n<p>En un contexto como el actual, se resalta el lugar esencial que ocupan los medios de comunicaci\u00f3n: \u201cel rol de la comunicaci\u00f3n y del periodista es importante, y tiene una trascendencia que vimos en la elecci\u00f3n con Trump, con todas noticias falsas. Es un problema cuando la comunicaci\u00f3n no est\u00e1 chequeada, as\u00ed nos estamos fumando al presidente de Estados Unidos que nos estamos fumando\u201d, explic\u00f3 Rabini, y cerr\u00f3: <strong>\u201cla batalla es ahora, no vamos a tener segundas oportunidades\u201d.<\/strong><\/p>\n<p>Escuch\u00e1 la nota completa:<\/p>\n<p><a href=\"https:\/\/ar.radiocut.fm\/audiocut\/sipreba-organizo-un-apagon-noticias\/\">https:\/\/ar.radiocut.fm\/audiocut\/sipreba-organizo-un-apagon-noticias\/<\/a><\/p>\n","protected":false},"excerpt":{"rendered":"<p>[FM Riachuelo, 16\/07\/2020]El Sindicato de Prensa de Buenos Aires (SiPreBa) realiz\u00f3 este 15 de julio un apag\u00f3n de noticias, exigiendo la reapertura de las paritarias de los trabajadores de prensa, que tanto las de 2019 como las de 2020 obtuvieron un escaso aumento del 15%. En FM Riachuelo 100.9, conversamos al aire con Francsco Rabini, [&hellip;]<\/p>\n","protected":false},"author":5,"featured_media":12217,"comment_status":"closed","ping_status":"closed","sticky":false,"template":"","format":"standard","meta":{"_monsterinsights_skip_tracking":false,"_monsterinsights_sitenote_active":false,"_monsterinsights_sitenote_note":"","_monsterinsights_sitenote_category":0,"jnews-multi-image_gallery":[],"jnews_single_post":{"format":"standard"},"jnews_primary_category":[],"_joinchat":[],"footnotes":""},"categories":[75],"tags":[],"class_list":["post-12215","post","type-post","status-publish","format-standard","has-post-thumbnail","hentry","category-trabajo"],"_links":{"self":[{"href":"http:\/\/fmriachuelo.it10.com.ar\/index.php\/wp-json\/wp\/v2\/posts\/12215","targetHints":{"allow":["GET"]}}],"collection":[{"href":"http:\/\/fmriachuelo.it10.com.ar\/index.php\/wp-json\/wp\/v2\/posts"}],"about":[{"href":"http:\/\/fmriachuelo.it10.com.ar\/index.php\/wp-json\/wp\/v2\/types\/post"}],"author":[{"embeddable":true,"href":"http:\/\/fmriachuelo.it10.com.ar\/index.php\/wp-json\/wp\/v2\/users\/5"}],"replies":[{"embeddable":true,"href":"http:\/\/fmriachuelo.it10.com.ar\/index.php\/wp-json\/wp\/v2\/comments?post=12215"}],"version-history":[{"count":1,"href":"http:\/\/fmriachuelo.it10.com.ar\/index.php\/wp-json\/wp\/v2\/posts\/12215\/revisions"}],"predecessor-version":[{"id":23089,"href":"http:\/\/fmriachuelo.it10.com.ar\/index.php\/wp-json\/wp\/v2\/posts\/12215\/revisions\/23089"}],"wp:featuredmedia":[{"embeddable":true,"href":"http:\/\/fmriachuelo.it10.com.ar\/index.php\/wp-json\/"}],"wp:attachment":[{"href":"http:\/\/fmriachuelo.it10.com.ar\/index.php\/wp-json\/wp\/v2\/media?parent=12215"}],"wp:term":[{"taxonomy":"category","embeddable":true,"href":"http:\/\/fmriachuelo.it10.com.ar\/index.php\/wp-json\/wp\/v2\/categories?post=12215"},{"taxonomy":"post_tag","embeddable":true,"href":"http:\/\/fmriachuelo.it10.com.ar\/index.php\/wp-json\/wp\/v2\/tags?post=12215"}],"curies":[{"name":"wp","href":"https:\/\/api.w.org\/{rel}","templated":true}]}}