{"id":12207,"date":"2020-07-09T21:25:12","date_gmt":"2020-07-09T21:25:12","guid":{"rendered":"http:\/\/fmriachuelo.com.ar\/?p=12207"},"modified":"2020-07-09T21:25:12","modified_gmt":"2020-07-09T21:25:12","slug":"el-9-de-julio-del-pueblo-caminando-a-la-segunda-y-definitiva-independencia","status":"publish","type":"post","link":"http:\/\/fmriachuelo.it10.com.ar\/index.php\/2020\/07\/09\/el-9-de-julio-del-pueblo-caminando-a-la-segunda-y-definitiva-independencia\/","title":{"rendered":"EL 9 DE JULIO DEL PUEBLO: CAMINANDO A LA SEGUNDA Y DEFINITIVA INDEPENDENCIA"},"content":{"rendered":"<p><strong>[FM Riachuelo, 09\/07\/2020] Esta ma\u00f1ana, igual que cada momento de recrudecimiento de la crisis, encontr\u00f3 en todo el pa\u00eds a un pueblo movilizado alrededor de sus ollas populares y sus comedores, levantando las banderas de la independencia que hoy proclaman la consigna \u201cVicentin para el pueblo\u201d y exigen el impuesto a las grandes fortunas. Un claro ejemplo fue el comedor y merendero Bartolina Sisa de Cuartel V, Moreno, que celebr\u00f3 el d\u00eda de nuestra Primera Independencia compartiendo con lxs vecinxs una olla popular.<\/strong><\/p>\n<p>Los tiempos de pandemia resaltaron una realidad innegable: las ollas populares, los comedores y los merenderos encarnan esa fuerza popular que se organiza y expresa, como se\u00f1al\u00f3 el Papa, que nadie se salva solo: \u201cla idea es seguir luchando con las compa\u00f1eras para hacer m\u00e1s ollas populares. Hay mucha necesidad\u201d, cuenta Sixta Sanabria, coordinadora del Bartolina Sisa<\/p>\n<p>Esta fuerza popular es la que se opone a la fuerza brutal de antipatria, de aquellos que, mientras el hambre y la desigualdad siguen siendo la m\u00e1s letal de las pandemias, contin\u00faan acumulando riqueza y ponen el grito en el cielo en contra de la expropiaci\u00f3n de Vicentin: \u201cla empresa debe 1.300 millones de d\u00f3lares y tenemos que estar discutiendo si el Estado puede expropiar o no. Es el reino del rev\u00e9s\u201d, expres\u00f3 Esteban \u201cEl Gringo\u201d Castro, Secretario General de UTEP, que form\u00f3 parte de la actividad.<\/p>\n<p><img loading=\"lazy\" decoding=\"async\" class=\"alignnone size-full wp-image-12210\" src=\"http:\/\/fmriachuelo.com.ar\/wp-content\/uploads\/2020\/07\/a39dda68-9afc-46d9-b84b-25553f2c273c.jpeg\" alt=\"\" width=\"1280\" height=\"869\" \/><\/p>\n<p>En una fecha patria como la de hoy, nos envuelven no s\u00f3lo solidaridad y la resistencia popular, sino tambi\u00e9n la reflexi\u00f3n y los horizontes que nos har\u00e1n libres como pueblo. Explicaba el Gringo Castro: \u201cnosotros tratamos de construir grados crecientes de unidad, y esa unidad est\u00e1 planteada, como se dice com\u00fanmente, de abajo hacia arriba. Ese \u2018de abajo\u2019 es la construcci\u00f3n de comunidad\u2026 esa es la verdadera independencia, que se logra, por supuesto, en t\u00e9rminos regionales; es muy dif\u00edcil pensar que se pueda lograr s\u00f3lo en Argentina\u201d.<\/p>\n<p>Tambi\u00e9n estuvieron presentes Lito Borello, Secretario de DDHH de UTEP; Luciano \u00c1lvarez, de la Organizaci\u00f3n Social y Pol\u00edtica \u201cLos Pibes\u201d; y Carina Maloberti, referente de ATE, rescatando el ejemplo de las compa\u00f1eras en una jornada cuyo sentimiento de emancipaci\u00f3n fue lo primordial. Conclu\u00eda Borello: \u201caunque muchos lo oculten, con las Bartolina Sisa, con las Juana Azurduy, construimos la Patria codo a codo\u2026 est\u00e1 claro que esta segunda independencia no hay manera de hacerla si no es, juntos, compa\u00f1eros y compa\u00f1eras\u201d.<\/p>\n<p><img loading=\"lazy\" decoding=\"async\" class=\"alignnone size-full wp-image-12209\" src=\"http:\/\/fmriachuelo.com.ar\/wp-content\/uploads\/2020\/07\/ba4f3a01-38e1-49e6-9679-474498b9e34c.jpeg\" alt=\"\" width=\"1280\" height=\"785\" \/><\/p>\n","protected":false},"excerpt":{"rendered":"<p>[FM Riachuelo, 09\/07\/2020] Esta ma\u00f1ana, igual que cada momento de recrudecimiento de la crisis, encontr\u00f3 en todo el pa\u00eds a un pueblo movilizado alrededor de sus ollas populares y sus comedores, levantando las banderas de la independencia que hoy proclaman la consigna \u201cVicentin para el pueblo\u201d y exigen el impuesto a las grandes fortunas. Un [&hellip;]<\/p>\n","protected":false},"author":5,"featured_media":12208,"comment_status":"closed","ping_status":"closed","sticky":false,"template":"","format":"standard","meta":{"_monsterinsights_skip_tracking":false,"_monsterinsights_sitenote_active":false,"_monsterinsights_sitenote_note":"","_monsterinsights_sitenote_category":0,"jnews-multi-image_gallery":[],"jnews_single_post":[],"jnews_primary_category":[],"_joinchat":[],"footnotes":""},"categories":[76,74,75],"tags":[],"class_list":["post-12207","post","type-post","status-publish","format-standard","has-post-thumbnail","hentry","category-salud-comunitaria","category-san-cayetano","category-trabajo"],"_links":{"self":[{"href":"http:\/\/fmriachuelo.it10.com.ar\/index.php\/wp-json\/wp\/v2\/posts\/12207","targetHints":{"allow":["GET"]}}],"collection":[{"href":"http:\/\/fmriachuelo.it10.com.ar\/index.php\/wp-json\/wp\/v2\/posts"}],"about":[{"href":"http:\/\/fmriachuelo.it10.com.ar\/index.php\/wp-json\/wp\/v2\/types\/post"}],"author":[{"embeddable":true,"href":"http:\/\/fmriachuelo.it10.com.ar\/index.php\/wp-json\/wp\/v2\/users\/5"}],"replies":[{"embeddable":true,"href":"http:\/\/fmriachuelo.it10.com.ar\/index.php\/wp-json\/wp\/v2\/comments?post=12207"}],"version-history":[{"count":0,"href":"http:\/\/fmriachuelo.it10.com.ar\/index.php\/wp-json\/wp\/v2\/posts\/12207\/revisions"}],"wp:featuredmedia":[{"embeddable":true,"href":"http:\/\/fmriachuelo.it10.com.ar\/index.php\/wp-json\/"}],"wp:attachment":[{"href":"http:\/\/fmriachuelo.it10.com.ar\/index.php\/wp-json\/wp\/v2\/media?parent=12207"}],"wp:term":[{"taxonomy":"category","embeddable":true,"href":"http:\/\/fmriachuelo.it10.com.ar\/index.php\/wp-json\/wp\/v2\/categories?post=12207"},{"taxonomy":"post_tag","embeddable":true,"href":"http:\/\/fmriachuelo.it10.com.ar\/index.php\/wp-json\/wp\/v2\/tags?post=12207"}],"curies":[{"name":"wp","href":"https:\/\/api.w.org\/{rel}","templated":true}]}}