{"id":12147,"date":"2020-06-12T06:12:45","date_gmt":"2020-06-12T06:12:45","guid":{"rendered":"http:\/\/fmriachuelo.com.ar\/?p=12147"},"modified":"2020-06-12T06:12:45","modified_gmt":"2020-06-12T06:12:45","slug":"la-boca-barrio-de-resistencia-y-lucha-contra-el-virus-del-abandono","status":"publish","type":"post","link":"http:\/\/fmriachuelo.it10.com.ar\/index.php\/2020\/06\/12\/la-boca-barrio-de-resistencia-y-lucha-contra-el-virus-del-abandono\/","title":{"rendered":"LA BOCA: AUMENTA EL CONTAGIO DE SOLIDARIDAD Y ORGANIZACI\u00d3N CONTRA EL VIRUS DEL ABANDONO"},"content":{"rendered":"<p><strong>[FM Riachuelo 12\/06\/2020] Como se sab\u00eda que iba a suceder, se dispararon los contagios de COVID-19 en los barrios m\u00e1s vulnerados de la Ciudad.\u00a0Ante la falta de servicios b\u00e1sicos como gas o agua, el hacinamiento y la falta de trabajo, era cuesti\u00f3n de tiempo para que en las barriadas populares porte\u00f1as se complejizara la situaci\u00f3n. La muerte de referentes de organizaciones sociales en la Villa 31 fue un hecho doloroso que evidenci\u00f3 el reclamo de lxs vecinxs: el Gobierno de la Ciudad llega mal, tarde o ni siquiera llega. Ahora toca hablar de La Boca. \u00bfCu\u00e1l es la mirada de sus organizaciones populares que, desde antes de la cuarentena y m\u00e1s a\u00fan desde ent\u00f3nces, vienen \u00abponiendo el cuerpo\u00bb en este territorio?<\/strong><\/p>\n<p><img loading=\"lazy\" decoding=\"async\" class=\"wp-image-12149 alignleft\" src=\"http:\/\/fmriachuelo.com.ar\/wp-content\/uploads\/2020\/06\/nota-2.jpg\" alt=\"\" width=\"538\" height=\"359\" \/><\/p>\n<p>Desde el primer d\u00eda, las Organizaciones de La Boca han estado al frente de esta batalla asistiendo tanto la crisis alimentaria como la crisis sanitaria. Hoy en\u00a0<strong>Rompe el Cerco Informativo <\/strong>habl\u00f3 Nadia Mart\u00ednez, directora de la <strong>FM Riachuelo<\/strong>, quien dijo que\u00a0<em>\u201ccasi tres meses de cuarentena parece poco pero es mucho y <strong>la cr\u00edtica situaci\u00f3n de nuestro barrio la viene bancando her\u00f3icamente el pueblo organizado<\/strong>: organizaciones sociales, comedores, merenderos y vecinxs cuya solidaridad es preexistente a la cuarentena\u201d<\/em>\u00a0y agrega:\u00a0<em>\u201c<strong>aquello que comenz\u00f3 siendo desidia por parte del Gobierno de la Ciudad a estas alturas ya es abandono. Por qu\u00e9 se tarda tanto, no se entiende&#8230;\u201d<\/strong>.<\/em><\/p>\n<p><img loading=\"lazy\" decoding=\"async\" class=\"wp-image-12156 alignright\" src=\"http:\/\/fmriachuelo.com.ar\/wp-content\/uploads\/2020\/06\/WhatsApp-Image-2020-06-12-at-01.25.12-3.jpeg\" alt=\"\" width=\"324\" height=\"237\" \/><\/p>\n<p>La Boca es un barrio con caracter\u00edsticas propias: muchas familias viven en conventillos y tienen trabajo informal, por lo que se ven obligadas a salir, a pesar de respetar la medida del aislamiento social obligatorio. De hecho, <strong>los comedores y merenderos han tenido que aumentar exponencialmente las raciones<\/strong> distribuidas desde el inicio de la cuarentena.<\/p>\n<p>La semana pasada, dialogamos con Ram\u00f3n Mart\u00ednez<strong>, <\/strong>delegado del <strong>Asentamiento de Lamadrid<\/strong> en el bajo de La Boca, quien denunciaba lo cr\u00edtico de la situaci\u00f3n: \u00ab<em>ac\u00e1, se sabe, viven varias familias en una misma casa, entonces el contagio es inevitable. La salita de atenci\u00f3n est\u00e1 colapsada, y el gobierno de Larreta no da respuestas. El problema es que sin s\u00edntomas, no se hacen los testeos, entonces hay casos positivos compartiendo ba\u00f1o y cocina con otras familias\u2026\u201d.<\/em><\/p>\n<p><img loading=\"lazy\" decoding=\"async\" class=\"wp-image-12155 alignleft\" src=\"http:\/\/fmriachuelo.com.ar\/wp-content\/uploads\/2020\/06\/WhatsApp-Image-2020-06-12-at-01.25.12-1.jpeg\" alt=\"\" width=\"137\" height=\"243\" \/><\/p>\n<p>A hoy se sabe, en los n\u00fameros oficiales, que los casos pasaron de 70 a 136, sin embargo <strong>no se contempla al barrio de La Boca dentro de los protocolos para villas y asentamientos que elabor\u00f3 el GCBA<\/strong>. Mientras Larreta se preocupa por el protocolo para quienes salen a correr, no tiene ning\u00fan protocolo espec\u00edfico como lo requiere esta situaci\u00f3n.\u00a0<em>\u201cLas organizaciones del barrio nos estamos haciendo cargo, de una u otra manera, porque el gobierno de la Ciudad no dialoga con nosotros, no nos ve\u201d<\/em>\u00a0dice \u00abla Negra\u00bb Cano de la <strong>Organizaci\u00f3n Los Pibes<\/strong>, militante hist\u00f3rica boquense y agrega\u00a0<em>\u201cno hay siquiera fumigaci\u00f3n en las plazas, <strong>adem\u00e1s del coronavirus nos preocupa tambi\u00e9n el dengue\u201d<\/strong>.\u00a0<\/em>Maxi de la <strong>Murga Los Gardelitos<\/strong>, nos dice: \u201c<em>En este barrio siempre se ve el apoyo de las organizaciones. Son las que sacan de donde no tienen para brindar, <strong>La Boca es un barrio de lucha\u201d<\/strong><\/em>.<\/p>\n<p><img loading=\"lazy\" decoding=\"async\" class=\"wp-image-12159 alignright\" src=\"http:\/\/fmriachuelo.com.ar\/wp-content\/uploads\/2020\/06\/WhatsApp-Image-2020-06-08-at-12.18.34.jpeg\" alt=\"\" width=\"521\" height=\"293\" \/><\/p>\n<p>No s\u00f3lo a trav\u00e9s de las ollas populares se ayuda, sino tambi\u00e9n desde lo sanitario: \u201c<em>Estamos haciendo tareas de prevenci\u00f3n, teniendo en cuenta el pico que se espera en el barrio. <strong>Distribuimos folletos con informaci\u00f3n, barbijos, alcohol en gel\u2026 esta tarea deber\u00eda hacerla el Estado, s\u00ed, pero decide correrse.<\/strong>\u201d <\/em>dice Mart\u00edn de la <strong>Casa de Atenci\u00f3n y Acompa\u00f1amiento Comunitario (CAAC)<\/strong> Los Pibes desde la <strong>posta del Programa \u00abel barrio cuida al barrio\u00bb<\/strong> que La Secretaria de <strong>Econom\u00eda Social del Ministerio de Desarrollo Social de la Naci\u00f3n<\/strong> mont\u00f3 en la esquina de Olavarr\u00eda y Garibaldi con el acompa\u00f1amiento de organizaciones de la econom\u00eda popular de la zona. All\u00ed tambi\u00e9n\u00a0charlamos con Carmen,\u00a0<strong>bombera voluntaria de Vuelta de Rocha,<\/strong> que luego de fumigar con desinfectante el espacio donde se mont\u00f3 dicha posta, nos cont\u00f3 como asisten al barrio en la cotidianidad: <em>\u00abNos acercamos a los espacios donde hay m\u00e1s gente y les indicamos a los vecinos qu\u00e9 distancia tiene que haber, les explicamos c\u00f3mo se tienen que lavar las manos\u00bb<\/em>.<\/p>\n<p><img loading=\"lazy\" decoding=\"async\" class=\"wp-image-12158 alignleft\" src=\"http:\/\/fmriachuelo.com.ar\/wp-content\/uploads\/2020\/06\/WhatsApp-Image-2020-06-12-at-01.25.12-5.jpeg\" alt=\"\" width=\"252\" height=\"178\" \/><\/p>\n<p>Mauricio, al frente de una <strong>Olla por el Parque Lezama<\/strong> suma: \u201c<em>Estamos resolviendo las problem\u00e1ticas que no resuelve el Gobierno, <strong>desde el amor y la solidaridad buscamos retejer los lazos sociales<\/strong>.\u201d\u00a0<\/em>Por su parte, el <strong>Bachillerato Popular Germ\u00e1n Abdala<\/strong> realiza tareas solidarias, una de sus estudiantes y vecina del barrio nos dice<em>: \u00bb Entre estudiantes y educadores, pensamos c\u00f3mo ayudar. Incluso muchos de nosotros estamos parados, sin poder trabajar y necesitamos llenar la panza, entonces estamos desde el bachi con donaciones, ya sea plata o alimentos.\u00bb<\/em><\/p>\n<p><img loading=\"lazy\" decoding=\"async\" class=\"wp-image-12157 alignright\" src=\"http:\/\/fmriachuelo.com.ar\/wp-content\/uploads\/2020\/06\/WhatsApp-Image-2020-06-12-at-01.25.12-4.jpeg\" alt=\"\" width=\"370\" height=\"218\" \/><\/p>\n<p>Sobre el final del programa Rompe el Cerco Informativo, Nadia Mart\u00ednez dijo\u00a0<em>\u201c<strong>el \u00fanico que cuida al barrio es el barrio.<\/strong> Somos los sectores populares los que tenemos mayor disciplina y conciencia respecto sobre la necesidad de cuidarnos y cuidar a otro\u201d.<\/em><\/p>\n<p>En definitiva, la pandemia no hizo m\u00e1s que exacerbar las desigualdades preexistentes, as\u00ed como tambi\u00e9n multiplicar las experiencias de solidaridad. <strong>Larreta es responsable<\/strong> de este abandono, pero la salida de esta situaci\u00f3n ser\u00e1, una vez m\u00e1s, a trav\u00e9s de la lucha y de la organizaci\u00f3n comunitaria. <strong>La solidaridad de cada olla popular, abona la esperanza y la construcci\u00f3n del poder popular<\/strong>.<\/p>\n<p>&nbsp;<\/p>\n","protected":false},"excerpt":{"rendered":"<p>[FM Riachuelo 12\/06\/2020] Como se sab\u00eda que iba a suceder, se dispararon los contagios de COVID-19 en los barrios m\u00e1s vulnerados de la Ciudad.\u00a0Ante la falta de servicios b\u00e1sicos como gas o agua, el hacinamiento y la falta de trabajo, era cuesti\u00f3n de tiempo para que en las barriadas populares porte\u00f1as se complejizara la situaci\u00f3n. [&hellip;]<\/p>\n","protected":false},"author":5,"featured_media":12160,"comment_status":"closed","ping_status":"closed","sticky":false,"template":"","format":"standard","meta":{"_monsterinsights_skip_tracking":false,"_monsterinsights_sitenote_active":false,"_monsterinsights_sitenote_note":"","_monsterinsights_sitenote_category":0,"jnews-multi-image_gallery":[],"jnews_single_post":[],"jnews_primary_category":[],"_joinchat":[],"footnotes":""},"categories":[80,109,76],"tags":[],"class_list":["post-12147","post","type-post","status-publish","format-standard","has-post-thumbnail","hentry","category-educacion","category-salud","category-salud-comunitaria"],"_links":{"self":[{"href":"http:\/\/fmriachuelo.it10.com.ar\/index.php\/wp-json\/wp\/v2\/posts\/12147","targetHints":{"allow":["GET"]}}],"collection":[{"href":"http:\/\/fmriachuelo.it10.com.ar\/index.php\/wp-json\/wp\/v2\/posts"}],"about":[{"href":"http:\/\/fmriachuelo.it10.com.ar\/index.php\/wp-json\/wp\/v2\/types\/post"}],"author":[{"embeddable":true,"href":"http:\/\/fmriachuelo.it10.com.ar\/index.php\/wp-json\/wp\/v2\/users\/5"}],"replies":[{"embeddable":true,"href":"http:\/\/fmriachuelo.it10.com.ar\/index.php\/wp-json\/wp\/v2\/comments?post=12147"}],"version-history":[{"count":0,"href":"http:\/\/fmriachuelo.it10.com.ar\/index.php\/wp-json\/wp\/v2\/posts\/12147\/revisions"}],"wp:featuredmedia":[{"embeddable":true,"href":"http:\/\/fmriachuelo.it10.com.ar\/index.php\/wp-json\/"}],"wp:attachment":[{"href":"http:\/\/fmriachuelo.it10.com.ar\/index.php\/wp-json\/wp\/v2\/media?parent=12147"}],"wp:term":[{"taxonomy":"category","embeddable":true,"href":"http:\/\/fmriachuelo.it10.com.ar\/index.php\/wp-json\/wp\/v2\/categories?post=12147"},{"taxonomy":"post_tag","embeddable":true,"href":"http:\/\/fmriachuelo.it10.com.ar\/index.php\/wp-json\/wp\/v2\/tags?post=12147"}],"curies":[{"name":"wp","href":"https:\/\/api.w.org\/{rel}","templated":true}]}}