{"id":12132,"date":"2020-06-08T12:44:06","date_gmt":"2020-06-08T12:44:06","guid":{"rendered":"http:\/\/fmriachuelo.com.ar\/?p=12132"},"modified":"2020-06-08T12:44:06","modified_gmt":"2020-06-08T12:44:06","slug":"trabajo-y-pandemia-una-mirada-de-la-economia-popular-segunda-y-ultima-parte","status":"publish","type":"post","link":"http:\/\/fmriachuelo.it10.com.ar\/index.php\/2020\/06\/08\/trabajo-y-pandemia-una-mirada-de-la-economia-popular-segunda-y-ultima-parte\/","title":{"rendered":"TRABAJO Y PANDEMIA: UNA MIRADA DE LA ECONOM\u00cdA POPULAR (Segunda y \u00faltima parte)"},"content":{"rendered":"<blockquote>\n<hr \/>\n<\/blockquote>\n<p style=\"text-align: left\"><strong>[08\/06\/2020 FM Riachuelo] Compartimos la segunda y \u00faltima parte de la entrevista realizada a Esteban \u00abGringo\u00bb Castro, Secretario General de la Uni\u00f3n de Trabajadores de la Econom\u00eda (UTEP).<\/strong><\/p>\n<p>\u201c<em>Las ollas populares son un s\u00edmbolo de nuestra lucha y son amor al pueblo. Esxs compa\u00f1erxs son nuestrxs h\u00e9roes\u201d<\/em><\/p>\n<p><em>\u201cEst\u00e1n las condiciones para discutir con el gobierno que es posible construir un pa\u00eds mucho m\u00e1s inclusivo, con l\u00f3gicas nuevas, creaci\u00f3n de nuevas ciudades, tecnolog\u00eda puesta al servicio de los seres humanos\u2026 conf\u00edo que lo vamos a hacer. Hay que construir mucha unidad. Es fundamental para salvar a la Patria\u201d<\/em><\/p>\n<p>&nbsp;<\/p>\n<div class=\"epyt-video-wrapper\"><iframe loading=\"lazy\"  id=\"_ytid_71080\"  width=\"800\" height=\"450\"  data-origwidth=\"800\" data-origheight=\"450\"  data-relstop=\"1\" src=\"https:\/\/www.youtube.com\/embed\/OBAS4_Vc2nM?enablejsapi=1&#038;autoplay=0&#038;cc_load_policy=0&#038;cc_lang_pref=&#038;iv_load_policy=1&#038;loop=0&#038;modestbranding=0&#038;rel=0&#038;fs=1&#038;playsinline=0&#038;autohide=2&#038;theme=dark&#038;color=red&#038;controls=1&#038;\" class=\"__youtube_prefs__  epyt-is-override  no-lazyload\" title=\"YouTube player\"  allow=\"fullscreen; accelerometer; autoplay; clipboard-write; encrypted-media; gyroscope; picture-in-picture\" allowfullscreen data-no-lazy=\"1\" data-skipgform_ajax_framebjll=\"\"><\/iframe><\/div>\n<hr \/>\n","protected":false},"excerpt":{"rendered":"<p>[08\/06\/2020 FM Riachuelo] Compartimos la segunda y \u00faltima parte de la entrevista realizada a Esteban \u00abGringo\u00bb Castro, Secretario General de la Uni\u00f3n de Trabajadores de la Econom\u00eda (UTEP). \u201cLas ollas populares son un s\u00edmbolo de nuestra lucha y son amor al pueblo. Esxs compa\u00f1erxs son nuestrxs h\u00e9roes\u201d \u201cEst\u00e1n las condiciones para discutir con el gobierno [&hellip;]<\/p>\n","protected":false},"author":5,"featured_media":12144,"comment_status":"closed","ping_status":"closed","sticky":false,"template":"","format":"standard","meta":{"_monsterinsights_skip_tracking":false,"_monsterinsights_sitenote_active":false,"_monsterinsights_sitenote_note":"","_monsterinsights_sitenote_category":0,"jnews-multi-image_gallery":[],"jnews_single_post":[],"jnews_primary_category":[],"_joinchat":[],"footnotes":""},"categories":[76,75],"tags":[],"class_list":["post-12132","post","type-post","status-publish","format-standard","has-post-thumbnail","hentry","category-salud-comunitaria","category-trabajo"],"_links":{"self":[{"href":"http:\/\/fmriachuelo.it10.com.ar\/index.php\/wp-json\/wp\/v2\/posts\/12132","targetHints":{"allow":["GET"]}}],"collection":[{"href":"http:\/\/fmriachuelo.it10.com.ar\/index.php\/wp-json\/wp\/v2\/posts"}],"about":[{"href":"http:\/\/fmriachuelo.it10.com.ar\/index.php\/wp-json\/wp\/v2\/types\/post"}],"author":[{"embeddable":true,"href":"http:\/\/fmriachuelo.it10.com.ar\/index.php\/wp-json\/wp\/v2\/users\/5"}],"replies":[{"embeddable":true,"href":"http:\/\/fmriachuelo.it10.com.ar\/index.php\/wp-json\/wp\/v2\/comments?post=12132"}],"version-history":[{"count":0,"href":"http:\/\/fmriachuelo.it10.com.ar\/index.php\/wp-json\/wp\/v2\/posts\/12132\/revisions"}],"wp:featuredmedia":[{"embeddable":true,"href":"http:\/\/fmriachuelo.it10.com.ar\/index.php\/wp-json\/"}],"wp:attachment":[{"href":"http:\/\/fmriachuelo.it10.com.ar\/index.php\/wp-json\/wp\/v2\/media?parent=12132"}],"wp:term":[{"taxonomy":"category","embeddable":true,"href":"http:\/\/fmriachuelo.it10.com.ar\/index.php\/wp-json\/wp\/v2\/categories?post=12132"},{"taxonomy":"post_tag","embeddable":true,"href":"http:\/\/fmriachuelo.it10.com.ar\/index.php\/wp-json\/wp\/v2\/tags?post=12132"}],"curies":[{"name":"wp","href":"https:\/\/api.w.org\/{rel}","templated":true}]}}