{"id":12120,"date":"2020-06-05T16:42:34","date_gmt":"2020-06-05T16:42:34","guid":{"rendered":"http:\/\/fmriachuelo.com.ar\/?p=12120"},"modified":"2020-06-05T16:42:34","modified_gmt":"2020-06-05T16:42:34","slug":"la-colaboracion-de-la-comunidad-organizada-es-plena","status":"publish","type":"post","link":"http:\/\/fmriachuelo.it10.com.ar\/index.php\/2020\/06\/05\/la-colaboracion-de-la-comunidad-organizada-es-plena\/","title":{"rendered":"LA COLABORACI\u00d3N DE LA COMUNIDAD ORGANIZADA ES PLENA"},"content":{"rendered":"<p><strong>[FM Riachuelo, 05\/06\/2020] Desde Cazadores de Zonceras (jueves 19 a 21 hs) entrevistamos a Jorge Rachid, medico sanitarista y militante popular. Hablamos de\u00a0la complejidad de esta etapa de la cuarentena, en que los contagios crecen y la situaci\u00f3n empeora en los barrios m\u00e1s vulnerados por la falta de recursos. <\/strong><\/p>\n<p><strong><em>\u00abLa colaboraci\u00f3n de la comunidad organizada es plena, es importante que lo sanitario hoy se articule con los movimientos sociales\u00bb<\/em>\u00a0<\/strong>dice Rachid con respecto a la situaci\u00f3n en los territorios, y agrega: <em>\u00abtodos estamos aprendiendo, incluso los propios m\u00e9dicos, entonces lo que hacen los Movimientos Sociales desde lo territorial es esencial y debe estar en contacto directo con el resto del Sistema\u00a0de Salud\u00bb<\/em>.<\/p>\n<p>Desde que comenz\u00f3 la cuarentena se han vivido dos momentos, en un principio las clases altas eran las m\u00e1s afectadas, ya que eran las que llegaban del exterior donde la pandemia se hab\u00eda propagado y eran las primeras en exigir medias de aislamiento. Ahora, entramos en un segundo momento, en que el virus afecta m\u00e1s a las villas por las paup\u00e9rrimas condiciones de vida (que exist\u00edan antes del coronavirus) y adem\u00e1s por la imposibilidad de aislamiento de gente que debe salir s\u00ed o s\u00ed para batallar contra el hambre. En esta segunda etapa, aquellos sectores que aplaud\u00edan las medidas, presionan al Gobierno para que retroceda y se amparan en la defensa de sus \u00abderechos individuales\u00bb.<\/p>\n<p>Sobre este cambio en el discurso de los sectores poderosos, nos dijo Rachid:\u00a0<em>\u00ab<strong>a esos sectores no les importa la vida de la gente, es una pelea personal contra el Gobierno.<\/strong> Han declarado la guerra, es el neoliberalismo el que mata\u00bb.\u00a0<\/em>En este sentido, destac\u00f3 el car\u00e1cter de urgencia que tiene la problem\u00e1tica del hambre: <em>\u00ab<strong>si queremos que se respete el distanciamiento social en los barrios m\u00e1s pobres, entonces debemos garantizar el acceso a la comida\u00bb<\/strong>.<\/em><\/p>\n<p>Y con respecto a c\u00f3mo imagina el futuro nos dijo: <em>\u00abvamos hacia un escenario nuevo, pos pandemia. El mundo que conocimos hasta ahora es invivible, no podemos volver atr\u00e1s\u00bb<\/em>.<\/p>\n<p><a href=\"https:\/\/ar.radiocut.fm\/audiocut\/entrevista-a-jorge-rachid-medico-sanitarista-y-militante-popular\/\" target=\"_blank\" rel=\"noopener\">Escucha la entrevista a Jorge Rachid<\/a><\/p>\n<p>&nbsp;<\/p>\n<p>&nbsp;<\/p>\n<p>&nbsp;<\/p>\n<p>&nbsp;<\/p>\n","protected":false},"excerpt":{"rendered":"<p>[FM Riachuelo, 05\/06\/2020] Desde Cazadores de Zonceras (jueves 19 a 21 hs) entrevistamos a Jorge Rachid, medico sanitarista y militante popular. Hablamos de\u00a0la complejidad de esta etapa de la cuarentena, en que los contagios crecen y la situaci\u00f3n empeora en los barrios m\u00e1s vulnerados por la falta de recursos. \u00abLa colaboraci\u00f3n de la comunidad organizada [&hellip;]<\/p>\n","protected":false},"author":5,"featured_media":12121,"comment_status":"closed","ping_status":"closed","sticky":false,"template":"","format":"standard","meta":{"_monsterinsights_skip_tracking":false,"_monsterinsights_sitenote_active":false,"_monsterinsights_sitenote_note":"","_monsterinsights_sitenote_category":0,"jnews-multi-image_gallery":[],"jnews_single_post":[],"jnews_primary_category":[],"_joinchat":[],"footnotes":""},"categories":[109,76],"tags":[],"class_list":["post-12120","post","type-post","status-publish","format-standard","has-post-thumbnail","hentry","category-salud","category-salud-comunitaria"],"_links":{"self":[{"href":"http:\/\/fmriachuelo.it10.com.ar\/index.php\/wp-json\/wp\/v2\/posts\/12120","targetHints":{"allow":["GET"]}}],"collection":[{"href":"http:\/\/fmriachuelo.it10.com.ar\/index.php\/wp-json\/wp\/v2\/posts"}],"about":[{"href":"http:\/\/fmriachuelo.it10.com.ar\/index.php\/wp-json\/wp\/v2\/types\/post"}],"author":[{"embeddable":true,"href":"http:\/\/fmriachuelo.it10.com.ar\/index.php\/wp-json\/wp\/v2\/users\/5"}],"replies":[{"embeddable":true,"href":"http:\/\/fmriachuelo.it10.com.ar\/index.php\/wp-json\/wp\/v2\/comments?post=12120"}],"version-history":[{"count":0,"href":"http:\/\/fmriachuelo.it10.com.ar\/index.php\/wp-json\/wp\/v2\/posts\/12120\/revisions"}],"wp:featuredmedia":[{"embeddable":true,"href":"http:\/\/fmriachuelo.it10.com.ar\/index.php\/wp-json\/"}],"wp:attachment":[{"href":"http:\/\/fmriachuelo.it10.com.ar\/index.php\/wp-json\/wp\/v2\/media?parent=12120"}],"wp:term":[{"taxonomy":"category","embeddable":true,"href":"http:\/\/fmriachuelo.it10.com.ar\/index.php\/wp-json\/wp\/v2\/categories?post=12120"},{"taxonomy":"post_tag","embeddable":true,"href":"http:\/\/fmriachuelo.it10.com.ar\/index.php\/wp-json\/wp\/v2\/tags?post=12120"}],"curies":[{"name":"wp","href":"https:\/\/api.w.org\/{rel}","templated":true}]}}