{"id":12111,"date":"2020-06-03T22:56:38","date_gmt":"2020-06-03T22:56:38","guid":{"rendered":"http:\/\/fmriachuelo.com.ar\/?p=12111"},"modified":"2020-06-03T22:56:38","modified_gmt":"2020-06-03T22:56:38","slug":"3j-vivas-y-libres-nos-queremos-corresponsalia-desde-jujuy","status":"publish","type":"post","link":"http:\/\/fmriachuelo.it10.com.ar\/index.php\/2020\/06\/03\/3j-vivas-y-libres-nos-queremos-corresponsalia-desde-jujuy\/","title":{"rendered":"#3J VIVAS Y LIBRES NOS QUEREMOS: CORRESPONSAL\u00cdA DESDE JUJUY"},"content":{"rendered":"<p><strong>[FM Riachuelo, 03\/06\/2020] Se cumplen 5 a\u00f1os de la primer movilizaci\u00f3n bajo el lema \u201cNi Una Menos\u201d el 3 de junio de 2015. Desde la Riachuelo hicimos un resumen de la lucha de estos a\u00f1os y adem\u00e1s contamos con una corresponsal\u00eda popular desde Jujuy, luego del femicidio de Roc\u00edo Fern\u00e1ndez.<\/strong><\/p>\n<p>El 3 de junio de 2015 el crimen de Chiara P\u00e1ez fue un detonante. Y no es que una muerte valga m\u00e1s que otras, pero lo cruel del caso (tenia dos meses de embarazo y es asesinada por su novio, quien la entierra en la casa familiar donde luego comer\u00e1 un asado, mientras el pueblo buscaba a la adolescente desaparecida) llev\u00f3 a una convocatoria masiva en las ciudades de todo el pa\u00eds bajo la consiga <strong>\u201cni una menos, vivas nos queremos\u201d<\/strong>.<\/p>\n<p><img loading=\"lazy\" decoding=\"async\" class=\"alignnone wp-image-12113\" src=\"http:\/\/fmriachuelo.com.ar\/wp-content\/uploads\/2020\/06\/rocio.jpg\" alt=\"\" width=\"460\" height=\"259\" \/><\/p>\n<p><strong>En el mundo la violencia de g\u00e9nero se lleva muertas todos los d\u00edas<\/strong>. En nuestro pa\u00eds se calcula una muerta cada 26 horas. Desde el 2015, el feminismo popular ha logrado poner el tema en el centro de la agenda pol\u00edtica y a trav\u00e9s de cada paro internacional, cada movilizaci\u00f3n, cada Encuentro Plurinacional, echar luz sobre las desigualdades del sistema capitalista y patriarcal.<\/p>\n<p>Lamentablemente este 3 de junio amanecimos con la noticia de un nuevo femicidio, esta vez <strong>se trata de Roc\u00edo Fern\u00e1ndez, artesana, militante y comunicadora feminista de Humahuaca (Jujuy)<\/strong>. Desde Rompe el Cerco Informativo (lunes a viernes 17 a 19 horas) hablamos con <strong>Ana Esquetino, corresponsal popular, compa\u00f1era de Roc\u00edo en el programa radial \u201cNoche de mi\u00e9rcoles\u201d<\/strong> quien explic\u00f3 el nefasto accionar de las fuerzas de seguridad en Jujuy: <strong><em>\u201cdenunciamos la inoperancia que vivimos ayer, nos acercamos al domicilio de la compa\u00f1era y la polic\u00eda tard\u00f3 m\u00e1s de seis horas en ingresar\u201d<\/em><\/strong>.\u00a0 Fueron las mismas compa\u00f1eras de la radio, las que al ver que no llegaba a la grabaci\u00f3n de programa se preocuparon y fueron hacia la casa, donde luego de esperar que la polic\u00eda se digne a ingresar, encontraron a Roc\u00edo muerta y a su actual pareja en grave estado.<\/p>\n<p><img loading=\"lazy\" decoding=\"async\" class=\"alignnone wp-image-12115\" src=\"http:\/\/fmriachuelo.com.ar\/wp-content\/uploads\/2020\/06\/foto-1.jpg\" alt=\"\" width=\"327\" height=\"436\" \/><\/p>\n<p>Roc\u00edo fui v\u00edctima de la violencia de su ex pareja, quien ya ten\u00eda denuncia por violencia de g\u00e9nero. A pesar de la vigencia de la Ley Micaela, los Estados no tiene protocolos de r\u00e1pida acci\u00f3n para estos casos: <em><strong>\u201cen Jujuy la Justicia es machista y patriarcal, no se cumplen los protocolos, hay complicidad por parte del Estado. Esto se evidencia con la muerte de Roc\u00edo\u201d<\/strong><\/em> nos dec\u00eda Ana, desde la marcha que hoy se realiz\u00f3 en la Plaza Sargento Gomez (Humahuaca): <strong><em>\u201cRoc\u00edo era una militante, activista y luchadora en contra de la violencia de g\u00e9nero\u201d.<\/em><\/strong><\/p>\n<p><a href=\"https:\/\/ar.radiocut.fm\/audiocut\/3j-vivas-y-libres-nos-queremos-corresponsalia-popular-desde-jujuy\/\" target=\"_blank\" rel=\"noopener\">Escucha el informe completo<\/a><\/p>\n<p>Agradecemos a Ana por su corresponsal\u00eda y reclamamos <strong>#JusticiaporRocio #VivasLibresyDesendeudadasNosQueremos<\/strong><\/p>\n<p><img loading=\"lazy\" decoding=\"async\" class=\"alignnone wp-image-12116\" src=\"http:\/\/fmriachuelo.com.ar\/wp-content\/uploads\/2020\/06\/ni-20una-20menos-201.jpg\" alt=\"\" width=\"487\" height=\"274\" \/><\/p>\n","protected":false},"excerpt":{"rendered":"<p>[FM Riachuelo, 03\/06\/2020] Se cumplen 5 a\u00f1os de la primer movilizaci\u00f3n bajo el lema \u201cNi Una Menos\u201d el 3 de junio de 2015. Desde la Riachuelo hicimos un resumen de la lucha de estos a\u00f1os y adem\u00e1s contamos con una corresponsal\u00eda popular desde Jujuy, luego del femicidio de Roc\u00edo Fern\u00e1ndez. El 3 de junio de [&hellip;]<\/p>\n","protected":false},"author":5,"featured_media":12112,"comment_status":"closed","ping_status":"closed","sticky":false,"template":"","format":"standard","meta":{"_monsterinsights_skip_tracking":false,"_monsterinsights_sitenote_active":false,"_monsterinsights_sitenote_note":"","_monsterinsights_sitenote_category":0,"jnews-multi-image_gallery":[],"jnews_single_post":[],"jnews_primary_category":[],"_joinchat":[],"footnotes":""},"categories":[80,76],"tags":[],"class_list":["post-12111","post","type-post","status-publish","format-standard","has-post-thumbnail","hentry","category-educacion","category-salud-comunitaria"],"_links":{"self":[{"href":"http:\/\/fmriachuelo.it10.com.ar\/index.php\/wp-json\/wp\/v2\/posts\/12111","targetHints":{"allow":["GET"]}}],"collection":[{"href":"http:\/\/fmriachuelo.it10.com.ar\/index.php\/wp-json\/wp\/v2\/posts"}],"about":[{"href":"http:\/\/fmriachuelo.it10.com.ar\/index.php\/wp-json\/wp\/v2\/types\/post"}],"author":[{"embeddable":true,"href":"http:\/\/fmriachuelo.it10.com.ar\/index.php\/wp-json\/wp\/v2\/users\/5"}],"replies":[{"embeddable":true,"href":"http:\/\/fmriachuelo.it10.com.ar\/index.php\/wp-json\/wp\/v2\/comments?post=12111"}],"version-history":[{"count":0,"href":"http:\/\/fmriachuelo.it10.com.ar\/index.php\/wp-json\/wp\/v2\/posts\/12111\/revisions"}],"wp:featuredmedia":[{"embeddable":true,"href":"http:\/\/fmriachuelo.it10.com.ar\/index.php\/wp-json\/"}],"wp:attachment":[{"href":"http:\/\/fmriachuelo.it10.com.ar\/index.php\/wp-json\/wp\/v2\/media?parent=12111"}],"wp:term":[{"taxonomy":"category","embeddable":true,"href":"http:\/\/fmriachuelo.it10.com.ar\/index.php\/wp-json\/wp\/v2\/categories?post=12111"},{"taxonomy":"post_tag","embeddable":true,"href":"http:\/\/fmriachuelo.it10.com.ar\/index.php\/wp-json\/wp\/v2\/tags?post=12111"}],"curies":[{"name":"wp","href":"https:\/\/api.w.org\/{rel}","templated":true}]}}