{"id":12104,"date":"2020-06-01T23:43:21","date_gmt":"2020-06-01T23:43:21","guid":{"rendered":"http:\/\/fmriachuelo.com.ar\/?p=12104"},"modified":"2020-06-01T23:43:21","modified_gmt":"2020-06-01T23:43:21","slug":"larreta-de-lava-las-manos-nosotros-sin-agua-no-podemos-conferencia-de-prensa-en-la-villa-21-24","status":"publish","type":"post","link":"http:\/\/fmriachuelo.it10.com.ar\/index.php\/2020\/06\/01\/larreta-de-lava-las-manos-nosotros-sin-agua-no-podemos-conferencia-de-prensa-en-la-villa-21-24\/","title":{"rendered":"\u201cLARRETA SE LAVA LAS MANOS, NOSOTROS SIN AGUA NO PODEMOS\u201d &#8211; CONFERENCIA DE PRENSA EN LA VILLA 21-24"},"content":{"rendered":"<p><strong>[FM Riachuelo, 01\/06\/2020] La Red de Mujeres y Disidencias Organizadas de la Villa 21-24 y Zavaleta, junto con el Comit\u00e9 de Emergencia de la Villa 21-24 y Zavaleta, convoc\u00f3 a una conferencia de prensa para visibilizar su situaci\u00f3n emergencia alimentaria, habitacional y sanitaria. La conferencia se llev\u00f3 a cabo en el barrio este lunes al mediod\u00eda, y las vecinas y vecinos nuevamente dejaron en claro la urgencia de que el estado asista y colabore con los barrios populares para combatir la pandemia.<\/strong><\/p>\n<p>Al inicio de la conferencia, las vecinas convocantes llevaron adelante la lectura de un comunicado exigiendo que se les garanticen sus derechos: el acceso a agua potable y cloacas; conectividad fundamental para la educaci\u00f3n a distancia; insumos sanitarios b\u00e1sicos y preventivos y alimentos de calidad; pol\u00edticas p\u00fablicas para prevenir y atender la violencia de g\u00e9nero; respuestas integrales para vecinxs travestis y trans ante situaciones habitacionales, laborales y de violencia; vivienda y comida para personas en situaci\u00f3n de calle; espacios de juego y recreaci\u00f3n para ni\u00f1os y ni\u00f1as a la hora de esperar los testeos; impuesto a las grandes fortunas y que se contemple la situaci\u00f3n laboral de quienes tuvieron que parar sus actividades por la pandemia. <strong>\u201cLarreta se lava las manos. Nosotros sin agua no podemos\u201d<\/strong>, aseguraban en el comunicado, agregando la exigencia de que el Jefe de Gobierno de la Ciudad de Buenos Aires abra una instancia de di\u00e1logo con lxs vecinxs y con las organizaciones sociales para encontrar una soluci\u00f3n integral.<\/p>\n<p>Lxs vecinxs se encargaron de recalcar que estas problem\u00e1ticas son hist\u00f3ricas, y que la pandemia lo que hace es venir a agravarlas: debido a la emergencia alimentaria, los merenderos cada vez se llenan m\u00e1s y el estado en lugar de brindar m\u00e1s alimentos, los env\u00eda en menor cantidad y en menor calidad: <strong>\u201cen las escuelas, las canastas alimentarias que se bajan todo el tiempo se reducen; son canastas que terminan disminuyendo o reemplazando alimentos esenciales, y nos los van a terminar bajando una vez al mes\u201d,<\/strong> expresaba una vecina.<\/p>\n<p><img loading=\"lazy\" decoding=\"async\" class=\"alignnone wp-image-12106\" src=\"http:\/\/fmriachuelo.com.ar\/wp-content\/uploads\/2020\/06\/WhatsApp-Image-2020-06-01-at-19.17.59.jpeg\" alt=\"\" width=\"1024\" height=\"577\" \/>Por otro lado, una vecina tambi\u00e9n sum\u00f3 el reclamo sobre la gran cantidad de obras p\u00fablicas sin terminar por el Gobierno de la Ciudad: \u00abac\u00e1 lo que hace falta es un proyecto de urbanizaci\u00f3n; todo lo que se hace ac\u00e1 es precario, todo son paliativos, nada es una soluci\u00f3n a fondo. <strong>Necesitamos que el Gobierno de la Ciudad realmente se siente a dialogar con los vecinos y los responsables del barrio para que realmente la Villa 21-24 tenga un proyecto de ley<\/strong>\u00ab.<\/p>\n<p>Alejandra Abregu, referente de la Corriente Clasista y Combativa de Barracas y vecina del barrio, habl\u00f3 sobre <strong>c\u00f3mo se est\u00e1n llevando a cabo los testeos de Covid-19, que suelen tardar entre doce y trece horas y tienen a lxs vecinxs esperando todo ese tiempo, amontonadxs en un lugar reducido, lo que podr\u00eda propagar el contagio<\/strong>: \u201cespeculan contagiarse por si alguien que est\u00e1 ah\u00ed es positivo y ya se miran mal. Y el problema son las mujeres que van con los dos o tres chicos, es imposible tenerlos durante todo un d\u00eda a los chicos ah\u00ed adentro, para colmo no te dan de comer, no te dan un mate cocida caliente, una leche para los pibes, eso tampoco est\u00e1 contemplado\u201d.<\/p>\n<p><strong>\u00abNuestra primera medida es esta conferencia de prensa, y seguramente despu\u00e9s de esto vamos a charlar un plan de lucha. Vamos a tener que hacer alg\u00fan corte de calle o movilizarnos a alg\u00fan ministerio, porque esta situaci\u00f3n es inaguantable\u00bb<\/strong>, expresaba, y tambi\u00e9n contaba c\u00f3mo la organizaci\u00f3n popular viene combatiendo desde hace tiempo el dengue, y c\u00f3mo lxs vecinxs tienen que hacer un esfuerzo por poner plata de su bolsillo para cubrir las grandes cantidades de insumos sanitarios que est\u00e1n faltando. <strong>\u201cEsto no es un capricho de las organizaciones, es algo que venimos denunciando hace m\u00e1s de sesenta d\u00edas\u201d<\/strong>, agregaba.<\/p>\n<p>Siguiendo la l\u00ednea habitual, las organizaciones populares son las que se encargar de llenar el vac\u00edo que genera la desidia estatal en los barrios. <strong>Como dec\u00edan lxs vecinxs: queremos que se contagie solidaridad, no coronavirus.<\/strong><\/p>\n<p>&nbsp;<\/p>\n<p><iframe loading=\"lazy\" title=\"CONFERENCIA DE PRENSA EN LA VILLA 21-24: \u201cESTA SITUACI\u00d3N ES INAGUANTABLE\u201d by FMR\" width=\"500\" height=\"450\" scrolling=\"no\" frameborder=\"no\" src=\"https:\/\/w.soundcloud.com\/player\/?visual=true&#038;url=https%3A%2F%2Fapi.soundcloud.com%2Fplaylists%2F1062715684&#038;show_artwork=true&#038;maxheight=750&#038;maxwidth=500\"><\/iframe><\/p>\n","protected":false},"excerpt":{"rendered":"<p>[FM Riachuelo, 01\/06\/2020] La Red de Mujeres y Disidencias Organizadas de la Villa 21-24 y Zavaleta, junto con el Comit\u00e9 de Emergencia de la Villa 21-24 y Zavaleta, convoc\u00f3 a una conferencia de prensa para visibilizar su situaci\u00f3n emergencia alimentaria, habitacional y sanitaria. La conferencia se llev\u00f3 a cabo en el barrio este lunes al [&hellip;]<\/p>\n","protected":false},"author":5,"featured_media":12105,"comment_status":"closed","ping_status":"closed","sticky":false,"template":"","format":"standard","meta":{"_monsterinsights_skip_tracking":false,"_monsterinsights_sitenote_active":false,"_monsterinsights_sitenote_note":"","_monsterinsights_sitenote_category":0,"jnews-multi-image_gallery":[],"jnews_single_post":[],"jnews_primary_category":[],"_joinchat":[],"footnotes":""},"categories":[78,109],"tags":[],"class_list":["post-12104","post","type-post","status-publish","format-standard","has-post-thumbnail","hentry","category-economia-popular","category-salud"],"_links":{"self":[{"href":"http:\/\/fmriachuelo.it10.com.ar\/index.php\/wp-json\/wp\/v2\/posts\/12104","targetHints":{"allow":["GET"]}}],"collection":[{"href":"http:\/\/fmriachuelo.it10.com.ar\/index.php\/wp-json\/wp\/v2\/posts"}],"about":[{"href":"http:\/\/fmriachuelo.it10.com.ar\/index.php\/wp-json\/wp\/v2\/types\/post"}],"author":[{"embeddable":true,"href":"http:\/\/fmriachuelo.it10.com.ar\/index.php\/wp-json\/wp\/v2\/users\/5"}],"replies":[{"embeddable":true,"href":"http:\/\/fmriachuelo.it10.com.ar\/index.php\/wp-json\/wp\/v2\/comments?post=12104"}],"version-history":[{"count":0,"href":"http:\/\/fmriachuelo.it10.com.ar\/index.php\/wp-json\/wp\/v2\/posts\/12104\/revisions"}],"wp:featuredmedia":[{"embeddable":true,"href":"http:\/\/fmriachuelo.it10.com.ar\/index.php\/wp-json\/"}],"wp:attachment":[{"href":"http:\/\/fmriachuelo.it10.com.ar\/index.php\/wp-json\/wp\/v2\/media?parent=12104"}],"wp:term":[{"taxonomy":"category","embeddable":true,"href":"http:\/\/fmriachuelo.it10.com.ar\/index.php\/wp-json\/wp\/v2\/categories?post=12104"},{"taxonomy":"post_tag","embeddable":true,"href":"http:\/\/fmriachuelo.it10.com.ar\/index.php\/wp-json\/wp\/v2\/tags?post=12104"}],"curies":[{"name":"wp","href":"https:\/\/api.w.org\/{rel}","templated":true}]}}