{"id":12057,"date":"2020-05-22T18:04:36","date_gmt":"2020-05-22T18:04:36","guid":{"rendered":"http:\/\/fmriachuelo.com.ar\/?p=12057"},"modified":"2020-05-22T18:04:36","modified_gmt":"2020-05-22T18:04:36","slug":"entrevista-a-emilio-persico","status":"publish","type":"post","link":"http:\/\/fmriachuelo.it10.com.ar\/index.php\/2020\/05\/22\/entrevista-a-emilio-persico\/","title":{"rendered":"ENTREVISTA A EMILIO PERSICO"},"content":{"rendered":"<p><b>[FM Riachuelo 22\/05\/2020] Desde la producci\u00f3n de la Riachuelo visitamos a Emilio Persico,\u00a0Secretario de Econom\u00eda Social y dirigente del Movimiento Evita.<\/b><\/p>\n<p>Desde que comenz\u00f3 la cuarentena, al igual que sucedi\u00f3 durante los cuatro a\u00f1os de macrismo, fueron las organizaciones de la econom\u00eda popular las que no s\u00f3lo asisten, sino visibilizan y denuncian la situaci\u00f3n de extrema necesidad que se vive en los barrios m\u00e1s carenciados. De esto y de la lucha como modo de construcci\u00f3n de una salida, hablamos con Emilio Persico.<\/p>\n<p>FMR: \u00bfCu\u00e1l es la agenda de la econom\u00eda popular en estos momentos?<\/p>\n<p>Persico:\u00a0Hay que rearmarla, esto cambi\u00f3 totalmente. Cuando asumimos en la Secretar\u00eda de Econom\u00eda Social, ten\u00edamos el deseo de desarrollar nuestros sue\u00f1os, para ir por mas, para que el salario social complementario iguale el salario m\u00ednimo, <strong>nos propusimos salir de las pol\u00edticas de subsidio para pasar a las pol\u00edticas del trabajo<\/strong>. Del 2015 al 2019 crecieron los comedores populares y hoy, con la pandemia, las Organizaciones Sociales realizan tres tareas fuertes en los territorios: salud, educaci\u00f3n y trabajo. El trabajo, la econom\u00eda popular, qued\u00f3 en \u00faltimo lugar frente a la emergencia, por eso tenemos que, de a poco, dar vuelta esta situaci\u00f3n para recuperar la pol\u00edtica del trabajo. Sin embargo, la gravedad de la situaci\u00f3n es tal que, para que no se repita lo de la Villa 31, todo nuestro esfuerzo est\u00e1 puesto en lo sanitario.<\/p>\n<p>FMR: \u00bfY qu\u00e9 rol cumple en todo eso el Estado?<\/p>\n<p>Persico: El Estado tiene una herramienta en las organizaciones sociales que, si la sabe usar, es hermosa, la pol\u00edtica muchas veces pasa por el barrio, camina, pero no ve lo que nosotros vemos. Por eso una compa\u00f1era dice \u201cno nos ven\u201d, sin embargo tenemos voz, <strong>lo que hacen ustedes desde la\u00a0 comunicaci\u00f3n popular es eso, levantar nuestra voz.<\/strong><\/p>\n<p><img loading=\"lazy\" decoding=\"async\" class=\"wp-image-12059 aligncenter\" src=\"http:\/\/fmriachuelo.com.ar\/wp-content\/uploads\/2020\/05\/OLLAS-POPULARES-CUARENTENA-5.jpg\" alt=\"\" width=\"427\" height=\"285\" \/><\/p>\n<p>FMR: \u00bfC\u00f3mo caracterizar\u00edas tu rol como Secretario de Econom\u00eda Social?<\/p>\n<p>Persico:\u00a0Y no s\u00e9 qu\u00e9 somos (risas)&#8230; a veces somos funcionarios, a veces somos sindicalistas, a veces dirigentes construyendo desde los territorios, a veces militantes sociales\u2026 un l\u00edo. Creo que uno ocupa distintos espacios pero lo que estamos haciendo desde la secretaria, a pesar de este momento de pandemia, es reconstruir la econom\u00eda. En esa idea de llenar una hoja en blanco, que dice el Presidente, y pensar qu\u00e9 econom\u00eda queremos, los sectores populares tienen que escribir una parte, tienen que estar, porque cumplen una tarea fundamental en la construcci\u00f3n de una nueva generaci\u00f3n de derechos. Derechos como la asignaci\u00f3n universal y la jubilaci\u00f3n para amas de casa son parte de una nueva generaci\u00f3n de derechos y nosotros venimos a construir desde ese espacio.<\/p>\n<p><img loading=\"lazy\" decoding=\"async\" class=\"alignnone size-full wp-image-12060\" src=\"http:\/\/fmriachuelo.com.ar\/wp-content\/uploads\/2020\/05\/descarga-1.jpg\" alt=\"\" width=\"329\" height=\"153\" \/><\/p>\n<p>FMR: El domingo de Pascuas, el Papa Francisco dedic\u00f3 una carta a los movimientos populares \u00bfqu\u00e9 reflexi\u00f3n haces de ese mensaje?<\/p>\n<p>Persico:\u00a0Siempre habla como uno de nosotros. A pesar de los kil\u00f3metros que nos separan, el nos ve. Y el cristianismo es como el peronismo, algunos no se dan cuenta que son cat\u00f3licos pero lo son (risas). La realidad es que, con su accionar, Francisco se ha arrimado a los sectores populares y ha sumado mucha gente.<\/p>\n<p>FMR: Como militante \u00bfte imaginaste alguna vez una situaci\u00f3n como est\u00e1 que se est\u00e1 viviendo? \u00bfEste tipo de guerra?<\/p>\n<p>Persico:\u00a0Nosotros siempre supimos que el factor tiempo es limitado para hacer los cambios sociales, en los 70 quisimos construir otra sociedad y sab\u00edamos que hab\u00eda un tiempo y que si no lo hac\u00edamos el capitalismo se reconvert\u00eda. <strong>Siempre hay una ventana de tiempo y uno tiene que cumplir la tarea que corresponde en el tiempo hist\u00f3rico que le toca. Los pueblos hemos conquistado victorias, a pesar de todo esto, gracias a esas victorias, nuestros tiempos son mejores. Pienso en los primeros cortes de ruta, en llamar trabajadores a los desocupados, es mucho lo que nuestro sector ha conquistado, fue gracias a un recorrido de lucha y seguimos en la construcci\u00f3n, estando del lado que teneos que estar.<\/strong><\/p>\n<p>FMR: Para terminar \u00bfqu\u00e9 le dir\u00edas a las Organizaciones que hoy est\u00e1n en los territorios?<\/p>\n<p>Persico:\u00a0Hoy, lo m\u00e1s importante, que se cuiden, que nos cuidemos, que cuidemos al barrio, que ya habr\u00e1 tiempo para otras luchas pero hoy la situaci\u00f3n es dif\u00edcil y hay que cuidar al barrio. Pero tambi\u00e9n, en latinoamericana, hay una generaci\u00f3n de luchadores bien preparados para lo que va a venir, enorgullece lo que est\u00e1n haciendo cada uno de los compa\u00f1eros en los territorios.<\/p>\n<p><a href=\"https:\/\/ar.radiocut.fm\/audiocut\/entrevista-a-emilio-persico-9\/\" target=\"_blank\" rel=\"noopener\">Entrevista completa a Emilio Persico<\/a><\/p>\n","protected":false},"excerpt":{"rendered":"<p>[FM Riachuelo 22\/05\/2020] Desde la producci\u00f3n de la Riachuelo visitamos a Emilio Persico,\u00a0Secretario de Econom\u00eda Social y dirigente del Movimiento Evita. Desde que comenz\u00f3 la cuarentena, al igual que sucedi\u00f3 durante los cuatro a\u00f1os de macrismo, fueron las organizaciones de la econom\u00eda popular las que no s\u00f3lo asisten, sino visibilizan y denuncian la situaci\u00f3n de [&hellip;]<\/p>\n","protected":false},"author":5,"featured_media":12058,"comment_status":"closed","ping_status":"closed","sticky":false,"template":"","format":"standard","meta":{"_monsterinsights_skip_tracking":false,"_monsterinsights_sitenote_active":false,"_monsterinsights_sitenote_note":"","_monsterinsights_sitenote_category":0,"jnews-multi-image_gallery":[],"jnews_single_post":[],"jnews_primary_category":[],"_joinchat":[],"footnotes":""},"categories":[80,76],"tags":[],"class_list":["post-12057","post","type-post","status-publish","format-standard","has-post-thumbnail","hentry","category-educacion","category-salud-comunitaria"],"_links":{"self":[{"href":"http:\/\/fmriachuelo.it10.com.ar\/index.php\/wp-json\/wp\/v2\/posts\/12057","targetHints":{"allow":["GET"]}}],"collection":[{"href":"http:\/\/fmriachuelo.it10.com.ar\/index.php\/wp-json\/wp\/v2\/posts"}],"about":[{"href":"http:\/\/fmriachuelo.it10.com.ar\/index.php\/wp-json\/wp\/v2\/types\/post"}],"author":[{"embeddable":true,"href":"http:\/\/fmriachuelo.it10.com.ar\/index.php\/wp-json\/wp\/v2\/users\/5"}],"replies":[{"embeddable":true,"href":"http:\/\/fmriachuelo.it10.com.ar\/index.php\/wp-json\/wp\/v2\/comments?post=12057"}],"version-history":[{"count":0,"href":"http:\/\/fmriachuelo.it10.com.ar\/index.php\/wp-json\/wp\/v2\/posts\/12057\/revisions"}],"wp:featuredmedia":[{"embeddable":true,"href":"http:\/\/fmriachuelo.it10.com.ar\/index.php\/wp-json\/"}],"wp:attachment":[{"href":"http:\/\/fmriachuelo.it10.com.ar\/index.php\/wp-json\/wp\/v2\/media?parent=12057"}],"wp:term":[{"taxonomy":"category","embeddable":true,"href":"http:\/\/fmriachuelo.it10.com.ar\/index.php\/wp-json\/wp\/v2\/categories?post=12057"},{"taxonomy":"post_tag","embeddable":true,"href":"http:\/\/fmriachuelo.it10.com.ar\/index.php\/wp-json\/wp\/v2\/tags?post=12057"}],"curies":[{"name":"wp","href":"https:\/\/api.w.org\/{rel}","templated":true}]}}