{"id":12054,"date":"2020-05-22T15:03:41","date_gmt":"2020-05-22T15:03:41","guid":{"rendered":"http:\/\/fmriachuelo.com.ar\/?p=12054"},"modified":"2020-05-22T15:03:41","modified_gmt":"2020-05-22T15:03:41","slug":"aun-en-una-situacion-de-emergencia-el-gobierno-de-la-ciudad-viola-derechos-esenciales-entrevista-al-dr-gustavo-moreno","status":"publish","type":"post","link":"http:\/\/fmriachuelo.it10.com.ar\/index.php\/2020\/05\/22\/aun-en-una-situacion-de-emergencia-el-gobierno-de-la-ciudad-viola-derechos-esenciales-entrevista-al-dr-gustavo-moreno\/","title":{"rendered":"\u00abAUN EN UNA SITUACI\u00d3N DE EMERGENCIA EL GOBIERNO DE LA CIUDAD VIOLA DERECHOS ESENCIALES\u00bb &#8211; ENTREVISTA AL DR. GUSTAVO MORENO"},"content":{"rendered":"<p><b>[FM Riachuelo 22\/05\/2020] Desde Cazadores de Zonceras (jueves 19 a 21 hs) entrevistamos al Dr.\u00a0Gustavo Daniel Moreno, Asesor Tutelar de C\u00e1mara de Poder Judicial de la Ciudad y defensor de personas menores de edad y de personas con padecimientos\u00a0mentales.<\/b><\/p>\n<p>Luego de las muertes de Ramona Medina, militante de la Garganta Poderosa y de Victor Giracoy, referente del comedor Estrella de Belen (ambos en el Barrio Padre Mugica, Villa 31), se empez\u00f3 a escuchar con m\u00e1s fuerza el reclamo por las condiciones en que los barrios m\u00e1s pobres de la Ciudad viven la cuarentena. Esta situaci\u00f3n no es novedosa, desde 2018 vecines y Organizaciones Sociales de la Villa 31 reclaman por algo tan esencial como la falta de agua. A pesar de la gravedad de la situaci\u00f3n en los distintos asentamientos de la Ciudad, el GCBA sigue sin dar una respuesta concreta, por lo cual Organismos de Derechos Humanos y referentes como Adolfo P\u00e9rez Esquivel, eval\u00faan llevar el reclamo a la Corte Interamericana de Justicia.<\/p>\n<p><img loading=\"lazy\" decoding=\"async\" class=\"size-full wp-image-11926 alignleft\" src=\"http:\/\/fmriachuelo.com.ar\/wp-content\/uploads\/2020\/04\/descarga-1.jpg\" alt=\"\" width=\"275\" height=\"183\" \/><\/p>\n<p>Desde la Riachuelo charlamos con Gustavo Moreno, abogado y Asesor Tutelar de C\u00e1mara del Poder Judicial de la Ciudad. <em><strong>\u00abLo que existe claramente, desde que la Ciudad es aut\u00f3noma y tiene su propia Constituci\u00f3n, a partir de 1996, es lo que se llama una omisi\u00f3n de cumplimiento de los deberes sociales, violando derechos de la vivienda, de la educaci\u00f3n, de la salud, la alimentaci\u00f3n, que se vulneran justamente en las poblaciones que viven en villas y asentamientos.\u00a0No es que el Covid-19 afecta m\u00e1s a las poblaciones pobres, sino que estas poblaciones ya ten\u00edan sus derechos b\u00e1sicos vulnerados desde mucho antes. Aun en una situaci\u00f3n de emergencia, el Gobierno de la Ciudad de Buenos Aires viola los derechos esenciales\u00bb<\/strong><\/em>, dice el entrevistado.<\/p>\n<p>FMR: \u00bfY, frente a esto el Gobierno Nacional que puede hacer?<\/p>\n<p>Gustavo:\u00a0<em>El Gobierno Nacional puede colaborar, puede dar paliativos, debe hacerlo\u00a0ya que es el garante de todos los derechos. Ahora, estamos hablando de una Ciudad rica, <strong>estamos hablando de hacinamiento en una ciudad donde hay 138 mil viviendas sin ocupar a las que ni siquiera se les pone un impuesto diferenciado, si quieren tener la vivienda desocupada corresponde cobrarles un impuesto para solventar pol\u00edticas de viviendas.\u00a0<\/strong>Lo que esta pasando ahora, tiene una realidad preexistente de muchas gestiones del Gobierno de la Ciudad\u00a0 y hablo de gestiones anteriores.<\/em><\/p>\n<p><img loading=\"lazy\" decoding=\"async\" class=\" wp-image-11996 alignright\" src=\"http:\/\/fmriachuelo.com.ar\/wp-content\/uploads\/2020\/05\/8edb2612-fe89-4ed1-9787-00d0d37c7e50-e1588608917193.jpeg\" alt=\"\" width=\"306\" height=\"306\" \/><\/p>\n<p>FMR: \u00bfY qu\u00e9 se puede hacer mientras tanto?<\/p>\n<p>Gustavo:\u00a0<em>En la actualidad podemos trabajar dos ejes: por un lado los testeos masivos, que son fundamentales para detectar prontamente\u00a0el virus. Y, una vez detectado, encontrar lugares de aislamiento para las personas infectadas, que sean dignos, porque vemos que a quien viene del exterior se lo aloja en excelentes hoteles y cuando se trata de gente de la villa se los aloja en hoteles de Constituci\u00f3n que, sabemos, est\u00e1n en p\u00e9simas\u00a0condiciones. Por otro lado, hay que asistir a los trabajadores que est\u00e1n cerca de las personas contagiadas y que muchas veces no tienen los equipos necesarios, hay que hacer un fuerte reconocimiento a quienes trabajan en geri\u00e1tricos, en hospitales, en centros de salud y obviamente un reconocimiento\u00a0a los compa\u00f1eros de las organizaciones sociales, que trabajan en el territorio cuando muchos no lo hacen.<\/em><\/p>\n<p>En la entrevista Gustavo nos habl\u00f3 tambi\u00e9n de la responsabilidad del Poder Judicial y finaliz\u00f3 con un pedido: <em><strong>\u00abaquellos que tengan derechos vulnerados, acudan a las defensor\u00edas oficiales, es nuestra obligaci\u00f3n estar para los que m\u00e1s necesitan, necesitamos que la poblaci\u00f3n nos demande\u00bb.<\/strong><\/em><\/p>\n<p><a href=\"https:\/\/ar.radiocut.fm\/audiocut\/aun-en-una-situacion-emergencia-gobierno-ciudad-viola-derechos-esenciales\/\" target=\"_blank\" rel=\"noopener\">Escucha la entrevista completa<\/a><\/p>\n<p>&nbsp;<\/p>\n","protected":false},"excerpt":{"rendered":"<p>[FM Riachuelo 22\/05\/2020] Desde Cazadores de Zonceras (jueves 19 a 21 hs) entrevistamos al Dr.\u00a0Gustavo Daniel Moreno, Asesor Tutelar de C\u00e1mara de Poder Judicial de la Ciudad y defensor de personas menores de edad y de personas con padecimientos\u00a0mentales. Luego de las muertes de Ramona Medina, militante de la Garganta Poderosa y de Victor Giracoy, [&hellip;]<\/p>\n","protected":false},"author":5,"featured_media":12055,"comment_status":"closed","ping_status":"closed","sticky":false,"template":"","format":"standard","meta":{"_monsterinsights_skip_tracking":false,"_monsterinsights_sitenote_active":false,"_monsterinsights_sitenote_note":"","_monsterinsights_sitenote_category":0,"jnews-multi-image_gallery":[],"jnews_single_post":[],"jnews_primary_category":[],"_joinchat":[],"footnotes":""},"categories":[80,109,76],"tags":[],"class_list":["post-12054","post","type-post","status-publish","format-standard","has-post-thumbnail","hentry","category-educacion","category-salud","category-salud-comunitaria"],"_links":{"self":[{"href":"http:\/\/fmriachuelo.it10.com.ar\/index.php\/wp-json\/wp\/v2\/posts\/12054","targetHints":{"allow":["GET"]}}],"collection":[{"href":"http:\/\/fmriachuelo.it10.com.ar\/index.php\/wp-json\/wp\/v2\/posts"}],"about":[{"href":"http:\/\/fmriachuelo.it10.com.ar\/index.php\/wp-json\/wp\/v2\/types\/post"}],"author":[{"embeddable":true,"href":"http:\/\/fmriachuelo.it10.com.ar\/index.php\/wp-json\/wp\/v2\/users\/5"}],"replies":[{"embeddable":true,"href":"http:\/\/fmriachuelo.it10.com.ar\/index.php\/wp-json\/wp\/v2\/comments?post=12054"}],"version-history":[{"count":0,"href":"http:\/\/fmriachuelo.it10.com.ar\/index.php\/wp-json\/wp\/v2\/posts\/12054\/revisions"}],"wp:featuredmedia":[{"embeddable":true,"href":"http:\/\/fmriachuelo.it10.com.ar\/index.php\/wp-json\/"}],"wp:attachment":[{"href":"http:\/\/fmriachuelo.it10.com.ar\/index.php\/wp-json\/wp\/v2\/media?parent=12054"}],"wp:term":[{"taxonomy":"category","embeddable":true,"href":"http:\/\/fmriachuelo.it10.com.ar\/index.php\/wp-json\/wp\/v2\/categories?post=12054"},{"taxonomy":"post_tag","embeddable":true,"href":"http:\/\/fmriachuelo.it10.com.ar\/index.php\/wp-json\/wp\/v2\/tags?post=12054"}],"curies":[{"name":"wp","href":"https:\/\/api.w.org\/{rel}","templated":true}]}}