{"id":12032,"date":"2020-05-15T19:35:15","date_gmt":"2020-05-15T19:35:15","guid":{"rendered":"http:\/\/fmriachuelo.com.ar\/?p=12032"},"modified":"2020-05-15T19:35:15","modified_gmt":"2020-05-15T19:35:15","slug":"ya-no-se-trata-de-sobrevivir-sino-de-construir-otro-mundo-entrevista-a-lito-borello","status":"publish","type":"post","link":"http:\/\/fmriachuelo.it10.com.ar\/index.php\/2020\/05\/15\/ya-no-se-trata-de-sobrevivir-sino-de-construir-otro-mundo-entrevista-a-lito-borello\/","title":{"rendered":"YA NO SE TRATA DE SOBREVIVIR, SINO DE CONSTRUIR OTRO MUNDO. ENTREVISTA A LITO BORELLO"},"content":{"rendered":"<p><strong>[FM Riachuelo 15\/05\/2020] Ayer en el programa Cazadores de Zonceras (jueves 19 a 21 hs) realizamos\u00a0una extensa entrevista con Lito Borello, Sec. de DDHH de la UTEP y referente nacional de la Organizaci\u00f3n Los Pibes. Hablamos de todo: crisis sanitaria, alimentaria y contexto global.<\/strong><\/p>\n<p>Muchas veces lo coyuntural \u00abnos tapa el bosque\u00bb a quienes hacemos comunicaci\u00f3n popular. Por eso, desde que comenz\u00f3 la cuarentena, intentamos crear espacios de reflexi\u00f3n y an\u00e1lisis en el aire de nuestros programas. Esta entrevista estuvo dentro de ese intento.<\/p>\n<p><strong>Hace tiempo se habla del concepto de \u201ccrisis civilizatoria\u201d. A ya dos meses de la cuarentena, en este contexto puntual que estamos atravesando \u00a0\u00bfC\u00f3mo se materializa ese concepto?<\/strong><\/p>\n<p>En principio, no somos analistas, somos militantes y nos hacemos de la interpretaci\u00f3n de quienes tienen mayor capacidad de an\u00e1lisis. Esta organizaci\u00f3n (Los Pibes) que tiene m\u00e1s de veinte a\u00f1os, coincide con la lectura de te\u00f3ricos que hablan de la crisis mundial que estamos viviendo. Tomamos como referencia el an\u00e1lisis del Papa Francisco que habla de una crisis que afecta por un lado a la humanidad y por el otro al medioambiente. M\u00e1s aun coincidimos, desde el punto de vista te\u00f3rico, con la interpretaci\u00f3n del a\u00f1o pasado en Caracas en que los movimientos populares caracterizan la crisis como multidimensional: esto es financiera, econ\u00f3mica, del trabajo, crisis energ\u00e9tica, alimentaria, cultural, de modelo de democracia\u2026 y todo esto afecta a la humanidad y a la posibilidad de un futuro. Este es el an\u00e1lisis que m\u00e1s nos contiene y no llama la atenci\u00f3n porque la construyen justamente los movimientos.<\/p>\n<p>Yo creo que la realidad de hoy supera todo ese nivel de an\u00e1lisis, las familias padecen y la lectura, por lo tanto, es a flor de piel. A esto se le suma la disputa de los poderosos del planeta que se pelean para ver quien implementa la hegemon\u00eda de poder.<\/p>\n<p><strong>\u00bfY qui\u00e9nes son esos poderosos?<\/strong><\/p>\n<p>Y\u2026 hoy los actores fundamentales son EEUU, China y Rusia. Hay alianzas temporales pero se corri\u00f3 el eje del mundo euroc\u00e9ntrico, hoy la Uni\u00f3n Europea ha perdido la carrera, fue desalojada y el mundo unipolar que planteaba Estados Unidos, a partir de los 90 con la ca\u00edda del Este, dur\u00f3 algunas d\u00e9cadas pero hoy ha perdido hegemon\u00eda frente a la primer econom\u00eda mundial que es China.<\/p>\n<p>Esa guerra se da entre ellos y hacia el mundo con las guerras h\u00edbridas, que son todas las formas: la guerra econ\u00f3mica, cultural, la utilizaci\u00f3n de la justicia para desbaratar gobiernos populares, todas esas maneras son parte de la guerra h\u00edbrida. Esta pandemia, entonces, nos muestra el desenlace de esa guerra, donde todo vale y se evaporan las institucionalidades que conoc\u00edamos hasta ahora, empiezan a disputar el planeta en guerras demenciales, en las que hay que correrse del pensamiento humano para imaginar de qu\u00e9 son capaces.<\/p>\n<p><img loading=\"lazy\" decoding=\"async\" class=\"wp-image-12034 alignleft\" src=\"http:\/\/fmriachuelo.com.ar\/wp-content\/uploads\/2020\/05\/lito-2.jpg\" alt=\"\" width=\"382\" height=\"287\" \/><\/p>\n<p><strong>Cuando hablas de la demencialidad del poder, uno escucha que se habla de Trump y Bolsonaro como locos \u00bfes as\u00ed, est\u00e1n locos?<\/strong><\/p>\n<p>La verdad seria simplificar la mentalidad de los poderosos afirmar eso. Es imposible pensar que solo est\u00e1n locos. Est\u00e1n decididos a implementar un modelo de dominaci\u00f3n mucho m\u00e1s sanguinario que el que conoc\u00edamos, est\u00e1n dispuestos a que mucha poblaci\u00f3n muera para no perder sus privilegios. Ellos est\u00e1n reformulando el capitalismo para lograr uno m\u00e1s salvaje en que las asimetr\u00edas marchen a una dominaci\u00f3n en donde se lleven puesta la vida de inmensas mayor\u00edas. Si en Argentina estuviese gobernando Macri, suceder\u00eda lo mismo. Por suerte pudimos, despu\u00e9s de 4 a\u00f1os de lucha, echarlo. Es En definitiva, tanto Trump como Bolsonaro son la cara del pr\u00f3ximo modelo de capitalismo, que, si bien es cierto que est\u00e1 en crisis, se propone reinventarse a\u00fan m\u00e1s salvaje.<\/p>\n<p><strong>Entonces, con todo esto que dec\u00eds \u00bfpodemos decir que la pandemia no es un virus cualquiera sino que\u00a0 responde a esa l\u00f3gica?<\/strong><\/p>\n<p>S\u00ed, claro, esto no responde a una desgracia. Los cient\u00edficos ven\u00edan advirtiendo que las repercusiones de la explotaci\u00f3n de la naturaleza iban a afectar al ser humano. Despu\u00e9s, se le puede sumar la teor\u00eda conspirativa sobre qui\u00e9n inoculo a quien, no lo s\u00e9, la historia dir\u00e1\u2026 pero lo que esta claro es que esto responde a las pr\u00e1cticas del capitalismo. Y que no se termina s\u00f3lo con la cuarentena o el distanciamiento social obligatorio, tenemos que entender que esto responde a aquello que dijo Fidel Castro hace muchos a\u00f1os atr\u00e1s: \u201chay una especie que est\u00e1 en peligro, es el ser humano\u201d. Es decir que para salir de la pandemia, hay que construir otro mundo posible.<\/p>\n<p><strong>\u00bfY c\u00f3mo se construye ese otro mundo posible?<\/strong><\/p>\n<p>Podemos empezar analizando esto mismo, desde la radio, lo comunicacional. Esta es una radio comunitaria \u00bfa qui\u00e9n miramos como modelo? A ninguno de los medios hegem\u00f3nicos que, por m\u00e1s a fin que sean a nuestras ideas, no responden a un modelo popular sino a una l\u00f3gica tradicional y que, la mayor\u00eda de las veces, subestiman el rol de los movimientos, dej\u00e1ndolos en el lugar del asistencialismo. Por eso tenemos que pensar en otra comunicaci\u00f3n, que exprese otros intereses y que lleve adelante la batalla comunicacional en el marco de las batallas populares. Tenemos que ser la voz de nuestro pueblo. Para la construcci\u00f3n de ese otro mundo,\u00a0 hoy necesitamos mayor participaci\u00f3n del tejido social, de las organizaciones, de los merenderos, de las cooperativos, mayor protagonismo en una nueva geometr\u00eda del poder.<\/p>\n<p>Por otro lado, en relaci\u00f3n a esa geometr\u00eda del poder, hace f\u00e1cil avanzar en una reforma total. As\u00ed como en el 49, que se conquist\u00f3 una reforma constitucional, hoy es m\u00e1s necesario que nunca una asamblea constituyente donde nuestro pueblo piense cual es la ley marco apropiada para ese otro mundo. Es necesario refundar la Patria y el Estado.<\/p>\n<p><strong>\u00bfEso quiere decir que ese otro mundo ya est\u00e1 en construcci\u00f3n? \u00bfEstamos ante un punto de partida?<\/strong><\/p>\n<p>Justamente, estamos en una tensi\u00f3n. La construcci\u00f3n de la alternativa no se da al final, se est\u00e1 construyendo ahora. En cada olla popular se construye alternativa, en cada cooperativa, en cada emprendimiento de la econom\u00eda popular, cada club que trabaja en el territorio, la construcci\u00f3n de la alternativa es ahora, es en medio de lo viejo, cuando lo viejo aun no muere y nosotros hacemos surgir un nuevo amanecer.<\/p>\n<p>Para esto necesitamos construir mayor nivel de conciencia, ya que a veces naturalizamos la opresi\u00f3n, por eso necesitamos conciencia para entender la posibilidad de triunfo, que no hay otro camino posible.El enemigo trabaja para bajarnos los brazos de la voluntad de lucha, para que aun explotados no tengamos fuerzas, pero si las inmensas mayor\u00edas caminamos hacia la liberaci\u00f3n no van a poder sostener el poder.<\/p>\n<p><strong>\u00a0<\/strong><\/p>\n<p><strong>Entonces, tiene alg\u00fan sentido cuando el Papa habla de un ej\u00e9rcito invisible, si ese mundo lo construimos aun sin ser del todo consientes, tiene sentido que nos quieran silenciar \u00bfes as\u00ed?<\/strong><\/p>\n<p>La pandemia lo mostro de una manera clar\u00edsima: ni el Estado, ni el Gobierno, ni las Organizaciones, somos responsables de la cantidad inmensa de comedores, merenderos y ollas que han florecido en los barrios. Es la solidaridad, la conciencia, la memoria hist\u00f3rica del pueblo, lo que ha permitido en estos a\u00f1os renacer cientos de experiencia aut\u00f3nomas, apelando a la solidaridad. Es nuestro pueblo silvestre, rebelde, digno el que puso de pie centenas de experiencias para que el pueblo coma. Eso muestra la potencialidad de este sujeto, por eso los poderosos ocultan, silencian.<\/p>\n<p><strong>\u00bfY qu\u00e9 rol tienen los movimientos populares en ese resurgir?<\/strong><\/p>\n<p>Los movimientos populares son el emergente que se construye a partir del sujeto excluido en los 90, a partir de la desocupaci\u00f3n. As\u00ed naci\u00f3 Los Pibes, primero peleando por reivindicaciones urgentes y luego por otra sociedad. Hoy en d\u00eda el movimiento obrero, que viene de aquel trabajador que ten\u00eda empleo y por lo tanto patr\u00f3n, se reconfigura en este nuevo universo de las econom\u00edas populares, son aquellos que se han tenido que inventar el trabajo, son los \u201cpoetas sociales\u201d de los que habla Francisco.\u00a0 Nosotros somos parte de ese universo y nos sentimos llamados a la construcci\u00f3n de otro mundo posible, esperamos estar a la altura de la lucha del pueblo.<\/p>\n<p>&nbsp;<\/p>\n<p>&nbsp;<\/p>\n<p><a href=\"https:\/\/soundcloud.com\/prensa-fm-riachuelo\/sets\/entrevista-a-lito-borello-secretario-de-dd-hh-utep\"><b>ESCUCHA LA ENTREVISTA COMPLETA AC\u00c1<\/b><\/a><\/p>\n","protected":false},"excerpt":{"rendered":"<p>[FM Riachuelo 15\/05\/2020] Ayer en el programa Cazadores de Zonceras (jueves 19 a 21 hs) realizamos\u00a0una extensa entrevista con Lito Borello, Sec. de DDHH de la UTEP y referente nacional de la Organizaci\u00f3n Los Pibes. Hablamos de todo: crisis sanitaria, alimentaria y contexto global. Muchas veces lo coyuntural \u00abnos tapa el bosque\u00bb a quienes hacemos [&hellip;]<\/p>\n","protected":false},"author":5,"featured_media":12033,"comment_status":"closed","ping_status":"closed","sticky":false,"template":"","format":"standard","meta":{"_monsterinsights_skip_tracking":false,"_monsterinsights_sitenote_active":false,"_monsterinsights_sitenote_note":"","_monsterinsights_sitenote_category":0,"jnews-multi-image_gallery":[],"jnews_single_post":[],"jnews_primary_category":[],"_joinchat":[],"footnotes":""},"categories":[80,76],"tags":[],"class_list":["post-12032","post","type-post","status-publish","format-standard","has-post-thumbnail","hentry","category-educacion","category-salud-comunitaria"],"_links":{"self":[{"href":"http:\/\/fmriachuelo.it10.com.ar\/index.php\/wp-json\/wp\/v2\/posts\/12032","targetHints":{"allow":["GET"]}}],"collection":[{"href":"http:\/\/fmriachuelo.it10.com.ar\/index.php\/wp-json\/wp\/v2\/posts"}],"about":[{"href":"http:\/\/fmriachuelo.it10.com.ar\/index.php\/wp-json\/wp\/v2\/types\/post"}],"author":[{"embeddable":true,"href":"http:\/\/fmriachuelo.it10.com.ar\/index.php\/wp-json\/wp\/v2\/users\/5"}],"replies":[{"embeddable":true,"href":"http:\/\/fmriachuelo.it10.com.ar\/index.php\/wp-json\/wp\/v2\/comments?post=12032"}],"version-history":[{"count":0,"href":"http:\/\/fmriachuelo.it10.com.ar\/index.php\/wp-json\/wp\/v2\/posts\/12032\/revisions"}],"wp:featuredmedia":[{"embeddable":true,"href":"http:\/\/fmriachuelo.it10.com.ar\/index.php\/wp-json\/"}],"wp:attachment":[{"href":"http:\/\/fmriachuelo.it10.com.ar\/index.php\/wp-json\/wp\/v2\/media?parent=12032"}],"wp:term":[{"taxonomy":"category","embeddable":true,"href":"http:\/\/fmriachuelo.it10.com.ar\/index.php\/wp-json\/wp\/v2\/categories?post=12032"},{"taxonomy":"post_tag","embeddable":true,"href":"http:\/\/fmriachuelo.it10.com.ar\/index.php\/wp-json\/wp\/v2\/tags?post=12032"}],"curies":[{"name":"wp","href":"https:\/\/api.w.org\/{rel}","templated":true}]}}