{"id":12027,"date":"2020-05-12T04:58:54","date_gmt":"2020-05-12T04:58:54","guid":{"rendered":"http:\/\/fmriachuelo.com.ar\/?p=12027"},"modified":"2020-05-12T04:58:54","modified_gmt":"2020-05-12T04:58:54","slug":"la-boca-un-barrio-activo-mas-muestras-de-solidaridad-olla-popular-de-los-gardelitos-de-la-solis","status":"publish","type":"post","link":"http:\/\/fmriachuelo.it10.com.ar\/index.php\/2020\/05\/12\/la-boca-un-barrio-activo-mas-muestras-de-solidaridad-olla-popular-de-los-gardelitos-de-la-solis\/","title":{"rendered":"LA BOCA UN BARRIO ACTIVO: MAS MUESTRAS DE SOLIDARIDAD \u00abOLLA POPULAR DE LOS GARDELITOS DE LA SOL\u00cdS\u00bb"},"content":{"rendered":"<p><strong>[FM Riachuelo 11\/05\/2020] El d\u00eda de hoy desde Rompe el Cerco Informativo (L a V de 17 a 19 hs) <\/strong><strong>conversamos con Maxi, integrante de La Murga \u00abLOS GARDELITOS de la Sol\u00eds\u201d, sobre la Olla Popular que comenzaron a realizar este lunes en el barrio de La Boca. <\/strong><\/p>\n<p>En un contexto en el que atravesar la cuarentena en los barrios m\u00e1s humildes est\u00e1 siendo complicado,\u00a0 no solo en lo sanitario, sino tambi\u00e9n en lo econ\u00f3mico\u00a0 y lo alimentario, las expresiones de solidaridad demuestran una vez m\u00e1s que el barrio de La Boca est\u00e1 activo y se organiza para ayudar a los que la est\u00e1n pasando mal. Por este motivo los d\u00edas lunes y mi\u00e9rcoles a las 13 hs en Su\u00e1rez y Pedro de Mendoza, lxs integrantes de Los Gardelitos junto a varixs amigxs murgueros y contando con donaciones de vecinxs y comerciantes de la Boca y Barracas, realizan una Olla Popular para asistir a todo aquel que necesite un plato de comida.<\/p>\n<p><img loading=\"lazy\" decoding=\"async\" class=\"alignleft wp-image-12030 \" src=\"http:\/\/fmriachuelo.com.ar\/wp-content\/uploads\/2020\/05\/olla-300x227.jpeg\" alt=\"\" width=\"260\" height=\"197\" \/>Maxi nos cuenta que la iniciativa surge al ver que muchos vecinos est\u00e1n atravesando una situaci\u00f3n complicada: &lt;&lt;estamos todos pasando un mal momento con esto de la cuarentena, y <strong>la murga es el barrio, hay mucha gente, son muchos chicos <\/strong>y nosotros quisimos brindar nuestro granito de arena de alguna forma, por eso nos animamos a juntar y pedir ese granito de arena al vecinx, a lxs compa\u00f1erxs para lograr esta olla que hicimos hoy y nos hace muy felices&gt;&gt;.<\/p>\n<p>Para finalizar nos explica que la olla se realizar\u00e1 lunes y mi\u00e9rcoles al mediod\u00eda, pero la idea es hacerla tambi\u00e9n los s\u00e1bados y domingos para ofrecer la cena, para esto solicitan a quienes puedan brindar donaciones de alimentos, art\u00edculos de limpieza y ropa para poder ayudar a los que la est\u00e1n pasando mal comunic\u00e1ndose a la p\u00e1gina de Facebook \u00a0<a href=\"https:\/\/www.facebook.com\/groups\/454171371636378\/?ref=group_header\">LOS GARDELITOS DE LA SOL\u00cdS OFICIAL LA BOCA<\/a><\/p>\n<p><a href=\"http:\/\/[FM Riachuelo 11\/05\/2020] El d\u00eda de hoy desde Rompe el Cerco Informativo (L a V de 17 a 19 hs) conversamos con Maxi, integrante de La Murga &quot;LOS GARDELITOS de la Sol\u00eds\u201d, sobre la Olla Popular que comenzaron a realizar este lunes en el barrio de La Boca. En un contexto en el que atravesar la cuarentena en los barrios m\u00e1s humildes est\u00e1 siendo complicado, no solo en lo sanitario, sino tambi\u00e9n en lo econ\u00f3mico y lo alimentario las expresiones de solidaridad demuestran una vez m\u00e1s que el Barrio de La Boca est\u00e1 activo y se organiza para ayudar a los que la est\u00e1n pasando mal. Por este motivo los d\u00edas lunes y mi\u00e9rcoles a las 13 hs en Su\u00e1rez y Pedro de Mendoza, los compa\u00f1eros junto a varios amigxs murgueros y contando con donaciones de vecinxs y comerciantes de la Boca y Barracas, realizan una Olla Popular para asistir a todo aquel que necesite un plato de comida. Maxi nos cuenta que la iniciativa surge al ver que muchos vecinos est\u00e1n atravesando una situaci\u00f3n complicada: &lt;&lt;estamos todos pasando un mal momento con esto de la cuarentena, y la murga es el barrio, hay mucha gente, son muchos chicos y nosotros quisimos brindar nuestro granito de arena de alguna forma, por eso nos animamos a juntar y pedir ese granito de arena al vecinx, a lxs compa\u00f1erxs para lograr esta olla que hicimos hoy y nos hace muy felices&gt;&gt;. Para finalizar nos explica que la olla se realizar\u00e1 lunes y mi\u00e9rcoles al mediod\u00eda, pero la idea es hacerla tambi\u00e9n los s\u00e1bados y domingos para ofrecer la cena, para esto solicitan a quienes puedan brindar donaciones de alimentos, art\u00edculos de limpieza y ropa para poder ayudar a los que la est\u00e1n pasando mal comunic\u00e1ndose a la p\u00e1gina de Facebook LOS GARDELITOS DE LA SOL\u00cdS OFICIAL LA BOCA\">Escucha la entrevista completa ac\u00e1<\/a><\/p>\n","protected":false},"excerpt":{"rendered":"<p>[FM Riachuelo 11\/05\/2020] El d\u00eda de hoy desde Rompe el Cerco Informativo (L a V de 17 a 19 hs) conversamos con Maxi, integrante de La Murga \u00abLOS GARDELITOS de la Sol\u00eds\u201d, sobre la Olla Popular que comenzaron a realizar este lunes en el barrio de La Boca. En un contexto en el que atravesar [&hellip;]<\/p>\n","protected":false},"author":5,"featured_media":12028,"comment_status":"closed","ping_status":"closed","sticky":false,"template":"","format":"standard","meta":{"_monsterinsights_skip_tracking":false,"_monsterinsights_sitenote_active":false,"_monsterinsights_sitenote_note":"","_monsterinsights_sitenote_category":0,"jnews-multi-image_gallery":[],"jnews_single_post":[],"jnews_primary_category":[],"_joinchat":[],"footnotes":""},"categories":[78,76],"tags":[],"class_list":["post-12027","post","type-post","status-publish","format-standard","has-post-thumbnail","hentry","category-economia-popular","category-salud-comunitaria"],"_links":{"self":[{"href":"http:\/\/fmriachuelo.it10.com.ar\/index.php\/wp-json\/wp\/v2\/posts\/12027","targetHints":{"allow":["GET"]}}],"collection":[{"href":"http:\/\/fmriachuelo.it10.com.ar\/index.php\/wp-json\/wp\/v2\/posts"}],"about":[{"href":"http:\/\/fmriachuelo.it10.com.ar\/index.php\/wp-json\/wp\/v2\/types\/post"}],"author":[{"embeddable":true,"href":"http:\/\/fmriachuelo.it10.com.ar\/index.php\/wp-json\/wp\/v2\/users\/5"}],"replies":[{"embeddable":true,"href":"http:\/\/fmriachuelo.it10.com.ar\/index.php\/wp-json\/wp\/v2\/comments?post=12027"}],"version-history":[{"count":0,"href":"http:\/\/fmriachuelo.it10.com.ar\/index.php\/wp-json\/wp\/v2\/posts\/12027\/revisions"}],"wp:featuredmedia":[{"embeddable":true,"href":"http:\/\/fmriachuelo.it10.com.ar\/index.php\/wp-json\/"}],"wp:attachment":[{"href":"http:\/\/fmriachuelo.it10.com.ar\/index.php\/wp-json\/wp\/v2\/media?parent=12027"}],"wp:term":[{"taxonomy":"category","embeddable":true,"href":"http:\/\/fmriachuelo.it10.com.ar\/index.php\/wp-json\/wp\/v2\/categories?post=12027"},{"taxonomy":"post_tag","embeddable":true,"href":"http:\/\/fmriachuelo.it10.com.ar\/index.php\/wp-json\/wp\/v2\/tags?post=12027"}],"curies":[{"name":"wp","href":"https:\/\/api.w.org\/{rel}","templated":true}]}}