{"id":12022,"date":"2020-05-08T18:46:18","date_gmt":"2020-05-08T18:46:18","guid":{"rendered":"http:\/\/fmriachuelo.com.ar\/?p=12022"},"modified":"2020-05-08T18:46:18","modified_gmt":"2020-05-08T18:46:18","slug":"la-boca-corte-en-la-bajada-del-pte-nicolas-avellaneda","status":"publish","type":"post","link":"http:\/\/fmriachuelo.it10.com.ar\/index.php\/2020\/05\/08\/la-boca-corte-en-la-bajada-del-pte-nicolas-avellaneda\/","title":{"rendered":"LA BOCA: CORTE EN LA BAJADA DEL PTE NICOLAS AVELLANEDA"},"content":{"rendered":"<p>[FM Riachuelo 08\/05\/2020] Realizan un corte en la esquina de calle en la Av. Almte. Brown y Pinz\u00f3n ante la falta de respuestas por el Gobierno de Rodr\u00edguez Larreta.<\/p>\n<p>\u00abNos recortaron 200 platos de comidas sin ning\u00fan motivo. La gente viene desde muy temprano a hacer cola para retirar la comida. Ac\u00e1 nos vamos a quedar hasta que nos den una soluci\u00f3n\u00bb_ explicaba Jovana integrante del comedor.<\/p>\n<p>Escuch\u00e1 la entrevista\ud83d\udc47\ud83c\udffd<\/p>\n<p><iframe loading=\"lazy\" title=\"LA BOCA:CORTE EN LA BAJADA DEL PTE NICOLAS AVELLANEDA by FMR\" width=\"500\" height=\"400\" scrolling=\"no\" frameborder=\"no\" src=\"https:\/\/w.soundcloud.com\/player\/?visual=true&#038;url=https%3A%2F%2Fapi.soundcloud.com%2Ftracks%2F816349189&#038;show_artwork=true&#038;maxheight=750&#038;maxwidth=500\"><\/iframe><\/p>\n","protected":false},"excerpt":{"rendered":"<p>[FM Riachuelo 08\/05\/2020] Realizan un corte en la esquina de calle en la Av. Almte. Brown y Pinz\u00f3n ante la falta de respuestas por el Gobierno de Rodr\u00edguez Larreta. \u00abNos recortaron 200 platos de comidas sin ning\u00fan motivo. La gente viene desde muy temprano a hacer cola para retirar la comida. Ac\u00e1 nos vamos a [&hellip;]<\/p>\n","protected":false},"author":5,"featured_media":12023,"comment_status":"closed","ping_status":"closed","sticky":false,"template":"","format":"standard","meta":{"_monsterinsights_skip_tracking":false,"_monsterinsights_sitenote_active":false,"_monsterinsights_sitenote_note":"","_monsterinsights_sitenote_category":0,"jnews-multi-image_gallery":[],"jnews_single_post":[],"jnews_primary_category":[],"_joinchat":[],"footnotes":""},"categories":[78,76],"tags":[],"class_list":["post-12022","post","type-post","status-publish","format-standard","has-post-thumbnail","hentry","category-economia-popular","category-salud-comunitaria"],"_links":{"self":[{"href":"http:\/\/fmriachuelo.it10.com.ar\/index.php\/wp-json\/wp\/v2\/posts\/12022","targetHints":{"allow":["GET"]}}],"collection":[{"href":"http:\/\/fmriachuelo.it10.com.ar\/index.php\/wp-json\/wp\/v2\/posts"}],"about":[{"href":"http:\/\/fmriachuelo.it10.com.ar\/index.php\/wp-json\/wp\/v2\/types\/post"}],"author":[{"embeddable":true,"href":"http:\/\/fmriachuelo.it10.com.ar\/index.php\/wp-json\/wp\/v2\/users\/5"}],"replies":[{"embeddable":true,"href":"http:\/\/fmriachuelo.it10.com.ar\/index.php\/wp-json\/wp\/v2\/comments?post=12022"}],"version-history":[{"count":0,"href":"http:\/\/fmriachuelo.it10.com.ar\/index.php\/wp-json\/wp\/v2\/posts\/12022\/revisions"}],"wp:featuredmedia":[{"embeddable":true,"href":"http:\/\/fmriachuelo.it10.com.ar\/index.php\/wp-json\/"}],"wp:attachment":[{"href":"http:\/\/fmriachuelo.it10.com.ar\/index.php\/wp-json\/wp\/v2\/media?parent=12022"}],"wp:term":[{"taxonomy":"category","embeddable":true,"href":"http:\/\/fmriachuelo.it10.com.ar\/index.php\/wp-json\/wp\/v2\/categories?post=12022"},{"taxonomy":"post_tag","embeddable":true,"href":"http:\/\/fmriachuelo.it10.com.ar\/index.php\/wp-json\/wp\/v2\/tags?post=12022"}],"curies":[{"name":"wp","href":"https:\/\/api.w.org\/{rel}","templated":true}]}}