{"id":12018,"date":"2020-05-08T12:43:03","date_gmt":"2020-05-08T12:43:03","guid":{"rendered":"http:\/\/fmriachuelo.com.ar\/?p=12018"},"modified":"2020-05-08T12:43:03","modified_gmt":"2020-05-08T12:43:03","slug":"otra-mas-del-gcba-quieren-poner-en-venta-los-terrenos-donde-funciona-radio-asamblea","status":"publish","type":"post","link":"http:\/\/fmriachuelo.it10.com.ar\/index.php\/2020\/05\/08\/otra-mas-del-gcba-quieren-poner-en-venta-los-terrenos-donde-funciona-radio-asamblea\/","title":{"rendered":"OTRA M\u00c1S DEL GCBA: QUIEREN PONER EN VENTA LOS TERRENOS DONDE FUNCIONA RADIO ASAMBLEA"},"content":{"rendered":"<p><strong>[FM Riachuelo 08\/05\/2020] Ayer, desde\u00a0Rompe el Cerco Informativo (L a V de 17 a 19 hs), conversamos con Mini Perez, integrante de Radio Asamblea, a ra\u00edz de la iniciativa del Gobierno de la Ciudad de vender los terrenos pertenecientes a la radio, y as\u00ed iniciar la construcci\u00f3n de varias torres.<\/strong><\/p>\n<p>Parece que a\u00fan en tiempos de pandemia, cuando los sectores de emergencia se encuentran m\u00e1s vulnerables que nunca, para el Gobierno de Larreta, es m\u00e1s importante el negocio que las necesidades del pueblo.<\/p>\n<p style=\"text-align: left\"><img loading=\"lazy\" decoding=\"async\" class=\"size-full wp-image-12020 alignleft\" src=\"http:\/\/fmriachuelo.com.ar\/wp-content\/uploads\/2020\/05\/descarga.jpg\" alt=\"\" width=\"225\" height=\"225\" \/>\u00a0Frente a la ausencia del Estado porte\u00f1o, el rol de las organizaciones y medios comunitarios es fundamental, pero ninguna pandemia parece ser suficiente para evitar que se les pongan palos en la rueda: <strong><em>\u201ces incre\u00edble que alguien, con los problemas que hay hoy en la Ciudad de Buenos Aires, pueda pensar en c\u00f3mo seguir ganando plata. Es incre\u00edble, pero es as\u00ed, es una cosa que a m\u00ed me parece que si no la estuviera viviendo, hasta ser\u00eda exagerada\u201d<\/em><\/strong>, expres\u00f3 Mini.<\/p>\n<p>El hambre, el desempleo y la falta de acceso a una salubridad digna, entre tantas otras cosas, son problemas que se agravaron durante el aislamiento social preventivo y obligatorio. La entrevistada asegur\u00f3: <strong><em>\u00absi hay algo que no necesitamos en la comuna 15 son torres. Necesitamos tantas cosas: un lugar para gente en situaci\u00f3n de calle, guarder\u00edas infantiles, mejores centros de salud, combatir el dengue, fumigaciones&#8230; ac\u00e1 la infraestructura ya colaps\u00f3, las cloacas, la luz, todo, no hay infraestructura para m\u00e1s cemento porque no preguntan un poco que es lo que queremos los que vivimos ac\u00e1\u00bb.<\/em><\/strong><\/p>\n<p><a href=\"https:\/\/radiocut.fm\/audiocut\/otra-mas-del-gcba-quieren-poner-en-venta-terrenos-donde-funciona-radio-asamblea\/?replay=1#evtCat=AudioCutDetail&amp;evtAct=Progress&amp;evtLabel=ExitReplay\" target=\"_blank\" rel=\"noopener\">Podes escuchar la entrevista completa aqu\u00ed<\/a><\/p>\n","protected":false},"excerpt":{"rendered":"<p>[FM Riachuelo 08\/05\/2020] Ayer, desde\u00a0Rompe el Cerco Informativo (L a V de 17 a 19 hs), conversamos con Mini Perez, integrante de Radio Asamblea, a ra\u00edz de la iniciativa del Gobierno de la Ciudad de vender los terrenos pertenecientes a la radio, y as\u00ed iniciar la construcci\u00f3n de varias torres. Parece que a\u00fan en tiempos [&hellip;]<\/p>\n","protected":false},"author":5,"featured_media":12019,"comment_status":"closed","ping_status":"closed","sticky":false,"template":"","format":"standard","meta":{"_monsterinsights_skip_tracking":false,"_monsterinsights_sitenote_active":false,"_monsterinsights_sitenote_note":"","_monsterinsights_sitenote_category":0,"jnews-multi-image_gallery":[],"jnews_single_post":[],"jnews_primary_category":[],"_joinchat":[],"footnotes":""},"categories":[78,76,77],"tags":[],"class_list":["post-12018","post","type-post","status-publish","format-standard","has-post-thumbnail","hentry","category-economia-popular","category-salud-comunitaria","category-soberania"],"_links":{"self":[{"href":"http:\/\/fmriachuelo.it10.com.ar\/index.php\/wp-json\/wp\/v2\/posts\/12018","targetHints":{"allow":["GET"]}}],"collection":[{"href":"http:\/\/fmriachuelo.it10.com.ar\/index.php\/wp-json\/wp\/v2\/posts"}],"about":[{"href":"http:\/\/fmriachuelo.it10.com.ar\/index.php\/wp-json\/wp\/v2\/types\/post"}],"author":[{"embeddable":true,"href":"http:\/\/fmriachuelo.it10.com.ar\/index.php\/wp-json\/wp\/v2\/users\/5"}],"replies":[{"embeddable":true,"href":"http:\/\/fmriachuelo.it10.com.ar\/index.php\/wp-json\/wp\/v2\/comments?post=12018"}],"version-history":[{"count":0,"href":"http:\/\/fmriachuelo.it10.com.ar\/index.php\/wp-json\/wp\/v2\/posts\/12018\/revisions"}],"wp:featuredmedia":[{"embeddable":true,"href":"http:\/\/fmriachuelo.it10.com.ar\/index.php\/wp-json\/"}],"wp:attachment":[{"href":"http:\/\/fmriachuelo.it10.com.ar\/index.php\/wp-json\/wp\/v2\/media?parent=12018"}],"wp:term":[{"taxonomy":"category","embeddable":true,"href":"http:\/\/fmriachuelo.it10.com.ar\/index.php\/wp-json\/wp\/v2\/categories?post=12018"},{"taxonomy":"post_tag","embeddable":true,"href":"http:\/\/fmriachuelo.it10.com.ar\/index.php\/wp-json\/wp\/v2\/tags?post=12018"}],"curies":[{"name":"wp","href":"https:\/\/api.w.org\/{rel}","templated":true}]}}