{"id":12010,"date":"2020-05-08T02:07:18","date_gmt":"2020-05-08T02:07:18","guid":{"rendered":"http:\/\/fmriachuelo.com.ar\/?p=12010"},"modified":"2020-05-08T02:07:18","modified_gmt":"2020-05-08T02:07:18","slug":"dura-critica-del-secretaro-de-ddhh-de-utep-al-gobierno-de-la-ciudad-por-la-situacion-en-los-barrios-populares","status":"publish","type":"post","link":"http:\/\/fmriachuelo.it10.com.ar\/index.php\/2020\/05\/08\/dura-critica-del-secretaro-de-ddhh-de-utep-al-gobierno-de-la-ciudad-por-la-situacion-en-los-barrios-populares\/","title":{"rendered":"DURA CR\u00cdTICA DEL SECRETARIO DE DDHH DE UTEP AL GOBIERNO DE LA CIUDAD POR LA SITUACI\u00d3N EN LOS BARRIOS POPULARES"},"content":{"rendered":"<p><strong>[FM Riachuelo 07\/05\/2020] Desde que comenz\u00f3 el confinamiento, las Organizaciones sociales dec\u00edan que asegurar en las barriadas populares condiciones \u00f3ptimas de salud era casi imposible. La realidad termino dando la raz\u00f3n y hoy en Gobierno de Larreta se encuentra en el ojo de la tormenta por su ineficiencia frente a lo que sucede en la Villa 31. Desde la Riachuelo dialogamos con Lito Borello, secretario de DDHH de UTEP para conocer su perspectiva.<\/strong><\/p>\n<p><em>\u201cEra obvio que si no se reforzaban los recursos iba a crecer exponencialmente el nivel de contagios, hablamos de territorios con 50 mil habitantes y una Ciudad que es la m\u00e1s rica de la Argentina, pero con <strong>un gobierno macrista que se hace el distra\u00eddo y deber\u00eda ser penado por abandono de persona\u201d<\/strong><\/em> comienza diciendo, contundente, Borello.<\/p>\n<p><img loading=\"lazy\" decoding=\"async\" class=\"alignnone wp-image-11527\" src=\"http:\/\/fmriachuelo.com.ar\/wp-content\/uploads\/2020\/02\/lito.jpg\" alt=\"\" width=\"375\" height=\"317\" srcset=\"http:\/\/fmriachuelo.it10.com.ar\/wp-content\/uploads\/2020\/02\/lito.jpg 1006w, http:\/\/fmriachuelo.it10.com.ar\/wp-content\/uploads\/2020\/02\/lito-300x254.jpg 300w, http:\/\/fmriachuelo.it10.com.ar\/wp-content\/uploads\/2020\/02\/lito-768x650.jpg 768w, http:\/\/fmriachuelo.it10.com.ar\/wp-content\/uploads\/2020\/02\/lito-750x635.jpg 750w\" sizes=\"auto, (max-width: 375px) 100vw, 375px\" \/><\/p>\n<p>La situaci\u00f3n en la Villa 31, zona de Retiro, comenz\u00f3 a ponerse en agenda desde hace unos d\u00edas, incluso en los medios hegem\u00f3nicos que ya no pueden tapar el sol con las manos. En principio pensar en el distanciamiento social obligatorio en lugares con semejante situaci\u00f3n de hacinamiento es casi absurdo, a esto se le suma que muchxs vecinxs se ven obligados a salir, a pesar del confinamiento, ya que si no buscan el mango del d\u00eda sus familias no comen. Para rematar, hace d\u00edas que falta el agua y la luz.<\/p>\n<p>A pesar de que el macrismo no es un gobierno elegido por los sectores populares, son estos los sectores que mas sufren sus consecuencias: <em>\u201cel Gobierno de la Ciudad de Buenos Aires es la expresi\u00f3n m\u00e1s rancia de la aristocracia\u201d<\/em> dice Borello.<\/p>\n<p>Todo esto demuestra que, frente a\u00a0 la falta de vivienda digna y de recursos en las Organizaciones que asisten a estos barrios, se hace cada vez m\u00e1s evidente el reclamo del Papa Francisco de un ingreso universal para los y las trabajadores de la econom\u00eda popular. Desde la perspectiva de los derechos humanos, cuando faltan cuestiones tan esenciales como la vivienda o el acceso al agua, en plena Ciudad de Buenos Aires, Borello dice: <em><b>\u201cparece que para este gobierno hay ciudadanos de primera\u00a0y de segunda\u201d.<\/b><\/em><\/p>\n<p>Por todo esto es que, ahora m\u00e1s que nunca, Borello invita a sumarse a la lucha y la organizaci\u00f3n.<\/p>\n<p><a href=\"https:\/\/ar.radiocut.fm\/audiocut\/entrevista-a-lito-borello-analisis-sobre-situacion-barriadas-populares\/\" target=\"_blank\" rel=\"noopener\">Esta entrevista se realiz\u00f3 en Mateando en el Riachuelo (lunes a viernes 10 a 12 horas)<\/a><\/p>\n","protected":false},"excerpt":{"rendered":"<p>[FM Riachuelo 07\/05\/2020] Desde que comenz\u00f3 el confinamiento, las Organizaciones sociales dec\u00edan que asegurar en las barriadas populares condiciones \u00f3ptimas de salud era casi imposible. La realidad termino dando la raz\u00f3n y hoy en Gobierno de Larreta se encuentra en el ojo de la tormenta por su ineficiencia frente a lo que sucede en la [&hellip;]<\/p>\n","protected":false},"author":5,"featured_media":12013,"comment_status":"closed","ping_status":"closed","sticky":false,"template":"","format":"standard","meta":{"_monsterinsights_skip_tracking":false,"_monsterinsights_sitenote_active":false,"_monsterinsights_sitenote_note":"","_monsterinsights_sitenote_category":0,"jnews-multi-image_gallery":[],"jnews_single_post":[],"jnews_primary_category":[],"_joinchat":[],"footnotes":""},"categories":[78,76],"tags":[],"class_list":["post-12010","post","type-post","status-publish","format-standard","has-post-thumbnail","hentry","category-economia-popular","category-salud-comunitaria"],"_links":{"self":[{"href":"http:\/\/fmriachuelo.it10.com.ar\/index.php\/wp-json\/wp\/v2\/posts\/12010","targetHints":{"allow":["GET"]}}],"collection":[{"href":"http:\/\/fmriachuelo.it10.com.ar\/index.php\/wp-json\/wp\/v2\/posts"}],"about":[{"href":"http:\/\/fmriachuelo.it10.com.ar\/index.php\/wp-json\/wp\/v2\/types\/post"}],"author":[{"embeddable":true,"href":"http:\/\/fmriachuelo.it10.com.ar\/index.php\/wp-json\/wp\/v2\/users\/5"}],"replies":[{"embeddable":true,"href":"http:\/\/fmriachuelo.it10.com.ar\/index.php\/wp-json\/wp\/v2\/comments?post=12010"}],"version-history":[{"count":0,"href":"http:\/\/fmriachuelo.it10.com.ar\/index.php\/wp-json\/wp\/v2\/posts\/12010\/revisions"}],"wp:featuredmedia":[{"embeddable":true,"href":"http:\/\/fmriachuelo.it10.com.ar\/index.php\/wp-json\/"}],"wp:attachment":[{"href":"http:\/\/fmriachuelo.it10.com.ar\/index.php\/wp-json\/wp\/v2\/media?parent=12010"}],"wp:term":[{"taxonomy":"category","embeddable":true,"href":"http:\/\/fmriachuelo.it10.com.ar\/index.php\/wp-json\/wp\/v2\/categories?post=12010"},{"taxonomy":"post_tag","embeddable":true,"href":"http:\/\/fmriachuelo.it10.com.ar\/index.php\/wp-json\/wp\/v2\/tags?post=12010"}],"curies":[{"name":"wp","href":"https:\/\/api.w.org\/{rel}","templated":true}]}}