{"id":11992,"date":"2020-05-04T16:17:16","date_gmt":"2020-05-04T16:17:16","guid":{"rendered":"http:\/\/fmriachuelo.com.ar\/?p=11992"},"modified":"2020-05-04T16:17:16","modified_gmt":"2020-05-04T16:17:16","slug":"coronavirus-en-la-villa-31-repudiamos-y-denunciamos-el-abandono-por-parte-del-gobierno-de-larreta","status":"publish","type":"post","link":"http:\/\/fmriachuelo.it10.com.ar\/index.php\/2020\/05\/04\/coronavirus-en-la-villa-31-repudiamos-y-denunciamos-el-abandono-por-parte-del-gobierno-de-larreta\/","title":{"rendered":"BORELLO SOBRE CORONAVIRUS EN LA VILLA 31: \u00abREPUDIAMOS Y DENUNCIAMOS EL ABANDONO POR PARTE DEL GOBIERNO DE LARRETA\u00bb"},"content":{"rendered":"<p><b>[FM Riachuelo 04\/05\/2020]\u00a0 Lito Borello, Secretario de DDHH de UTEP y referente nacional de la Organizaci\u00f3n Social y Pol\u00edtica Los Pibes expres\u00f3 el repudio a la desatenci\u00f3n del gobierno de la ciudad y su jefe de gobierno Rodr\u00edguez Larreta en la crisis sanitaria que se vive en la Villa 31.\u00a0<\/b><\/p>\n<p><img loading=\"lazy\" decoding=\"async\" class=\"wp-image-11832 alignleft\" src=\"http:\/\/fmriachuelo.com.ar\/wp-content\/uploads\/2020\/04\/WhatsApp-Image-2020-04-12-at-17.37.18.jpeg\" alt=\"\" width=\"251\" height=\"167\" \/><\/p>\n<p>En el Programa Mateando en el Riachuelo (Lunes a Viernes 10 a 12 hs) Borello habl\u00f3 sobre la compleja situaci\u00f3n que atraviesan los barrios populares en tiempo de cuarentena, en particular la Villa 31 donde se suma a la precariedad de las condiciones sanitarias, la falta de agua hace m\u00e1s de una semana. El pasado fin de semana se conocieron nuevos casos de coronavirus en la 31 que ya suman m\u00e1s de 100, mientras el gobierno de Rodr\u00edguez Larreta mira para otro lado. \u00ab<em>En estos barrios se ve agravada la situaci\u00f3n de los compa\u00f1eros, por tener que salir de sus casas para ganarse el pan diario. Es indignante ver<\/em><strong><em> el abandono del gobierno de Larreta que, conduciendo la ciudad m\u00e1s rica del pa\u00eds, no se ocupa de las necesidades b\u00e1sicas como el agua\u00bb<\/em><\/strong> dijo Borello.<\/p>\n<p>M\u00e1s adelante agreg\u00f3:\u00a0<em><b>\u00abRepudiamos y deberemos denunciar penalmente al Gobierno de la Ciudad. Seguramente actuar\u00eda con otra celeridad si esto pasara en otros barrios como Recoleta o Palermo. Parece ser que hay ciudadanos de primera y de segunda en la ciudad de Buenos Aires. Todos sabemos que detr\u00e1s de estas situaci\u00f3n\u00a0tambi\u00e9n est\u00e1n las empresas de medios que con su silenciamiento medi\u00e1tico, cubren este accionar criminal de la falta de ayuda\u00bb . <\/b><\/em><\/p>\n<p><em><strong>\u00abLos adoradores del Dios dinero no cesan en atacar a los m\u00e1s vulnerables de los que s\u00f3lo se ocupan las Organizaciones sociales, por eso hoy nuestra batalla central como Movimientos Populares es necesaria para construir otra sociedad. Y eso estamos haciendo con nuestra presencia en las calles y en los barrios m\u00e1s humildes, con las ollas populares, ayudando y colaborando solidariamente con quienes m\u00e1s lo necesitan\u00bb<\/strong><\/em> concluy\u00f3.<\/p>\n<p><a href=\"https:\/\/ar.radiocut.fm\/audiocut\/hay-cudadanos-primera-y-segunda-en-ciudad-buenos-aires-ev-a-lito-borello-sec-ddhh-u-1\/\"><strong>ESCUCHA\u00a0LA ENTREVISTA COMPLETA\u00a0<\/strong><strong>\u00a0<\/strong><b>AQU\u00cd<\/b><\/a><\/p>\n<p>&nbsp;<\/p>\n<p>&nbsp;<\/p>\n","protected":false},"excerpt":{"rendered":"<p>[FM Riachuelo 04\/05\/2020]\u00a0 Lito Borello, Secretario de DDHH de UTEP y referente nacional de la Organizaci\u00f3n Social y Pol\u00edtica Los Pibes expres\u00f3 el repudio a la desatenci\u00f3n del gobierno de la ciudad y su jefe de gobierno Rodr\u00edguez Larreta en la crisis sanitaria que se vive en la Villa 31.\u00a0 En el Programa Mateando en [&hellip;]<\/p>\n","protected":false},"author":5,"featured_media":12008,"comment_status":"closed","ping_status":"closed","sticky":false,"template":"","format":"standard","meta":{"_monsterinsights_skip_tracking":false,"_monsterinsights_sitenote_active":false,"_monsterinsights_sitenote_note":"","_monsterinsights_sitenote_category":0,"jnews-multi-image_gallery":[],"jnews_single_post":[],"jnews_primary_category":[],"_joinchat":[],"footnotes":""},"categories":[78,109,76],"tags":[],"class_list":["post-11992","post","type-post","status-publish","format-standard","has-post-thumbnail","hentry","category-economia-popular","category-salud","category-salud-comunitaria"],"_links":{"self":[{"href":"http:\/\/fmriachuelo.it10.com.ar\/index.php\/wp-json\/wp\/v2\/posts\/11992","targetHints":{"allow":["GET"]}}],"collection":[{"href":"http:\/\/fmriachuelo.it10.com.ar\/index.php\/wp-json\/wp\/v2\/posts"}],"about":[{"href":"http:\/\/fmriachuelo.it10.com.ar\/index.php\/wp-json\/wp\/v2\/types\/post"}],"author":[{"embeddable":true,"href":"http:\/\/fmriachuelo.it10.com.ar\/index.php\/wp-json\/wp\/v2\/users\/5"}],"replies":[{"embeddable":true,"href":"http:\/\/fmriachuelo.it10.com.ar\/index.php\/wp-json\/wp\/v2\/comments?post=11992"}],"version-history":[{"count":0,"href":"http:\/\/fmriachuelo.it10.com.ar\/index.php\/wp-json\/wp\/v2\/posts\/11992\/revisions"}],"wp:featuredmedia":[{"embeddable":true,"href":"http:\/\/fmriachuelo.it10.com.ar\/index.php\/wp-json\/"}],"wp:attachment":[{"href":"http:\/\/fmriachuelo.it10.com.ar\/index.php\/wp-json\/wp\/v2\/media?parent=11992"}],"wp:term":[{"taxonomy":"category","embeddable":true,"href":"http:\/\/fmriachuelo.it10.com.ar\/index.php\/wp-json\/wp\/v2\/categories?post=11992"},{"taxonomy":"post_tag","embeddable":true,"href":"http:\/\/fmriachuelo.it10.com.ar\/index.php\/wp-json\/wp\/v2\/tags?post=11992"}],"curies":[{"name":"wp","href":"https:\/\/api.w.org\/{rel}","templated":true}]}}