{"id":11977,"date":"2020-05-03T22:52:02","date_gmt":"2020-05-03T22:52:02","guid":{"rendered":"http:\/\/fmriachuelo.com.ar\/?p=11977"},"modified":"2020-05-03T22:52:02","modified_gmt":"2020-05-03T22:52:02","slug":"una-nueva-agresion-imperialista-contra-la-revolucion-bolivariana","status":"publish","type":"post","link":"http:\/\/fmriachuelo.it10.com.ar\/index.php\/2020\/05\/03\/una-nueva-agresion-imperialista-contra-la-revolucion-bolivariana\/","title":{"rendered":"UNA NUEVA AGRESI\u00d3N IMPERIALISTA CONTRA LA REVOLUCI\u00d3N BOLIVARIANA"},"content":{"rendered":"<p><b>[FM Riachuelo 03\/05\/2020] Este domingo el Ministro de Interior, Justicia y Paz de Venezuela, Nestor Reverol, denunci\u00f3 la desarticulaci\u00f3n de la incursi\u00f3n de un grupo terrorista al pa\u00eds por v\u00eda mar\u00edtima. Desde FM Riachuelo hablamos con Juan Contreras, referente\u00a0de la Coordinadora Sim\u00f3n\u00a0Bol\u00edvar e integrante de la radio comunitaria \u201cAl son del 23&#8243;, para que realizara una corresponsal\u00eda\u00a0especial desde el lugar de los hechos.\u00a0<\/b><\/p>\n<p><img loading=\"lazy\" decoding=\"async\" class=\"wp-image-11989 alignleft\" src=\"http:\/\/fmriachuelo.com.ar\/wp-content\/uploads\/2020\/05\/emisora_libre_al_son__del_23_jc.jpg\" alt=\"\" width=\"201\" height=\"199\" \/><\/p>\n<p>Hoy por la ma\u00f1ana Reverol comunic\u00f3 la desarticulaci\u00f3n de un grupo terrorista cuyo objetivo era concretar un nuevo Golpe de Estado. Desde la Riachuelo contactamos a Juan Contreras, quien al finalizar el d\u00eda nos relat\u00f3 lo sucedido y nos dio su lectura del panorama pol\u00edtico:<\/p>\n<p><em>\u201cDesde hace d\u00edas manej\u00e1bamos la informaci\u00f3n, las organizaciones populares, que se puso en marcha una nueva conspiraci\u00f3n sediciosa por parte de los mismos factores que vienen intentando derrocar el proceso bolivariano. En este caso puntual se tratar\u00eda de grupos que se forman en Colombia, con el apoyo del gobierno de Iv\u00e1n Duque. <strong>Este s\u00e1bado 2 de mayo, en horas de la madrugada, se avistaron lanchas que, en forma sospechosa, se acercaban al pueblo<\/strong>, cuando se les da la voz de alto se produce un enfrentamiento. <strong>Estos agentes responder\u00edan a Robert Colina, el mismo que hace exactamente un a\u00f1o, el \u00a030 de abril de 2019, le dio la mano a Guaid\u00f3 cuando se fug\u00f3 Leopoldo L\u00f3pez.<\/strong>\u201d <\/em>Tambi\u00e9n\u00a0agreg\u00f3 m\u00e1s informaci\u00f3n sobre los detenidos: <em>\u201cuno de ellos ser\u00eda agente de la DEA<\/em>\u201d.<\/p>\n<p><img loading=\"lazy\" decoding=\"async\" class=\"wp-image-11979 alignright\" src=\"http:\/\/fmriachuelo.com.ar\/wp-content\/uploads\/2020\/05\/dentro-1.jpg\" alt=\"\" width=\"321\" height=\"240\" \/><\/p>\n<p><img loading=\"lazy\" decoding=\"async\" class=\"wp-image-11980 alignright\" src=\"http:\/\/fmriachuelo.com.ar\/wp-content\/uploads\/2020\/05\/dentro-2.jpg\" alt=\"\" width=\"194\" height=\"258\" \/><\/p>\n<p>Esto sucede en un contexto de crisis sanitaria y econ\u00f3mica que el mismo Estados Unidos no puede manejar y luego de que el Pent\u00e1gono declarara a Venezuela \u201cEstado narcotraficante\u201d, poniendo precio a la cabeza de Maduro. Sobre esto el compa\u00f1ero Contreras nos dice: \u201c<em>todos sabemos que el mayor productor de coca\u00edna es Colombia y que la mayor parte de los consumidores est\u00e1 en Estados Unidos, quien tiene por pol\u00edtica sumir a su pueblo en la adicci\u00f3n\u201d<\/em>.<\/p>\n<p>A pesar de lo sucedido el pueblo esta dispuesto a defender lo conquistado: <strong><em>\u201ccomo pueblo tenemos la potestad de defendernos frente a la agresi\u00f3n del imperio\u201d<\/em><\/strong>.<\/p>\n<p><em>\u201cCon el tema de la pandemia y una situaci\u00f3n muy compleja desde lo econ\u00f3mico, junto al bloqueo iniciado por Obama en 2015 y la continuaci\u00f3n de la gesti\u00f3n de Trump, esto es claramente un avance de Estados Unidos dentro de la guerra h\u00edbrida, no convencional, por lo que tenemos derecho como pueblo a defendernos, ac\u00e1\u00a0hay un pueblo digno que resiste los embates de Trump\u201d\u00a0<\/em>concluy\u00f3 Contreras.<\/p>\n<p>Esta nueva avanzada del imperio gener\u00f3 el rechazo de organizaciones sociales y espacios pol\u00edticos de todo el continente. En La Boca, la Organizaci\u00f3n Los Pibes lanz\u00f3 el siguiente comunicado:<\/p>\n<p>&nbsp;<\/p>\n<p style=\"text-align: left\"><em>UNA NUEVA AGRESI\u00d3N IMPERIALISTA CONTRA LA REVOLUCI\u00d3N BOLIVARIANA<\/em><\/p>\n<p style=\"text-align: left\"><em>Desde la Argentina repudiamos un nuevo intento de agresi\u00f3n a la Revoluci\u00f3n Bolivariana. Llamamos al movimiento popular en nuestra Patria Grande a cerrar filas contra el imperialismo yanki.<\/em><\/p>\n<p style=\"text-align: left\"><em>\u00a1FUERA YANKIS DE AMERICA LATINA!<\/em><\/p>\n<p style=\"text-align: left\"><em>Solo la lucha nos har\u00e1 libres.<\/em><\/p>\n<p style=\"text-align: left\"><em>Organizaci\u00f3n Social y Pol\u00edtica Los Pibes<\/em><\/p>\n","protected":false},"excerpt":{"rendered":"<p>[FM Riachuelo 03\/05\/2020] Este domingo el Ministro de Interior, Justicia y Paz de Venezuela, Nestor Reverol, denunci\u00f3 la desarticulaci\u00f3n de la incursi\u00f3n de un grupo terrorista al pa\u00eds por v\u00eda mar\u00edtima. Desde FM Riachuelo hablamos con Juan Contreras, referente\u00a0de la Coordinadora Sim\u00f3n\u00a0Bol\u00edvar e integrante de la radio comunitaria \u201cAl son del 23&#8243;, para que realizara [&hellip;]<\/p>\n","protected":false},"author":5,"featured_media":11988,"comment_status":"closed","ping_status":"closed","sticky":false,"template":"","format":"standard","meta":{"_monsterinsights_skip_tracking":false,"_monsterinsights_sitenote_active":false,"_monsterinsights_sitenote_note":"","_monsterinsights_sitenote_category":0,"jnews-multi-image_gallery":[],"jnews_single_post":[],"jnews_primary_category":[],"_joinchat":[],"footnotes":""},"categories":[80,76],"tags":[],"class_list":["post-11977","post","type-post","status-publish","format-standard","has-post-thumbnail","hentry","category-educacion","category-salud-comunitaria"],"_links":{"self":[{"href":"http:\/\/fmriachuelo.it10.com.ar\/index.php\/wp-json\/wp\/v2\/posts\/11977","targetHints":{"allow":["GET"]}}],"collection":[{"href":"http:\/\/fmriachuelo.it10.com.ar\/index.php\/wp-json\/wp\/v2\/posts"}],"about":[{"href":"http:\/\/fmriachuelo.it10.com.ar\/index.php\/wp-json\/wp\/v2\/types\/post"}],"author":[{"embeddable":true,"href":"http:\/\/fmriachuelo.it10.com.ar\/index.php\/wp-json\/wp\/v2\/users\/5"}],"replies":[{"embeddable":true,"href":"http:\/\/fmriachuelo.it10.com.ar\/index.php\/wp-json\/wp\/v2\/comments?post=11977"}],"version-history":[{"count":0,"href":"http:\/\/fmriachuelo.it10.com.ar\/index.php\/wp-json\/wp\/v2\/posts\/11977\/revisions"}],"wp:featuredmedia":[{"embeddable":true,"href":"http:\/\/fmriachuelo.it10.com.ar\/index.php\/wp-json\/"}],"wp:attachment":[{"href":"http:\/\/fmriachuelo.it10.com.ar\/index.php\/wp-json\/wp\/v2\/media?parent=11977"}],"wp:term":[{"taxonomy":"category","embeddable":true,"href":"http:\/\/fmriachuelo.it10.com.ar\/index.php\/wp-json\/wp\/v2\/categories?post=11977"},{"taxonomy":"post_tag","embeddable":true,"href":"http:\/\/fmriachuelo.it10.com.ar\/index.php\/wp-json\/wp\/v2\/tags?post=11977"}],"curies":[{"name":"wp","href":"https:\/\/api.w.org\/{rel}","templated":true}]}}