{"id":11964,"date":"2020-04-29T15:14:42","date_gmt":"2020-04-29T15:14:42","guid":{"rendered":"http:\/\/fmriachuelo.com.ar\/?p=11964"},"modified":"2020-04-29T15:14:42","modified_gmt":"2020-04-29T15:14:42","slug":"barracas-en-la-villa-21-24-se-estan-organizando-para-sobrellevar-esta-crisis-sanitaria","status":"publish","type":"post","link":"http:\/\/fmriachuelo.it10.com.ar\/index.php\/2020\/04\/29\/barracas-en-la-villa-21-24-se-estan-organizando-para-sobrellevar-esta-crisis-sanitaria\/","title":{"rendered":"BARRACAS: EN LA VILLA 21 24 SE ESTAN ORGANIZANDO PARA SOBRELLEVAR ESTA CRISIS SANITARIA"},"content":{"rendered":"<p><strong>[FM Riachuelo 29\/04\/2020]\u00a0Hoy en el programa Mateando en el Riachuelo (Lunes a Viernes de 10 a 11 horas por FM Riachuelo) entrevistamos a Alejandra Abregu, referente de la Corriente Clasista y Combativa de Barracas, para que nos cuente sobre el Comit\u00e9 de Emergencia que est\u00e1n armando en la Villa 21-24, quienes est\u00e1n realizando un relevamiento barrial para llegar a los adultos mayores que se encuentran en situaciones criticas. \u00a0<\/strong><\/p>\n<p>Alejandra comienza la entrevista describiendo la situaci\u00f3n critica de los barrios y nos dijo \u00abLa situaci\u00f3n es desesperante, la verdad es que no nos alcanzan las manos ni la mercader\u00eda en los comedores. Est\u00e1n totalmente desbordados los comedores y los merenderos. Ac\u00e1 muchos vecinos han empezados a hacer en sus manzanas, al ver que no se llegan con los comedores, a pedir donaciones para abrir ellos mismos merenderos para los chicos y sus familias. Nos ha excedido totalmente (&#8230;) Las familias enteras est\u00e1n pidiendo un plato de comida\u00bb.<\/p>\n<p><img loading=\"lazy\" decoding=\"async\" class=\"alignnone size-full wp-image-11973\" src=\"http:\/\/fmriachuelo.com.ar\/wp-content\/uploads\/2020\/04\/7d9b33f8-7c8e-4b02-a156-54f1a856d75a.jpg\" alt=\"\" width=\"1032\" height=\"774\" \/><\/p>\n<p>Ademas de realizar pol\u00edticas alimentarios tambi\u00e9n est\u00e1n haciendo trabajos de cuidados para los adultos mayores que se encuentran solos enfrentando esta situaci\u00f3n y expres\u00f3 \u00abDecidimos hacer un relevamiento para saber cuantos abuelos o adultos mayores de 65 a\u00f1os viven el y est\u00e1n necesitando ayuda (&#8230;) Llegamos a relevar al rededor de 1200 personas de las cuales se pudo vacunar a 980 abuelo entre 60 y 80 a\u00f1os aproximadamente. Las promotoras de salud, as\u00ed nos llamamos nosotras las que estamos en las organizaciones sociales, \u00edbamos hasta las casas de los abuelos y los acompa\u00f1\u00e1bamos con los barbijos y todas las condiciones de higiene hasta las diferentes postas del barrio para que se vacunen y despu\u00e9s los acompa\u00f1\u00e1bamos de nuevo a sus casas. Estos fueron dos d\u00edas arduos de trabajo. En el tercer d\u00eda acompa\u00f1amos a los vacunadores a que vayan a las distintas casas de los abuelos que no pod\u00edan trasladarse. Esto fue un laburo muy importante y muy duro que refleja que tanto el Gobierno y el Ministerio de Salud, no tiene en cuenta el trabajo que hacemos las promotoras de salud que es muy importante y tienen que reconocer no solo con un titulo, tambi\u00e9n nos tienen que proveer de los elementos para poder seguir trabajando\u00bb.<\/p>\n<p>Al cierre de la entrevista Alejandra comparti\u00f3 un contacto para colaborar con los comedores: \u00abSe necesita comida y leche pero tambi\u00e9n implementos de higiene como lavandina, barbijos, alcohol en gel, guantes, lo que puedan donar\u00bb. N\u00famero de tel\u00e9fono de Alejandra para el que quiera aportar 11 2597 3685<\/p>\n<p>&nbsp;<\/p>\n<p><a href=\"https:\/\/ar.radiocut.fm\/audiocut\/barracas-en-villa-21-24-se-organiza-para-sobrellevar-esta-crisis-sanitaria\/\">Escucha la entrevista completa aqu\u00ed\u00a0<\/a><\/p>\n","protected":false},"excerpt":{"rendered":"<p>[FM Riachuelo 29\/04\/2020]\u00a0Hoy en el programa Mateando en el Riachuelo (Lunes a Viernes de 10 a 11 horas por FM Riachuelo) entrevistamos a Alejandra Abregu, referente de la Corriente Clasista y Combativa de Barracas, para que nos cuente sobre el Comit\u00e9 de Emergencia que est\u00e1n armando en la Villa 21-24, quienes est\u00e1n realizando un relevamiento [&hellip;]<\/p>\n","protected":false},"author":5,"featured_media":11965,"comment_status":"closed","ping_status":"closed","sticky":false,"template":"","format":"standard","meta":{"_monsterinsights_skip_tracking":false,"_monsterinsights_sitenote_active":false,"_monsterinsights_sitenote_note":"","_monsterinsights_sitenote_category":0,"jnews-multi-image_gallery":[],"jnews_single_post":[],"jnews_primary_category":[],"_joinchat":[],"footnotes":""},"categories":[109,76,126],"tags":[],"class_list":["post-11964","post","type-post","status-publish","format-standard","has-post-thumbnail","hentry","category-salud","category-salud-comunitaria","category-soberania-alimentaria"],"_links":{"self":[{"href":"http:\/\/fmriachuelo.it10.com.ar\/index.php\/wp-json\/wp\/v2\/posts\/11964","targetHints":{"allow":["GET"]}}],"collection":[{"href":"http:\/\/fmriachuelo.it10.com.ar\/index.php\/wp-json\/wp\/v2\/posts"}],"about":[{"href":"http:\/\/fmriachuelo.it10.com.ar\/index.php\/wp-json\/wp\/v2\/types\/post"}],"author":[{"embeddable":true,"href":"http:\/\/fmriachuelo.it10.com.ar\/index.php\/wp-json\/wp\/v2\/users\/5"}],"replies":[{"embeddable":true,"href":"http:\/\/fmriachuelo.it10.com.ar\/index.php\/wp-json\/wp\/v2\/comments?post=11964"}],"version-history":[{"count":0,"href":"http:\/\/fmriachuelo.it10.com.ar\/index.php\/wp-json\/wp\/v2\/posts\/11964\/revisions"}],"wp:featuredmedia":[{"embeddable":true,"href":"http:\/\/fmriachuelo.it10.com.ar\/index.php\/wp-json\/"}],"wp:attachment":[{"href":"http:\/\/fmriachuelo.it10.com.ar\/index.php\/wp-json\/wp\/v2\/media?parent=11964"}],"wp:term":[{"taxonomy":"category","embeddable":true,"href":"http:\/\/fmriachuelo.it10.com.ar\/index.php\/wp-json\/wp\/v2\/categories?post=11964"},{"taxonomy":"post_tag","embeddable":true,"href":"http:\/\/fmriachuelo.it10.com.ar\/index.php\/wp-json\/wp\/v2\/tags?post=11964"}],"curies":[{"name":"wp","href":"https:\/\/api.w.org\/{rel}","templated":true}]}}