{"id":11948,"date":"2020-04-27T22:39:01","date_gmt":"2020-04-27T22:39:01","guid":{"rendered":"http:\/\/fmriachuelo.com.ar\/?p=11948"},"modified":"2020-04-27T22:39:01","modified_gmt":"2020-04-27T22:39:01","slug":"reabre-sus-puertas-la-fundacion-casasan-como-comedor-comunitario","status":"publish","type":"post","link":"http:\/\/fmriachuelo.it10.com.ar\/index.php\/2020\/04\/27\/reabre-sus-puertas-la-fundacion-casasan-como-comedor-comunitario\/","title":{"rendered":"Reabre sus puertas la fundaci\u00f3n CasaSan como comedor comunitario"},"content":{"rendered":"<p><strong>[FM Riachuelo 27\/04\/2020] CasaSan, fundaci\u00f3n del barrio de La Boca, destinada a actividades recreativas, hoy abre sus puertas como un comedor comunitario, atendiendo a la emergencia alimentaria.<\/strong><\/p>\n<p>Con la extensi\u00f3n de la cuarentena, se evidencian las desigualdades econ\u00f3micas y lo dif\u00edcil que es, para muchas familias, poder cubrir una necesidad tan b\u00e1sica como la alimentaci\u00f3n. CasaSan fue fundada por Mercedes, a parir de la perdida de su hijo por la droga. La fundaci\u00f3n siempre ofreci\u00f3 actividades gratuitas a les pibes del barrio y hoy, abre sus puertas, como comedor.<\/p>\n<p>En Rompe el Cerco Informativo (lunes a viernes a las 18hs) compartirmos un informe especial sobre el espacio: <em><strong>\u00abMuchas personas tienen la necesidad de ir a un lugar y que les den un plato de comida, porque en realidad es muy dif\u00edcil la situaci\u00f3n que estamos pasando todos. Al ver que en La Boca hab\u00eda hambre, no nos pod\u00edamos quedar quietos\u00bb\u00a0<\/strong><\/em>dice su fundadora.<\/p>\n<p>El espacio funciona de lunes a viernes de 16 a 17 hs, con olla popular los martes y los viernes 19 hs, en Olavarr\u00eda 815.<\/p>\n<p><a href=\"https:\/\/radiocut.fm\/audiocut\/reabre-sus-puertas-fundacion-casasan-como-comedor-comunitario\/\">Escucha el informe completo<\/a><\/p>\n","protected":false},"excerpt":{"rendered":"<p>[FM Riachuelo 27\/04\/2020] CasaSan, fundaci\u00f3n del barrio de La Boca, destinada a actividades recreativas, hoy abre sus puertas como un comedor comunitario, atendiendo a la emergencia alimentaria. Con la extensi\u00f3n de la cuarentena, se evidencian las desigualdades econ\u00f3micas y lo dif\u00edcil que es, para muchas familias, poder cubrir una necesidad tan b\u00e1sica como la alimentaci\u00f3n. [&hellip;]<\/p>\n","protected":false},"author":5,"featured_media":11949,"comment_status":"closed","ping_status":"closed","sticky":false,"template":"","format":"standard","meta":{"_monsterinsights_skip_tracking":false,"_monsterinsights_sitenote_active":false,"_monsterinsights_sitenote_note":"","_monsterinsights_sitenote_category":0,"jnews-multi-image_gallery":[],"jnews_single_post":[],"jnews_primary_category":[],"_joinchat":[],"footnotes":""},"categories":[78,109,76],"tags":[],"class_list":["post-11948","post","type-post","status-publish","format-standard","has-post-thumbnail","hentry","category-economia-popular","category-salud","category-salud-comunitaria"],"_links":{"self":[{"href":"http:\/\/fmriachuelo.it10.com.ar\/index.php\/wp-json\/wp\/v2\/posts\/11948","targetHints":{"allow":["GET"]}}],"collection":[{"href":"http:\/\/fmriachuelo.it10.com.ar\/index.php\/wp-json\/wp\/v2\/posts"}],"about":[{"href":"http:\/\/fmriachuelo.it10.com.ar\/index.php\/wp-json\/wp\/v2\/types\/post"}],"author":[{"embeddable":true,"href":"http:\/\/fmriachuelo.it10.com.ar\/index.php\/wp-json\/wp\/v2\/users\/5"}],"replies":[{"embeddable":true,"href":"http:\/\/fmriachuelo.it10.com.ar\/index.php\/wp-json\/wp\/v2\/comments?post=11948"}],"version-history":[{"count":0,"href":"http:\/\/fmriachuelo.it10.com.ar\/index.php\/wp-json\/wp\/v2\/posts\/11948\/revisions"}],"wp:featuredmedia":[{"embeddable":true,"href":"http:\/\/fmriachuelo.it10.com.ar\/index.php\/wp-json\/"}],"wp:attachment":[{"href":"http:\/\/fmriachuelo.it10.com.ar\/index.php\/wp-json\/wp\/v2\/media?parent=11948"}],"wp:term":[{"taxonomy":"category","embeddable":true,"href":"http:\/\/fmriachuelo.it10.com.ar\/index.php\/wp-json\/wp\/v2\/categories?post=11948"},{"taxonomy":"post_tag","embeddable":true,"href":"http:\/\/fmriachuelo.it10.com.ar\/index.php\/wp-json\/wp\/v2\/tags?post=11948"}],"curies":[{"name":"wp","href":"https:\/\/api.w.org\/{rel}","templated":true}]}}