{"id":1193,"date":"2014-03-20T05:04:00","date_gmt":"2014-03-20T05:04:00","guid":{"rendered":"http:\/\/fmriachuelo.observatorioess.org.ar\/index.php\/2014\/03\/20\/marcha-corriente-villera-19-de-marzo-de-2014\/"},"modified":"2025-02-19T16:48:40","modified_gmt":"2025-02-19T19:48:40","slug":"marcha-corriente-villera-19-de-marzo-de-2014","status":"publish","type":"post","link":"http:\/\/fmriachuelo.it10.com.ar\/index.php\/2014\/03\/20\/marcha-corriente-villera-19-de-marzo-de-2014\/","title":{"rendered":"MARCHA CORRIENTE VILLERA &#8211; 19 DE MARZO DE 2014"},"content":{"rendered":"<div style=\"margin: 0.1pt 0cm;text-align: left\">\n<div style=\"text-align: right\"><span style=\"background-color: white\"><span style=\"font-size: x-small\"><span style=\"font-family: Verdana,sans-serif\"><i>19 de marzo de 2014 <\/i><\/span><\/span><\/span><span style=\"font-size: large\"><span style=\"font-family: Verdana,sans-serif\"><b><span lang=\"EN-US\" style=\"color: red\"><br \/><\/span><\/b><\/span><\/span><\/div>\n<p><span style=\"font-size: large\"><span style=\"font-family: Verdana,sans-serif\"><b><span lang=\"EN-US\" style=\"color: red\">\u00a1\u00a1\u00a1Macri, Exigimos nuestro derecho a vivir en la ciudad!!!<\/span><\/b><\/span><\/span><\/div>\n<div style=\"text-align: left\"><span style=\"font-size: small\"><span style=\"font-family: Verdana,sans-serif\"><\/span><\/span><br \/><span style=\"font-size: small\"><span style=\"font-family: Verdana,sans-serif\"><\/span><\/span><\/div>\n<div style=\"text-align: left\"><span style=\"font-size: small\"><span style=\"font-family: Verdana,sans-serif\">Con esta consigna<b> <\/b>un gran n\u00famero de <b>Organizaciones Sociales marcharon ayer,&nbsp; mi\u00e9rcoles 19 de marzo,<\/b> desde el Obelisco a la Jefatura de Gobierno de la Ciudad de Buenos Aires.<\/span><\/span><\/div>\n<div style=\"text-align: left\"><span style=\"font-size: small\"><span style=\"font-family: Verdana,sans-serif\">En respuesta a las excluyentes pol\u00edticas del gobierno macrista que le han dicho no a la urbanizaci\u00f3n de las villas, <b>el pueblo, v\u00edctima de la mercantilizaci\u00f3n de un derecho escencial, se organiza y lucha:<\/b> resiste as\u00ed activamente a los m\u00faltiples desalojos. &nbsp;<\/span><\/span><\/div>\n<div style=\"text-align: left\"><span style=\"font-size: small\"><span style=\"font-family: Verdana,sans-serif\"><\/span><\/span><br \/><span style=\"font-size: small\"><span style=\"font-family: Verdana,sans-serif\"><img loading=\"lazy\" decoding=\"async\" alt=\"Imagen integrada 4\" height=\"263\" src=\"https:\/\/mail.google.com\/mail\/u\/0\/?ui=2&amp;ik=9ef5d22c51&amp;view=att&amp;th=144dfca0aad7ce38&amp;attid=0.1&amp;disp=emb&amp;realattid=ii_144dfbfd4e534c78&amp;zw&amp;atsh=1\" width=\"400\" \/><\/span><\/span><br \/><span style=\"font-size: small\"><span style=\"font-family: Verdana,sans-serif\"><\/span><\/span><\/div>\n<div style=\"text-align: left\"><\/div>\n<div style=\"text-align: left\"><span style=\"font-size: small\"><span style=\"font-family: Verdana,sans-serif\">La ciudad m\u00e1s rica y m\u00e1s desigual de la Argentina. <b>Medio mill\u00f3n de personas en emergencia <\/b>habitacional. Hace m\u00e1s de 50 a\u00f1os que no crece la poblaci\u00f3n de la CABA: no llegamos a 3 millones de personas. <b>Lo que crece es la brecha:<\/b> la diferencia entre los que m\u00e1s tienen y los que menos tienen <b>es la m\u00e1s cruda, la m\u00e1s indigna.<\/b><\/span><\/span><\/div>\n<div style=\"text-align: left\"><\/div>\n<div style=\"text-align: left\"><span style=\"font-size: small\"><span style=\"font-family: Verdana,sans-serif\"><br \/><\/span><\/span><\/div>\n<div style=\"text-align: left\"><span style=\"font-size: small\"><span style=\"font-family: Verdana,sans-serif\"><b>No puede haber paz social si no se resuelve el problema de la vivenda.<\/b> Nadie puede negar la cantidad de casas suntuosas que se construyen a diario que sin ser habitadas, s\u00f3lo son utilizadas para acumular y especular.&nbsp; Construidas con dinero de dudosa procedencia. Opulencia insultante para cualquier ser humano que genera rabia en nuestros j\u00f3venes que como dice el <b>Papa Francisco,&nbsp; necesitan una casa para construir su familia.<\/b><br \/>Mientras tanto&nbsp; las barriadas de trabajadores estan cada vez m\u00e1s empobrecidas.<\/span><\/span><\/div>\n<div style=\"text-align: left\"><span style=\"font-size: small\"><span style=\"font-family: Verdana,sans-serif\"><br \/><\/span><\/span><\/div>\n<div style=\"text-align: left\"><span style=\"font-size: small\"><span style=\"font-family: Verdana,sans-serif\">Un jefe de gobierno que construye un modelo de vivienda que excluye.<\/span><\/span><\/div>\n<div style=\"text-align: left\"><span style=\"font-size: small\"><span style=\"font-family: Verdana,sans-serif\">Una fuerza de seguridad como la Metropolitana que reprime.<\/span><\/span><\/div>\n<div style=\"text-align: left\"><span style=\"font-size: small\"><span style=\"font-family: Verdana,sans-serif\">Administracion gerencial que pretende extender este modo de gesti\u00f3n a todo el pa\u00eds.<\/span><\/span><\/div>\n<div style=\"text-align: left\"><span style=\"font-size: small\"><span style=\"font-family: Verdana,sans-serif\"><b><span lang=\"EN-US\" style=\"background: none repeat scroll 0% 0% lime\"><br \/><\/span><\/b><b><\/b>En respuesta a las excluyentes pol\u00edticas del gobierno macrista que le han dicho no a la urbanizaci\u00f3n de las villas, <b>el pueblo, v\u00edctima de la mercantilizaci\u00f3n de un derecho escencial, se organiza y lucha:<\/b> resiste as\u00ed activamente a los m\u00faltiples desalojos. &nbsp;<\/span><\/span><\/div>\n<div style=\"text-align: left\"><\/div>\n<div style=\"text-align: left\"><span style=\"font-size: small\"><span style=\"font-family: Verdana,sans-serif\"><b>\u201cPedimos que no se criminalice la protesta y no sean procesados quienes justamente luchan por los derechos m\u00e1s elementales\u201d, repet\u00edan los participantes.<\/b><\/span><\/span><\/div>\n<div style=\"text-align: left\"><span style=\"font-size: small\"><span style=\"font-family: Verdana,sans-serif\"><b> <\/b><\/span><\/span><\/div>\n<div style=\"text-align: left\"><span style=\"font-size: small\"><span style=\"font-family: Verdana,sans-serif\"><b>\u201cQueremos un plan integral de viviendas\u201d<\/b><\/span><\/span><\/div>\n<div style=\"text-align: left\"><span style=\"font-size: small\"><span style=\"font-family: Verdana,sans-serif\"><b><br \/><\/b><\/span><\/span><\/div>\n<div style=\"text-align: left\"><span style=\"font-size: small\"><span style=\"font-family: Verdana,sans-serif\"><b><\/b><\/span><\/span><\/div>\n<div style=\"text-align: left\"><span style=\"font-size: small\"><span style=\"font-family: Verdana,sans-serif\"><b><\/b><\/span><\/span><\/div>\n<div style=\"text-align: left\"><span style=\"font-size: small\"><span style=\"font-family: Verdana,sans-serif\"><b><img loading=\"lazy\" decoding=\"async\" alt=\"Imagen integrada 5\" height=\"263\" src=\"https:\/\/mail.google.com\/mail\/u\/0\/?ui=2&amp;ik=9ef5d22c51&amp;view=att&amp;th=144dfca0aad7ce38&amp;attid=0.3&amp;disp=emb&amp;realattid=ii_144dfc596e444dd9&amp;zw&amp;atsh=1\" width=\"400\" \/><\/b><br \/><b><span><\/span><\/b><\/span><\/span><\/div>\n<div style=\"text-align: left\"><\/div>\n<div style=\"text-align: left\"><span style=\"font-size: small\"><span style=\"font-family: Verdana,sans-serif\"><b><span lang=\"EN-US\">Fm<\/span><span lang=\"EN-US\"> <span>Riachuelo<\/span><\/span><\/b><span lang=\"EN-US\"> recogi\u00f3 los testimonios de:<\/p>\n<p><\/span><\/span><\/span><\/div>\n<div style=\"text-align: left\"><span style=\"font-size: small\"><span style=\"font-family: Verdana,sans-serif\"><i><b><a href=\"http:\/\/www.divshare.com\/download\/25316723-297\" target=\"_blank\" rel=\"noopener\"><span lang=\"EN-US\">Coco Rivero &#8211; Villa 21-24 &#8211; Corriente Villera Independiente<\/span><\/a><\/b><\/i><\/span><\/span><\/div>\n<div style=\"text-align: left\"><span style=\"font-size: small\"><span style=\"font-family: Verdana,sans-serif\"><span lang=\"EN-US\"><i><b><a href=\"http:\/\/www.divshare.com\/download\/25316723-297\" target=\"_blank\" rel=\"noopener\">\u00abExigimos a Macri que comience la urbanizaci\u00f3n on radicaci\u00f3n\u00bb<\/a><\/b><\/i><\/span><\/span><\/span><\/div>\n<div style=\"text-align: left\"><span style=\"font-size: small\"><span style=\"font-family: Verdana,sans-serif\"><br \/><span lang=\"EN-US\"><\/span><\/span><\/span><\/div>\n<div style=\"text-align: left\"><span style=\"font-size: small\"><span style=\"font-family: Verdana,sans-serif\"><i><b><a href=\"http:\/\/www.divshare.com\/download\/25316734-b3f\" target=\"_blank\" rel=\"noopener\"><span lang=\"EN-US\">Lito Borello O.S. yP. Los Pibes<\/span><\/a><\/b><\/i><\/span><\/span><\/div>\n<div style=\"text-align: left\"><span style=\"font-size: small\"><span style=\"font-family: Verdana,sans-serif\"><a href=\"http:\/\/www.divshare.com\/download\/25316734-b3f\" target=\"_blank\" rel=\"noopener\"><span lang=\"EN-US\"><i><b>\u00abEs imprescindible que se declare la Emergencia Habitacional\u00bb<\/b><\/i><\/span><\/a><\/span><\/span><\/div>\n<div style=\"text-align: left\"><span style=\"font-size: small\"><span><a href=\"http:\/\/www.divshare.com\/download\/25316746-90d\" target=\"_blank\" rel=\"noopener\"><br \/><span lang=\"EN-US\"><\/span><\/a><\/span><\/span><\/div>\n<div style=\"text-align: left\"><span style=\"font-size: small\"><span style=\"font-family: Verdana,sans-serif\"><i><b><a href=\"http:\/\/www.divshare.com\/download\/25316746-90d\" target=\"_blank\" rel=\"noopener\"><span lang=\"EN-US\">Dar\u00edo Rodr\u00edguez F.U.C.V.A.M. &#8211; Uruguay<\/span><\/a><\/b><\/i><\/span><\/span><\/div>\n<div style=\"text-align: left\"><span style=\"font-size: small\"><span style=\"font-family: Verdana,sans-serif\"><a href=\"http:\/\/www.divshare.com\/download\/25316734-b3f\" target=\"_blank\" rel=\"noopener\"><span lang=\"EN-US\"><\/span><\/a><i><b><a href=\"http:\/\/www.divshare.com\/download\/25316746-90d\" target=\"_blank\" rel=\"noopener\">\u00abEn la calle es donde se logran los objetivos\u00bb<\/a><\/b><\/i><\/span><\/span><\/div>\n<div style=\"text-align: left\"><span style=\"font-size: small\"><span style=\"font-family: Verdana,sans-serif\"><a href=\"http:\/\/www.divshare.com\/download\/25316749-38b\" target=\"_blank\" rel=\"noopener\"><br \/><span lang=\"EN-US\"><\/span><\/a><\/span><\/span><\/div>\n<div style=\"text-align: left\"><span style=\"font-size: small\"><span style=\"font-family: Verdana,sans-serif\"><a href=\"http:\/\/www.divshare.com\/download\/25316749-38b\" target=\"_blank\" rel=\"noopener\"><span lang=\"EN-US\"><i><b>Estela Maris Vega &#8211; Zabaleta<\/b><\/i><\/span><\/a><\/span><\/span><\/div>\n<div style=\"text-align: left\"><span style=\"font-size: small\"><span style=\"font-family: Verdana,sans-serif\"><a href=\"http:\/\/www.divshare.com\/download\/25316734-b3f\" target=\"_blank\" rel=\"noopener\"><span lang=\"EN-US\"><i><b>\u00abTenemos un gobierno que no escucha, no ve y no camina la Ciudad\u00bb<\/b><\/i><\/span><\/a><\/span><\/span><\/div>\n","protected":false},"excerpt":{"rendered":"<p>19 de marzo de 2014 \u00a1\u00a1\u00a1Macri, Exigimos nuestro derecho a vivir en la ciudad!!! Con esta consigna un gran n\u00famero de Organizaciones Sociales marcharon ayer,&nbsp; mi\u00e9rcoles 19 de marzo, desde el Obelisco a la Jefatura de Gobierno de la Ciudad de Buenos Aires. En respuesta a las excluyentes pol\u00edticas del gobierno macrista que le han [&hellip;]<\/p>\n","protected":false},"author":4,"featured_media":0,"comment_status":"open","ping_status":"open","sticky":false,"template":"","format":"standard","meta":{"_monsterinsights_skip_tracking":false,"_monsterinsights_sitenote_active":false,"_monsterinsights_sitenote_note":"","_monsterinsights_sitenote_category":0,"jnews-multi-image_gallery":[],"jnews_single_post":{"format":"standard"},"jnews_primary_category":[],"_joinchat":[],"footnotes":""},"categories":[58],"tags":[147],"class_list":["post-1193","post","type-post","status-publish","format-standard","hentry","category-noticiariachuelo","tag-habitat"],"_links":{"self":[{"href":"http:\/\/fmriachuelo.it10.com.ar\/index.php\/wp-json\/wp\/v2\/posts\/1193","targetHints":{"allow":["GET"]}}],"collection":[{"href":"http:\/\/fmriachuelo.it10.com.ar\/index.php\/wp-json\/wp\/v2\/posts"}],"about":[{"href":"http:\/\/fmriachuelo.it10.com.ar\/index.php\/wp-json\/wp\/v2\/types\/post"}],"author":[{"embeddable":true,"href":"http:\/\/fmriachuelo.it10.com.ar\/index.php\/wp-json\/wp\/v2\/users\/4"}],"replies":[{"embeddable":true,"href":"http:\/\/fmriachuelo.it10.com.ar\/index.php\/wp-json\/wp\/v2\/comments?post=1193"}],"version-history":[{"count":1,"href":"http:\/\/fmriachuelo.it10.com.ar\/index.php\/wp-json\/wp\/v2\/posts\/1193\/revisions"}],"predecessor-version":[{"id":21658,"href":"http:\/\/fmriachuelo.it10.com.ar\/index.php\/wp-json\/wp\/v2\/posts\/1193\/revisions\/21658"}],"wp:attachment":[{"href":"http:\/\/fmriachuelo.it10.com.ar\/index.php\/wp-json\/wp\/v2\/media?parent=1193"}],"wp:term":[{"taxonomy":"category","embeddable":true,"href":"http:\/\/fmriachuelo.it10.com.ar\/index.php\/wp-json\/wp\/v2\/categories?post=1193"},{"taxonomy":"post_tag","embeddable":true,"href":"http:\/\/fmriachuelo.it10.com.ar\/index.php\/wp-json\/wp\/v2\/tags?post=1193"}],"curies":[{"name":"wp","href":"https:\/\/api.w.org\/{rel}","templated":true}]}}