{"id":11924,"date":"2020-04-24T23:19:51","date_gmt":"2020-04-24T23:19:51","guid":{"rendered":"http:\/\/fmriachuelo.com.ar\/?p=11924"},"modified":"2020-04-24T23:19:51","modified_gmt":"2020-04-24T23:19:51","slug":"11924","status":"publish","type":"post","link":"http:\/\/fmriachuelo.it10.com.ar\/index.php\/2020\/04\/24\/11924\/","title":{"rendered":"CORONAVIRUS EN LA VILLA 31: \u00bfEL GCBA DONDE EST\u00c1?"},"content":{"rendered":"<p><strong>[FM Riachuelo 24\/04\/2020] En el programa de la FM Riachuelo \u00abRompe el Cerco Informativo\u00bb (lunes a viernes de 18 a 19 hs.), conversamos con Lilian Andrade, vecina de la Villa 31 e integrante de la Garganta Poderosa, sobre el estado del barrio a partir de la confirmaci\u00f3n de un nuevo caso de COVID-19 y el abandono por parte del GCBA ante esta situaci\u00f3n de crisis.<\/strong><\/p>\n<p>Una nueva denuncia se hace o\u00edr ante la ausencia de pol\u00edticas estatales que no toma en cuenta la realidad de los territorios m\u00e1s postergados de la Ciudad m\u00e1s rica y m\u00e1s desigual del pa\u00eds: \u00abEstamos todos preocupados, no solamente por estos nuevos casos sino por las medidas que se est\u00e1n tomando, para qui\u00e9nes a\u00fan no se han contagiado. A la espera de conocer cu\u00e1l es el plan para las personas que con suerte logran llegar a una mayor\u00eda de edad. Y digo con suerte porque hoy en d\u00eda en el territorio es dif\u00edcil llegar a ser una persona mayor, m\u00e1s a\u00fan para las persona m\u00e1s vulnerables que est\u00e1n en situaci\u00f3n de mayor riesgo como las personas con discapacidad, con problemas respiratorios u otro tipo de enfermedades. As\u00ed que nos encontramos a la espera de una respuesta.\u00bb<\/p>\n<p>Adem\u00e1s la entrevistada recuerda a los oyentes que los problemas en el territorio son estructurales y que las pol\u00edticas que se est\u00e1n adoptando en este contexto no los contienen: \u00abEstamos de acuerdo con las medidas que se est\u00e1n tomando para la prevenci\u00f3n del contagio del Coronavirus. Pero tambi\u00e9n hay que recordar que no son suficientes para adentro de los barrios populares porque no es la misma realidad, ni tampoco son las mismas circunstancias o situaciones que se da. Entonces necesitamos medidas que se adapten para adentro de los barrios y las villas. El caso de la vecina contagiada lamentablemente no es excepcional. Se ven casos donde viven 10 o m\u00e1s personas hacinadas en una habitaci\u00f3n, la mayor\u00eda del barrio comparte entre familias un s\u00f3lo ba\u00f1o. El caso de la vecina contagiada es uno de tantos. Entonces lo que nos preguntamos realmente es: qu\u00e9 es lo se est\u00e1 haciendo para abordar esta situaci\u00f3n? Tambi\u00e9n para pensar en todas la medidas a tomar ante esta pandemia tenemos que pensar en todes como las personas con discapacidad, los grupos de factor de riesgo, los que viven con problemas habitacionales, entre otros.\u00bb<\/p>\n<p>El problema habitacional que impide a los vecinos del barrio cumplir con la cuarentena obligatoria se manifiesta desde muchas aristas, es por eso que la compa\u00f1era menciona la invisibilizaci\u00f3n que existe hacia las condiciones en que se vive por parte del poder pol\u00edtico: \u00abExisten otros problemas: nos llaman desde el Gobierno de la ciudad y nos dicen que nos lavemos las manos, que usemos alcohol en gel. Eso que obviamente deber\u00eda de suceder, pero no podemos garantizarlo si no tenemos agua durante varios d\u00edas. Si no tenemos agua para sobrevivir, \u00bfc\u00f3mo nos vamos a lavar las manos? Si no tenemos luz durante varios d\u00edas o semanas incluso, \u00bfc\u00f3mo vamos a cargar el agua? Esto obviamente deriva en un mont\u00f3n de situaciones m\u00e1s. Si nosotros no tenemos agua durante mucho tiempo, tenemos que cargar agua y acumularla. Esto deviene en otro peligro que es el Dengue, una enfermedad que tiene much\u00edsimos casos en la Ciudad y tambi\u00e9n en el pa\u00eds. Es otro peligro que corremos en las barriadas populares.\u00bb<\/p>\n<p>Lilian destaca tambi\u00e9n la urgencia del hambre siempre presente en una realidad tan adversa y m\u00e1s a\u00fan en contextos de crisis: \u00abAlgo que se exige b\u00e1sico es la comida. Hoy en d\u00eda los comedores, ni siquiera s\u00f3lo ac\u00e1 en la 31, sino a nivel nacional han incrementado la demanda cerca del triple. Hoy en d\u00eda los comedores est\u00e1n haciendo b\u00e1sicamente magia para poder abarcar toda la necesidad de comida que hay en los territorios. Se est\u00e1n armando ollas populares todos los d\u00edas. Hay un mont\u00f3n de vecinos y vecinas que se est\u00e1n poniendo al hombro eso, teniendo en cuenta que tambi\u00e9n se ven expuestos. Y es importante destacar que no es menor que somos siempre las mujeres las que estamos levantando las ollas, las que se pasan horas y horas en una cocina o muchas preparando un mont\u00f3n de ollas. Ac\u00e1 en el comedor Gustavo Corti\u00f1as se est\u00e1n preparando 7 ollas de comida por d\u00eda. Algo b\u00e1sico que se pide es que los comedores tengan las raciones necesarias para poder brindarle a todas las personas un plato de comida b\u00e1sico en su casa.\u00bb<\/p>\n<p>A\u00fan ante este complejo panorama con el que debe lidiar la comunidad organizada, Lilian afirma que es la organizaci\u00f3n la que se hace presente para solucionar cualquier situaci\u00f3n: \u00abCuando nos enteramos del caso, desde la organizaci\u00f3n popular nos acercamos a brindar contenci\u00f3n no s\u00f3lo a la vecina, sino a la familia y vecinos circundantes. Contenci\u00f3n psicol\u00f3gica, pero tambi\u00e9n desde lo alimentario.\u00bb<\/p>\n<p>&nbsp;<\/p>\n<p>Escucha la entrevista completa ac\u00e1:<\/p>\n<p><a href=\"https:\/\/radiocut.fm\/audiocut\/coronavirus-en-villa-31-gcba-donde-esta\/\">https:\/\/radiocut.fm\/audiocut\/coronavirus-en-villa-31-gcba-donde-esta\/<\/a><\/p>\n<p>&nbsp;<\/p>\n","protected":false},"excerpt":{"rendered":"<p>[FM Riachuelo 24\/04\/2020] En el programa de la FM Riachuelo \u00abRompe el Cerco Informativo\u00bb (lunes a viernes de 18 a 19 hs.), conversamos con Lilian Andrade, vecina de la Villa 31 e integrante de la Garganta Poderosa, sobre el estado del barrio a partir de la confirmaci\u00f3n de un nuevo caso de COVID-19 y el [&hellip;]<\/p>\n","protected":false},"author":5,"featured_media":11928,"comment_status":"closed","ping_status":"closed","sticky":false,"template":"","format":"standard","meta":{"_monsterinsights_skip_tracking":false,"_monsterinsights_sitenote_active":false,"_monsterinsights_sitenote_note":"","_monsterinsights_sitenote_category":0,"jnews-multi-image_gallery":[],"jnews_single_post":[],"jnews_primary_category":[],"_joinchat":[],"footnotes":""},"categories":[78,76],"tags":[],"class_list":["post-11924","post","type-post","status-publish","format-standard","has-post-thumbnail","hentry","category-economia-popular","category-salud-comunitaria"],"_links":{"self":[{"href":"http:\/\/fmriachuelo.it10.com.ar\/index.php\/wp-json\/wp\/v2\/posts\/11924","targetHints":{"allow":["GET"]}}],"collection":[{"href":"http:\/\/fmriachuelo.it10.com.ar\/index.php\/wp-json\/wp\/v2\/posts"}],"about":[{"href":"http:\/\/fmriachuelo.it10.com.ar\/index.php\/wp-json\/wp\/v2\/types\/post"}],"author":[{"embeddable":true,"href":"http:\/\/fmriachuelo.it10.com.ar\/index.php\/wp-json\/wp\/v2\/users\/5"}],"replies":[{"embeddable":true,"href":"http:\/\/fmriachuelo.it10.com.ar\/index.php\/wp-json\/wp\/v2\/comments?post=11924"}],"version-history":[{"count":0,"href":"http:\/\/fmriachuelo.it10.com.ar\/index.php\/wp-json\/wp\/v2\/posts\/11924\/revisions"}],"wp:featuredmedia":[{"embeddable":true,"href":"http:\/\/fmriachuelo.it10.com.ar\/index.php\/wp-json\/"}],"wp:attachment":[{"href":"http:\/\/fmriachuelo.it10.com.ar\/index.php\/wp-json\/wp\/v2\/media?parent=11924"}],"wp:term":[{"taxonomy":"category","embeddable":true,"href":"http:\/\/fmriachuelo.it10.com.ar\/index.php\/wp-json\/wp\/v2\/categories?post=11924"},{"taxonomy":"post_tag","embeddable":true,"href":"http:\/\/fmriachuelo.it10.com.ar\/index.php\/wp-json\/wp\/v2\/tags?post=11924"}],"curies":[{"name":"wp","href":"https:\/\/api.w.org\/{rel}","templated":true}]}}