{"id":1191,"date":"2014-04-03T04:57:00","date_gmt":"2014-04-03T04:57:00","guid":{"rendered":"http:\/\/fmriachuelo.observatorioess.org.ar\/index.php\/2014\/04\/03\/nuevamente-el-desalojo-amenaza-a-los-trabajadores\/"},"modified":"2025-02-19T16:51:54","modified_gmt":"2025-02-19T19:51:54","slug":"nuevamente-el-desalojo-amenaza-a-los-trabajadores","status":"publish","type":"post","link":"http:\/\/fmriachuelo.it10.com.ar\/index.php\/2014\/04\/03\/nuevamente-el-desalojo-amenaza-a-los-trabajadores\/","title":{"rendered":"NUEVAMENTE EL DESALOJO AMENAZA A LOS TRABAJADORES"},"content":{"rendered":"<div style=\"text-align: left\"><span style=\"font-size: large\"><b><span><\/span><\/b><span style=\"font-family: Verdana,sans-serif\"><b><span style=\"color: red\">\u00a1\u00a1\u00a1El Bauen en peligro!!!!<\/span><\/b><\/span><\/span><\/div>\n<div style=\"text-align: left\"><span style=\"font-size: small\"><span style=\"font-family: Verdana,sans-serif\"><br \/><b><span style=\"color: red\"><\/span><\/b><\/span><\/span><\/div>\n<div style=\"text-align: left\"><span style=\"font-size: small\"><span style=\"font-family: Verdana,sans-serif\"><b>El BAUEN Cooperativa de Trabajo el viernes pr\u00f3ximo pasado recibi\u00f3 una nueva intimaci\u00f3n judicial para su desalojo.<\/b> La misma orden que fue emitida en julio de 2007 se ha reactivado <b>y ya no permite ninguna otra apelaci\u00f3n judicial,<\/b> favoreciendo a los poderes concentrados que en alianza con la justicia ser\u00eda favorecido con la restituci\u00f3n de una propiedad pese a las maniobras fraudulentas debidamente probadas. <br \/><\/span><\/span> <\/div>\n<div style=\"text-align: left\"><span style=\"font-size: small\"><span style=\"font-family: Verdana,sans-serif\"><b>Los trabajadores del Hotel BAUEN llevaron adelante la una de las primeras experiencias<\/b> que nos mostr\u00f3 que <b>la autogesti\u00f3n es una alternativa posible frente al desempleo.<\/b> Su trabajo es el emblema de la lucha de los trabajadores por recuperar la dignidad con una experiencia exitosa que permiti\u00f3 sostenerse e ir incorporando nuevos compa\u00f1eros al emprendimiento. <br \/><\/span><\/span> <\/div>\n<div style=\"text-align: left\"><span style=\"font-size: small\"><span style=\"font-family: Verdana,sans-serif\">Despu\u00e9s de <b>11 a\u00f1os ininterrumpidos de trabajo<\/b> hoy se busca eliminar esta experiencia para favorecer a los intereses concentrados que con maniobras espurias se han aliado a la justicia. <br \/><\/span><\/span> <\/div>\n<div style=\"text-align: left\"><span style=\"font-size: small\"><span style=\"font-family: Verdana,sans-serif\"><b>Los trabajadores reclaman la intervenci\u00f3n del Estado Nacional y de todo el arco pol\u00edtico<\/b> para que se reconozca su lucha y su trabajo a trav\u00e9s de una expropiaci\u00f3n por el inter\u00e9s social que representa.<\/span><\/span><\/div>\n<div style=\"text-align: left\"><\/div>\n<div style=\"text-align: left\"><span style=\"font-size: small\"><span style=\"font-family: Verdana,sans-serif\"><b>FM RIACHUELO <\/b>dialog\u00f3 con <b>Marcelo Ruarte<\/b>, ex presidente y fundador de la Cooperativa.<\/span><\/span><\/div>\n<div style=\"text-align: left\"><\/div>\n<div style=\"text-align: left\"><span style=\"font-size: small\"><span style=\"font-family: Verdana,sans-serif\"><span>A continuaci\u00f3n los audios de la entrevista realizada.<\/span><span> <\/span>   <\/span><\/span><br \/><span style=\"font-size: small\"><span style=\"font-family: Verdana,sans-serif\"><\/span><\/span><br \/><span style=\"font-size: small\"><span style=\"font-family: Verdana,sans-serif\"><\/span><\/span><\/div>\n<div style=\"text-align: left\"><span style=\"font-size: small\"><span style=\"font-family: Verdana,sans-serif\"><a href=\"http:\/\/www.divshare.com\/download\/25368607-0e7\" target=\"_blank\" rel=\"noopener\">MARCELO RUARTE<\/a><\/span><\/span><\/div>\n","protected":false},"excerpt":{"rendered":"<p>\u00a1\u00a1\u00a1El Bauen en peligro!!!! El BAUEN Cooperativa de Trabajo el viernes pr\u00f3ximo pasado recibi\u00f3 una nueva intimaci\u00f3n judicial para su desalojo. La misma orden que fue emitida en julio de 2007 se ha reactivado y ya no permite ninguna otra apelaci\u00f3n judicial, favoreciendo a los poderes concentrados que en alianza con la justicia ser\u00eda favorecido [&hellip;]<\/p>\n","protected":false},"author":4,"featured_media":0,"comment_status":"open","ping_status":"open","sticky":false,"template":"","format":"standard","meta":{"_monsterinsights_skip_tracking":false,"_monsterinsights_sitenote_active":false,"_monsterinsights_sitenote_note":"","_monsterinsights_sitenote_category":0,"jnews-multi-image_gallery":[],"jnews_single_post":{"format":"standard"},"jnews_primary_category":[],"_joinchat":[],"footnotes":""},"categories":[58],"tags":[148],"class_list":["post-1191","post","type-post","status-publish","format-standard","hentry","category-noticiariachuelo","tag-trabajo"],"_links":{"self":[{"href":"http:\/\/fmriachuelo.it10.com.ar\/index.php\/wp-json\/wp\/v2\/posts\/1191","targetHints":{"allow":["GET"]}}],"collection":[{"href":"http:\/\/fmriachuelo.it10.com.ar\/index.php\/wp-json\/wp\/v2\/posts"}],"about":[{"href":"http:\/\/fmriachuelo.it10.com.ar\/index.php\/wp-json\/wp\/v2\/types\/post"}],"author":[{"embeddable":true,"href":"http:\/\/fmriachuelo.it10.com.ar\/index.php\/wp-json\/wp\/v2\/users\/4"}],"replies":[{"embeddable":true,"href":"http:\/\/fmriachuelo.it10.com.ar\/index.php\/wp-json\/wp\/v2\/comments?post=1191"}],"version-history":[{"count":1,"href":"http:\/\/fmriachuelo.it10.com.ar\/index.php\/wp-json\/wp\/v2\/posts\/1191\/revisions"}],"predecessor-version":[{"id":21660,"href":"http:\/\/fmriachuelo.it10.com.ar\/index.php\/wp-json\/wp\/v2\/posts\/1191\/revisions\/21660"}],"wp:attachment":[{"href":"http:\/\/fmriachuelo.it10.com.ar\/index.php\/wp-json\/wp\/v2\/media?parent=1191"}],"wp:term":[{"taxonomy":"category","embeddable":true,"href":"http:\/\/fmriachuelo.it10.com.ar\/index.php\/wp-json\/wp\/v2\/categories?post=1191"},{"taxonomy":"post_tag","embeddable":true,"href":"http:\/\/fmriachuelo.it10.com.ar\/index.php\/wp-json\/wp\/v2\/tags?post=1191"}],"curies":[{"name":"wp","href":"https:\/\/api.w.org\/{rel}","templated":true}]}}