{"id":11900,"date":"2020-04-22T13:28:59","date_gmt":"2020-04-22T13:28:59","guid":{"rendered":"http:\/\/fmriachuelo.com.ar\/?p=11900"},"modified":"2020-04-22T13:28:59","modified_gmt":"2020-04-22T13:28:59","slug":"a-un-mes-de-la-cuarentena-reflexiones-del-gringo-castro","status":"publish","type":"post","link":"http:\/\/fmriachuelo.it10.com.ar\/index.php\/2020\/04\/22\/a-un-mes-de-la-cuarentena-reflexiones-del-gringo-castro\/","title":{"rendered":"A UN MES DE LA CUARENTENA, REFLEXIONES DEL GRINGO CASTRO"},"content":{"rendered":"<p><strong><b>[FM Riachuelo 22\/04\/2020]\u00a0<\/b>A un mes de la cuarentena establecida por el decreto 297\/2020, que estipula el distanciamiento social obligatorio, desde Cazadores de Zonceras (martes 20 hs) hablamos con Esteban Gringo Castro, secretario general de la Uni\u00f3n de Trabajadores y Trabajadoras de la Econom\u00eda Popular.<\/strong><\/p>\n<p>En el balance sobre lo que dejan estos 30 d\u00edas, el Gringo considera que la decisi\u00f3n del gobierno est\u00e1 basada en el amor al pueblo y que la gente ha reaccionado con mucha responsabilidad. Sin embargo, lo preocupa la crisis alimentaria: <strong><em>\u201cdesde lo personal es dif\u00edcil quedarse en casa cuando ves a todos tus compa\u00f1eros trabajando y se empieza a notar que faltan alimentos en las ollas populares, ollas que no bajan de 500 familias\u201d<\/em><\/strong><\/p>\n<p><strong><em><img loading=\"lazy\" decoding=\"async\" class=\" wp-image-11903 alignleft\" src=\"http:\/\/fmriachuelo.com.ar\/wp-content\/uploads\/2020\/04\/1.jpg\" alt=\"\" width=\"267\" height=\"149\" \/><\/em><\/strong><\/p>\n<p>Desde la Riachuelo, venimos hablando con compa\u00f1erxs de distintas organizaciones, en distintas partes del pa\u00eds, y los relatos coinciden en dos puntos: por un lado, la falta de recursos y la mezquindad de ciertos sectores; por el otro, la solidaridad como herramienta para sobreponerse a la injusticia. Con respecto a esto dice el Gringo: <strong><em>\u201cse est\u00e1 generando una sociedad que se mira a s\u00ed misma y se involucra a ayudar a otros. Ahora bien, se necesita planificar y tomar decisiones m\u00e1s duras con respecto a la distribuci\u00f3n de los alimentos y el aumento de precios\u201d.<\/em><\/strong><\/p>\n<p>Un aspecto relevante en este mes ha sido la carta del Papa Francisco a los movimientos populares. Sobre este tema nos dijo: <strong><em>\u201cCon respecto a la idea del ingreso universal que plantea el Papa, no es mas que el salario social complementario, que hace tiempo conquistamos. Esto es, nosotros trabajamos, logramos un ingreso desde la econom\u00eda popular, ya que los empresarios no dan trabajo, y ese complemento debe permitir que lleguemos a fin de mes. Esta idea fue muy resistida por aquellos que tambi\u00e9n est\u00e1n subsidiados indirectamente y concentran la econom\u00eda\u201d.<\/em><\/strong><\/p>\n<p>Y agreg\u00f3 <strong><em>\u201cno es casualidad que esta carta fuese en el d\u00eda de Pascuas, ya que el d\u00eda despu\u00e9s de esta pandemia, ser\u00e1 como la resurrecci\u00f3n, vamos a seguir peleando y tenemos que pensar un mundo distinto. Los movimientos populares ya hemos demostrado alternativas a las situaciones de pobreza y esa alternativa debe ser tenida en cuenta\u201d<\/em><\/strong>.<\/p>\n<p>Por \u00faltimo, le pedimos un mensaje para la militancia, en estos momentos de incertidumbre, a lo que el Gringo respondi\u00f3 <strong><em>\u201ceste es un momento hist\u00f3rico y nuestro pueblo saldr\u00e1 adelante. Son los compa\u00f1eros y las compa\u00f1eras los que enfrentan la pelea en la trinchera en que se contiene\u00a0 a los sectores m\u00e1s vulnerables el pueblo\u201d.<\/em><\/strong><\/p>\n<p><a href=\"https:\/\/ar.radiocut.fm\/audiocut\/a-un-mes-cuarentena-reflexiones-del-gringo-castro\/\">Escucha la entrevista completa<\/a><\/p>\n","protected":false},"excerpt":{"rendered":"<p>[FM Riachuelo 22\/04\/2020]\u00a0A un mes de la cuarentena establecida por el decreto 297\/2020, que estipula el distanciamiento social obligatorio, desde Cazadores de Zonceras (martes 20 hs) hablamos con Esteban Gringo Castro, secretario general de la Uni\u00f3n de Trabajadores y Trabajadoras de la Econom\u00eda Popular. En el balance sobre lo que dejan estos 30 d\u00edas, el [&hellip;]<\/p>\n","protected":false},"author":5,"featured_media":11941,"comment_status":"closed","ping_status":"closed","sticky":false,"template":"","format":"standard","meta":{"_monsterinsights_skip_tracking":false,"_monsterinsights_sitenote_active":false,"_monsterinsights_sitenote_note":"","_monsterinsights_sitenote_category":0,"jnews-multi-image_gallery":[],"jnews_single_post":[],"jnews_primary_category":[],"_joinchat":[],"footnotes":""},"categories":[80,76],"tags":[],"class_list":["post-11900","post","type-post","status-publish","format-standard","has-post-thumbnail","hentry","category-educacion","category-salud-comunitaria"],"_links":{"self":[{"href":"http:\/\/fmriachuelo.it10.com.ar\/index.php\/wp-json\/wp\/v2\/posts\/11900","targetHints":{"allow":["GET"]}}],"collection":[{"href":"http:\/\/fmriachuelo.it10.com.ar\/index.php\/wp-json\/wp\/v2\/posts"}],"about":[{"href":"http:\/\/fmriachuelo.it10.com.ar\/index.php\/wp-json\/wp\/v2\/types\/post"}],"author":[{"embeddable":true,"href":"http:\/\/fmriachuelo.it10.com.ar\/index.php\/wp-json\/wp\/v2\/users\/5"}],"replies":[{"embeddable":true,"href":"http:\/\/fmriachuelo.it10.com.ar\/index.php\/wp-json\/wp\/v2\/comments?post=11900"}],"version-history":[{"count":0,"href":"http:\/\/fmriachuelo.it10.com.ar\/index.php\/wp-json\/wp\/v2\/posts\/11900\/revisions"}],"wp:featuredmedia":[{"embeddable":true,"href":"http:\/\/fmriachuelo.it10.com.ar\/index.php\/wp-json\/"}],"wp:attachment":[{"href":"http:\/\/fmriachuelo.it10.com.ar\/index.php\/wp-json\/wp\/v2\/media?parent=11900"}],"wp:term":[{"taxonomy":"category","embeddable":true,"href":"http:\/\/fmriachuelo.it10.com.ar\/index.php\/wp-json\/wp\/v2\/categories?post=11900"},{"taxonomy":"post_tag","embeddable":true,"href":"http:\/\/fmriachuelo.it10.com.ar\/index.php\/wp-json\/wp\/v2\/tags?post=11900"}],"curies":[{"name":"wp","href":"https:\/\/api.w.org\/{rel}","templated":true}]}}