{"id":11892,"date":"2020-04-22T11:48:24","date_gmt":"2020-04-22T11:48:24","guid":{"rendered":"http:\/\/fmriachuelo.com.ar\/?p=11892"},"modified":"2020-04-22T11:48:24","modified_gmt":"2020-04-22T11:48:24","slug":"coronavirus-en-quilmes-muere-un-trabajador-por-no-poder-cumplir-con-el-distanciamiento","status":"publish","type":"post","link":"http:\/\/fmriachuelo.it10.com.ar\/index.php\/2020\/04\/22\/coronavirus-en-quilmes-muere-un-trabajador-por-no-poder-cumplir-con-el-distanciamiento\/","title":{"rendered":"CORONAVIRUS EN QUILMES: MUERE UN TRABAJADOR POR NEGLIGENCIA DE LA EMPRESA"},"content":{"rendered":"<p><strong><b>[FM Riachuelo 22\/04\/2020] Sucedi\u00f3 en el Frigor\u00edfico Federal, lxs trabajadores ya hab\u00edan denunciado que las condiciones de trabajo no eran seguras. A ra\u00edz de esto hablamos con Carina Maloberti, de ATE-SENASA.<\/b><\/strong><\/p>\n<p>Francisco Galarza, trabajador del SENASA destacado al frigor\u00edfico El Federal de Quilmes, falleci\u00f3 en estos d\u00edas a causa del coronavirus, al ser una persona dentro de los grupos de riesgo, pero vi\u00e9ndose frente a la necesidad de continuar desempe\u00f1ando su actividad laboral para su subsistencia y la de su familia, por lo que no ten\u00eda la posibilidad de realizar el aislamiento preventivo.<br \/>\nCarina Maloberti, secretaria gremial de ATE SENASA, hablo ayer en Rompe el Cerco Informativo (lunes a viernes 18 hs) y nos dijo <em>\u00abdesde el Senasa estamos reclamando participar de la comisi\u00f3n de salud, dado que esto se repite en muchos espacios de trabajo. Se est\u00e1 reclamando al Estado que, si bien la producci\u00f3n de alimentos es esencial, se debe controlar el cumplimiento de los protocolos\u00bb<\/em>, afirm\u00f3 la referente.<br \/>\nExpres\u00f3 tambi\u00e9n la necesidad de que el Estado intervenga en tales situaciones, estatizando empresas si es necesario, en virtud de la seguridad de los trabajadores: <em><strong>\u00abLas condiciones de salubridad en que trabajan los compa\u00f1eros deben estar controladas. Si los grandes empresarios no cumplen con la necesidad de rotar a los trabajadores en turnos cortos, hay que expropiar y entregar el control a los compa\u00f1eros que si van a cumplir con estos cuidados en el trabajo. Los parches en estos momentos no sirven, hay que ir a fondo desde el gobierno para estatizar lo que sea necesario\u00bb<\/strong><\/em>.<\/p>\n<p>Los trabajadores aseguran que hay varios compa\u00f1eros m\u00e1s afectados y que, a pesar de lo sucedido, la empresa la patronal pretende seguir trabajando sin garantizar las medidas de seguridad e higiene necesarias. Por su parte, trabajadores del SENASA lanzaron el siguiente comunicado:<\/p>\n<p style=\"text-align: center\"><em>La familia trabajadora del Senasa sufre hoy la partida del compa\u00f1ero Francisco Galarza, quien desarrollaba sus tareas en el frigor\u00edfico El Federal ubicado en Quilmes, Provincia de Buenos Aires.<\/em><br \/>\n<em> Expresamos nuestras m\u00e1s sinceras condolencias a sus familiares, amigos y compa\u00f1eros. Exigimos en car\u00e1cter de urgente que no solo se convoque a la Mesa de Relaciones Laborales, sino la r\u00e1pida decisi\u00f3n pol\u00edtica de implementar las contrataciones del Registro de Reservistas, terminar con la sobre-explotaci\u00f3n de las y los compa\u00f1eros en tareas esenciales manteniendo el mismo salario por menos horas de trabajo y rotaci\u00f3n del personal, reforzar el presupuesto para nuevas compras de insumos de bioseguridad con participaci\u00f3n del comit\u00e9 mixto para inspecci\u00f3n en Seguridad e Higiene Laboral en todos los sectores, y la inmediata resoluci\u00f3n de actualizaci\u00f3n de tasas y aranceles a las grandes empresas transnacionales de medicamentos y alimentos que siguen lucrando en el comercio exterior con el hambre y la vida del Pueblo Trabajador.<\/em><br \/>\n<em> Si el Ejecutivo Nacional dice estar del lado del Pueblo que m\u00e1s necesita, es HORA de tomar decisiones de fondo para que recuperemos la Soberan\u00eda popular, la Independencia econ\u00f3mica y la Justicia Social, y que dejemos de ser las y los trabajadores los que seguimos dejando la vida por ello.<\/em><br \/>\n<em> SI NO HAY JUSTICIA PARA EL PUEBLO TRABAJADOR, NO HABR\u00c1 PAZ PARA LOS EMPRESARIOS y BANQUEROS QUE LUCRAN CON LA SALUD DEL PUEBLO.<\/em><\/p>\n<p><a href=\"https:\/\/ar.radiocut.fm\/audiocut\/carina-maloberti-queremos-ser-parte-politica-sanitaria\/\">Escucha la entrevista completa<\/a><\/p>\n","protected":false},"excerpt":{"rendered":"<p>[FM Riachuelo 22\/04\/2020] Sucedi\u00f3 en el Frigor\u00edfico Federal, lxs trabajadores ya hab\u00edan denunciado que las condiciones de trabajo no eran seguras. A ra\u00edz de esto hablamos con Carina Maloberti, de ATE-SENASA. Francisco Galarza, trabajador del SENASA destacado al frigor\u00edfico El Federal de Quilmes, falleci\u00f3 en estos d\u00edas a causa del coronavirus, al ser una persona [&hellip;]<\/p>\n","protected":false},"author":5,"featured_media":11893,"comment_status":"closed","ping_status":"closed","sticky":false,"template":"","format":"standard","meta":{"_monsterinsights_skip_tracking":false,"_monsterinsights_sitenote_active":false,"_monsterinsights_sitenote_note":"","_monsterinsights_sitenote_category":0,"jnews-multi-image_gallery":[],"jnews_single_post":[],"jnews_primary_category":[],"_joinchat":[],"footnotes":""},"categories":[109,76,75],"tags":[],"class_list":["post-11892","post","type-post","status-publish","format-standard","has-post-thumbnail","hentry","category-salud","category-salud-comunitaria","category-trabajo"],"_links":{"self":[{"href":"http:\/\/fmriachuelo.it10.com.ar\/index.php\/wp-json\/wp\/v2\/posts\/11892","targetHints":{"allow":["GET"]}}],"collection":[{"href":"http:\/\/fmriachuelo.it10.com.ar\/index.php\/wp-json\/wp\/v2\/posts"}],"about":[{"href":"http:\/\/fmriachuelo.it10.com.ar\/index.php\/wp-json\/wp\/v2\/types\/post"}],"author":[{"embeddable":true,"href":"http:\/\/fmriachuelo.it10.com.ar\/index.php\/wp-json\/wp\/v2\/users\/5"}],"replies":[{"embeddable":true,"href":"http:\/\/fmriachuelo.it10.com.ar\/index.php\/wp-json\/wp\/v2\/comments?post=11892"}],"version-history":[{"count":0,"href":"http:\/\/fmriachuelo.it10.com.ar\/index.php\/wp-json\/wp\/v2\/posts\/11892\/revisions"}],"wp:featuredmedia":[{"embeddable":true,"href":"http:\/\/fmriachuelo.it10.com.ar\/index.php\/wp-json\/"}],"wp:attachment":[{"href":"http:\/\/fmriachuelo.it10.com.ar\/index.php\/wp-json\/wp\/v2\/media?parent=11892"}],"wp:term":[{"taxonomy":"category","embeddable":true,"href":"http:\/\/fmriachuelo.it10.com.ar\/index.php\/wp-json\/wp\/v2\/categories?post=11892"},{"taxonomy":"post_tag","embeddable":true,"href":"http:\/\/fmriachuelo.it10.com.ar\/index.php\/wp-json\/wp\/v2\/tags?post=11892"}],"curies":[{"name":"wp","href":"https:\/\/api.w.org\/{rel}","templated":true}]}}