{"id":11882,"date":"2020-04-20T22:23:57","date_gmt":"2020-04-20T22:23:57","guid":{"rendered":"http:\/\/fmriachuelo.com.ar\/?p=11882"},"modified":"2020-04-20T22:23:57","modified_gmt":"2020-04-20T22:23:57","slug":"adelanto-de-la-columna-deportiva-de-lucas-cabello-en-mateando-en-el-riachuelo","status":"publish","type":"post","link":"http:\/\/fmriachuelo.it10.com.ar\/index.php\/2020\/04\/20\/adelanto-de-la-columna-deportiva-de-lucas-cabello-en-mateando-en-el-riachuelo\/","title":{"rendered":"ADELANTO DE LA COLUMNA DEPORTIVA DE LUCAS CABELLO EN MATEANDO EN EL RIACHUELO"},"content":{"rendered":"<p><strong><b>[FM Riachuelo 20\/04\/2020]<\/b>\u00a0Hoy en Mateando en el Riachuelo (Lunes a Viernes de 10 a 11 horas por FM Riachuelo) entrevistamos a Lucas Cabello, vecino y compa\u00f1ero del barrio de La Boca, para que nos de un adelanto de la columna deportiva que nos va a compartir cada Lunes y Viernes en este programa.<\/strong><\/p>\n<p>Lucas nos coment\u00f3 que para la primera edici\u00f3n de su columna nos va a compartir todas las finales en las que jug\u00f3 como DT el ex futbolista y entrenador de River Marcelo Gallardo y nos dijo \u00abLos viernes vamos a ir adelantando cuales van a ser los partidos del fin de semana, los horarios, qui\u00e9n juega contra qui\u00e9n. Los Lunes vamos hacer un resumen de las fechas, qui\u00e9n gan\u00f3, qui\u00e9n perdi\u00f3, cuantos puntos tienen. Pero como no sabemos cuando vuelve el f\u00fatbol en el mientras tanto voy a ir haciendo especiales como el de Gallardo\u00bb.<\/p>\n<p>&nbsp;<\/p>\n<p><img loading=\"lazy\" decoding=\"async\" class=\"alignnone size-full wp-image-11889\" src=\"http:\/\/fmriachuelo.com.ar\/wp-content\/uploads\/2020\/04\/WhatsApp-Image-2020-04-20-at-9.32.00-PM.jpeg\" alt=\"\" width=\"1032\" height=\"724\" \/><\/p>\n<p>En el transcurso de la entrevista Lucas nos transmit\u00eda su emoci\u00f3n y sus ganas de participar del espacio con la columna, tanto como nosotros y nosotras desde la FM Riachuelo de que forme parte de nuestro equipo de compa\u00f1eros. El Viernes 24\/04 va ser la primera vez que Lucas participe como relator deportivo popular y ante esto experiencia nueva nos expres\u00f3 esto \u00bb Ya desde el primer contacto que tuvimos, estuve esperando esto (&#8230;) Pero yo ya se que igual esto es como una gran familia, es como estar entre casa\u00bb.<\/p>\n<p>Para cerrar la entrevista Lucas invita a los oyentes a escuchar su columna y expres\u00f3 \u00abLe digo a la gente que esta escuchando que se prenda porque van a estar lindos todos los especiales que vamos a estar haciendo, hay mucho material para sacar a la luz \u00bb<\/p>\n<p><a href=\"https:\/\/ar.radiocut.fm\/audiocut\/adelanto-columna-deportiva-lucas-cabello-en-mateando-en-riachuelo\/\">Escucha la entrevista completa<\/a><\/p>\n","protected":false},"excerpt":{"rendered":"<p>[FM Riachuelo 20\/04\/2020]\u00a0Hoy en Mateando en el Riachuelo (Lunes a Viernes de 10 a 11 horas por FM Riachuelo) entrevistamos a Lucas Cabello, vecino y compa\u00f1ero del barrio de La Boca, para que nos de un adelanto de la columna deportiva que nos va a compartir cada Lunes y Viernes en este programa. Lucas nos [&hellip;]<\/p>\n","protected":false},"author":5,"featured_media":11883,"comment_status":"closed","ping_status":"closed","sticky":false,"template":"","format":"standard","meta":{"_monsterinsights_skip_tracking":false,"_monsterinsights_sitenote_active":false,"_monsterinsights_sitenote_note":"","_monsterinsights_sitenote_category":0,"jnews-multi-image_gallery":[],"jnews_single_post":[],"jnews_primary_category":[],"_joinchat":[],"footnotes":""},"categories":[76,77],"tags":[],"class_list":["post-11882","post","type-post","status-publish","format-standard","has-post-thumbnail","hentry","category-salud-comunitaria","category-soberania"],"_links":{"self":[{"href":"http:\/\/fmriachuelo.it10.com.ar\/index.php\/wp-json\/wp\/v2\/posts\/11882","targetHints":{"allow":["GET"]}}],"collection":[{"href":"http:\/\/fmriachuelo.it10.com.ar\/index.php\/wp-json\/wp\/v2\/posts"}],"about":[{"href":"http:\/\/fmriachuelo.it10.com.ar\/index.php\/wp-json\/wp\/v2\/types\/post"}],"author":[{"embeddable":true,"href":"http:\/\/fmriachuelo.it10.com.ar\/index.php\/wp-json\/wp\/v2\/users\/5"}],"replies":[{"embeddable":true,"href":"http:\/\/fmriachuelo.it10.com.ar\/index.php\/wp-json\/wp\/v2\/comments?post=11882"}],"version-history":[{"count":0,"href":"http:\/\/fmriachuelo.it10.com.ar\/index.php\/wp-json\/wp\/v2\/posts\/11882\/revisions"}],"wp:featuredmedia":[{"embeddable":true,"href":"http:\/\/fmriachuelo.it10.com.ar\/index.php\/wp-json\/"}],"wp:attachment":[{"href":"http:\/\/fmriachuelo.it10.com.ar\/index.php\/wp-json\/wp\/v2\/media?parent=11882"}],"wp:term":[{"taxonomy":"category","embeddable":true,"href":"http:\/\/fmriachuelo.it10.com.ar\/index.php\/wp-json\/wp\/v2\/categories?post=11882"},{"taxonomy":"post_tag","embeddable":true,"href":"http:\/\/fmriachuelo.it10.com.ar\/index.php\/wp-json\/wp\/v2\/tags?post=11882"}],"curies":[{"name":"wp","href":"https:\/\/api.w.org\/{rel}","templated":true}]}}